{"id":106569,"date":"2020-02-22T21:35:31","date_gmt":"2020-02-23T00:35:31","guid":{"rendered":"http:\/\/www.hoymercedes.com.ar\/principal\/?p=106569"},"modified":"2020-02-22T21:36:15","modified_gmt":"2020-02-23T00:36:15","slug":"vuelco-en-ruta-5-uno-de-los-ocupantes-fue-derivado-al-dubarry","status":"publish","type":"post","link":"https:\/\/www.hoymercedes.com.ar\/principal\/2020\/02\/22\/vuelco-en-ruta-5-uno-de-los-ocupantes-fue-derivado-al-dubarry\/","title":{"rendered":"Vuelco en Ruta 5: uno de los ocupantes fue derivado al Dubarry"},"content":{"rendered":"\n<p>Tal como inform\u00e1bamos  anteriormente, durante la tarde de este s\u00e1bado se produjo un vuelco sobre en Ruta Nacional N\u00b05. El veh\u00edculo volcado es un utilitario en el que circulaban padre e hijo de la localidad de Mariano Acosta. Ambos ocupantes fueron trasladados al Hospital de Suipacha, para luego ser derivado, uno de ellos, al Hospital Dubarry de Mercedes para estudios de mayor complejidad. <\/p>\n\n\n\n<figure class=\"wp-block-image size-large\"><img loading=\"lazy\" decoding=\"async\" width=\"800\" height=\"534\" data-attachment-id=\"106570\" data-permalink=\"https:\/\/www.hoymercedes.com.ar\/principal\/2020\/02\/22\/vuelco-en-ruta-5-uno-de-los-ocupantes-fue-derivado-al-dubarry\/22-vuelco-r5-1\/#main\" data-orig-file=\"https:\/\/www.hoymercedes.com.ar\/principal\/wp-content\/uploads\/2020\/02\/22-vuelco-R5-1.jpg\" data-orig-size=\"800,534\" data-comments-opened=\"0\" data-image-meta=\"{&quot;aperture&quot;:&quot;0&quot;,&quot;credit&quot;:&quot;&quot;,&quot;camera&quot;:&quot;&quot;,&quot;caption&quot;:&quot;&quot;,&quot;created_timestamp&quot;:&quot;0&quot;,&quot;copyright&quot;:&quot;&quot;,&quot;focal_length&quot;:&quot;0&quot;,&quot;iso&quot;:&quot;0&quot;,&quot;shutter_speed&quot;:&quot;0&quot;,&quot;title&quot;:&quot;&quot;,&quot;orientation&quot;:&quot;0&quot;}\" data-image-title=\"22 vuelco R5 1\" data-image-description=\"\" data-image-caption=\"\" data-large-file=\"https:\/\/www.hoymercedes.com.ar\/principal\/wp-content\/uploads\/2020\/02\/22-vuelco-R5-1.jpg\" src=\"https:\/\/www.hoymercedes.com.ar\/principal\/wp-content\/uploads\/2020\/02\/22-vuelco-R5-1.jpg\" alt=\"\" class=\"wp-image-106570\"\/><\/figure>\n\n\n\n<p>El hecho se registr\u00f3 a la altura del km 125 de la Ruta 5, frente a la Hosteria Aruma de Suipacha, cuando por razones que se desconocen, el conductor de un utilitario Citroen Berlingo, dominio LRE 448, pierde el control del veh\u00edculo derrapando sobre la cinta asf\u00e1ltica y luego de cruzar hacia la mano contraria, vuelca sobre la zona de pr\u00e9stamo, quedando el veh\u00edculo con sus neum\u00e1ticos hacia arriba.<\/p>\n\n\n\n<p>El veh\u00edculo circulaba en sentido Mercedes-Suipacha y era conducido por Diego David Perez de 40 a\u00f1os quien viajaba acompa\u00f1ado por su hijo David de 21 a\u00f1os, ambos residentes en la ciudad de Mariano Acosta. <\/p>\n\n\n\n<p>En el lugar asistieron Bomberos Voluntarios de Suipacha y la ambulancia del SAME de la misma localidad, que trasladaron al conductor y acompa\u00f1ante hacia el Hospital Municipal Esteban Iribarne,desde donde se deriv\u00f3 a David Perez, hijo de quien manejaba, al Hospital Blas L. Dubarry de Mercedes a los fines de efectuar controles de mayor complejidad.<\/p>\n\n\n\n<p>Colaboraci\u00f3n: Jorge Lasala (Suipacha)<\/p>\n","protected":false},"excerpt":{"rendered":"<p>Tal como inform\u00e1bamos anteriormente, durante la tarde de este s\u00e1bado se produjo un vuelco sobre en Ruta Nacional N\u00b05. El &#8230; <a title=\"Vuelco en Ruta 5: uno de los ocupantes fue derivado al Dubarry\" class=\"read-more\" href=\"https:\/\/www.hoymercedes.com.ar\/principal\/2020\/02\/22\/vuelco-en-ruta-5-uno-de-los-ocupantes-fue-derivado-al-dubarry\/\" aria-label=\"Leer m\u00e1s sobre Vuelco en Ruta 5: uno de los ocupantes fue derivado al Dubarry\">Leer m\u00e1s<\/a><\/p>\n","protected":false},"author":1,"featured_media":106570,"comment_status":"closed","ping_status":"open","sticky":false,"template":"","format":"standard","meta":{"_monsterinsights_skip_tracking":false,"_monsterinsights_sitenote_active":false,"_monsterinsights_sitenote_note":"","_monsterinsights_sitenote_category":0,"jetpack_post_was_ever_published":false,"_jetpack_newsletter_access":"","_jetpack_dont_email_post_to_subs":false,"_jetpack_newsletter_tier_id":0,"_jetpack_memberships_contains_paywalled_content":false,"_jetpack_memberships_contains_paid_content":false,"footnotes":"","jetpack_publicize_message":"","jetpack_publicize_feature_enabled":true,"jetpack_social_post_already_shared":true,"jetpack_social_options":{"image_generator_settings":{"template":"highway","default_image_id":0,"font":"","enabled":false},"version":2},"_wpas_customize_per_network":false},"categories":[85],"tags":[538,10395,11469],"class_list":["post-106569","post","type-post","status-publish","format-standard","has-post-thumbnail","hentry","category-policial","tag-ruta-5","tag-siniestro-vial","tag-vuelco","generate-columns","tablet-grid-50","mobile-grid-100","grid-parent","grid-50"],"jetpack_publicize_connections":[],"jetpack_featured_media_url":"https:\/\/www.hoymercedes.com.ar\/principal\/wp-content\/uploads\/2020\/02\/22-vuelco-R5-1.jpg","wps_subtitle":"Siniestro vial","jetpack_sharing_enabled":true,"_links":{"self":[{"href":"https:\/\/www.hoymercedes.com.ar\/principal\/wp-json\/wp\/v2\/posts\/106569","targetHints":{"allow":["GET"]}}],"collection":[{"href":"https:\/\/www.hoymercedes.com.ar\/principal\/wp-json\/wp\/v2\/posts"}],"about":[{"href":"https:\/\/www.hoymercedes.com.ar\/principal\/wp-json\/wp\/v2\/types\/post"}],"author":[{"embeddable":true,"href":"https:\/\/www.hoymercedes.com.ar\/principal\/wp-json\/wp\/v2\/users\/1"}],"replies":[{"embeddable":true,"href":"https:\/\/www.hoymercedes.com.ar\/principal\/wp-json\/wp\/v2\/comments?post=106569"}],"version-history":[{"count":0,"href":"https:\/\/www.hoymercedes.com.ar\/principal\/wp-json\/wp\/v2\/posts\/106569\/revisions"}],"wp:featuredmedia":[{"embeddable":true,"href":"https:\/\/www.hoymercedes.com.ar\/principal\/wp-json\/wp\/v2\/media\/106570"}],"wp:attachment":[{"href":"https:\/\/www.hoymercedes.com.ar\/principal\/wp-json\/wp\/v2\/media?parent=106569"}],"wp:term":[{"taxonomy":"category","embeddable":true,"href":"https:\/\/www.hoymercedes.com.ar\/principal\/wp-json\/wp\/v2\/categories?post=106569"},{"taxonomy":"post_tag","embeddable":true,"href":"https:\/\/www.hoymercedes.com.ar\/principal\/wp-json\/wp\/v2\/tags?post=106569"}],"curies":[{"name":"wp","href":"https:\/\/api.w.org\/{rel}","templated":true}]}}