{"id":10658,"date":"2012-02-01T10:18:00","date_gmt":"2012-02-01T10:18:00","guid":{"rendered":"http:\/\/www.hoymercedes.com.ar\/principal\/?p=10658"},"modified":"2012-02-01T10:18:00","modified_gmt":"2012-02-01T10:18:00","slug":"proyecto-del-gen-fap-sobre-sobreprecios-en-carga-de-telefonia-movil","status":"publish","type":"post","link":"https:\/\/www.hoymercedes.com.ar\/principal\/2012\/02\/01\/proyecto-del-gen-fap-sobre-sobreprecios-en-carga-de-telefonia-movil\/","title":{"rendered":"Proyecto del GEN FAP sobre sobreprecios en carga de telefon\u00eda m\u00f3vil"},"content":{"rendered":"<p>Desde hace mucho tiempo algunos comercios mercedinos empezaron a cobrar un adicional por cada carga de telefon\u00eda m\u00f3vil y en muchos casos tambi\u00e9n para la fija sobre l\u00edneas pre pagar.<\/p>\n<p>Tal situaci\u00f3n despert\u00f3 un debate en torno si correspond\u00eda o no trasladar al cliente de manera directa la tasa de ganancia o si lo que deb\u00edan hacer los comerciantes era pelear con las empresas correspondiente los beneficios que obtenidos.<\/p>\n<p>Sobre el asunto, Jos\u00e9 Lu\u00eds Ramos, del GEN FAP, present\u00f3 el siguiente proyecto en el cual solicita al ejecutivo local tome cartas en el asunto buscando controlar los sobreprecios que los usuarios deben abonar.<\/p>\n<p><em>VISTO:<\/em><\/p>\n<p><em>Que la carga de la telefon\u00eda celular hoy a pasado a ser desde hace un tiempo virtual d\u00e1ndole al usuario una comodidad importante.<\/em><\/p>\n<p><em>CONSIDERANDO:<\/em><\/p>\n<p><em>Que los servicios de comunicaci\u00f3n en la actualidad se han transformado en algo casi indispensable para la vida cotidiana de los ciudadanos.<\/em><\/p>\n<p><em>Que m\u00e1s all\u00e1 de los beneficios del sistema, es imprescindible actuar en defensa precisamente del usuario.<\/em><\/p>\n<p><em>Que se ha hecho costumbre el cobro de $ 1,00 por cada carga que el usuario requiere de cualquier compa\u00f1\u00eda telef\u00f3nica, pero no consta en el tickets.<\/em><\/p>\n<p><em>Que los negocios que prestan estos servicios cobran de las compa\u00f1\u00edas telef\u00f3nicas una comisi\u00f3n por la contraprestaci\u00f3n respectiva.<\/em><\/p>\n<p><em>Que adem\u00e1s suman a la oferta otros productos como lo son el Gran DT o el Veraz.<\/em><\/p>\n<p><em>Que ya hay empresas que est\u00e1n ofertando, el servicio del SUBE, como tambi\u00e9n de una reconocida cadena de servicio de TV.<\/em><\/p>\n<p><em>Que este tipo de servicios son requeridos en la mayor\u00eda de los casos por ciudadanos de menores ingresos econ\u00f3micos, representando este accionar una medida m\u00e1s, inflacionaria; a los bolsillos de los usuarios.<\/em><\/p>\n<p><em>Que por lo antes expuesto, este bloque GEN-FAP, propone el siguiente Proyecto de Resoluci\u00f3n:<\/em><\/p>\n<p><em>Art\u00edculo 1\u00ba: El Honorable Concejo Deliberante de Mercedes, se dirige al Honorable Departamento Ejecutivo, a los efectos de que a trav\u00e9s del organismo que corresponda, se controle el sobreprecio sobre estos servicios y se act\u00fae en consecuencia.<\/em><\/p>\n<p><em>Art\u00edculo 2\u00ba: Los vistos y considerando forman parte de la presente.<\/em><\/p>\n<p><em>Art\u00edculo 3\u00ba: De forma.<\/em><\/p>\n<p><em>Jos\u00e9 Luis Ramos<\/em><\/p>\n<p><em>GEN &#8211; FAP<\/em><\/p>\n","protected":false},"excerpt":{"rendered":"<p>Desde hace mucho tiempo algunos comercios mercedinos empezaron a cobrar un adicional por cada carga de telefon\u00eda m\u00f3vil y en &#8230; <a title=\"Proyecto del GEN FAP sobre sobreprecios en carga de telefon\u00eda m\u00f3vil\" class=\"read-more\" href=\"https:\/\/www.hoymercedes.com.ar\/principal\/2012\/02\/01\/proyecto-del-gen-fap-sobre-sobreprecios-en-carga-de-telefonia-movil\/\" aria-label=\"Leer m\u00e1s sobre Proyecto del GEN FAP sobre sobreprecios en carga de telefon\u00eda m\u00f3vil\">Leer m\u00e1s<\/a><\/p>\n","protected":false},"author":1,"featured_media":0,"comment_status":"open","ping_status":"open","sticky":false,"template":"","format":"standard","meta":{"_monsterinsights_skip_tracking":false,"_monsterinsights_sitenote_active":false,"_monsterinsights_sitenote_note":"","_monsterinsights_sitenote_category":0,"jetpack_post_was_ever_published":false,"_jetpack_newsletter_access":"","_jetpack_dont_email_post_to_subs":false,"_jetpack_newsletter_tier_id":0,"_jetpack_memberships_contains_paywalled_content":false,"_jetpack_memberships_contains_paid_content":false,"footnotes":"","jetpack_publicize_message":"","jetpack_publicize_feature_enabled":true,"jetpack_social_post_already_shared":false,"jetpack_social_options":{"image_generator_settings":{"template":"highway","default_image_id":0,"font":"","enabled":false},"version":2},"_wpas_customize_per_network":false},"categories":[5],"tags":[1831,1830],"class_list":["post-10658","post","type-post","status-publish","format-standard","hentry","category-politica","tag-gen-fap-mercedes","tag-jose-luis-ramos","generate-columns","tablet-grid-50","mobile-grid-100","grid-parent","grid-50"],"jetpack_publicize_connections":[],"jetpack_featured_media_url":"","wps_subtitle":"","jetpack_sharing_enabled":true,"_links":{"self":[{"href":"https:\/\/www.hoymercedes.com.ar\/principal\/wp-json\/wp\/v2\/posts\/10658","targetHints":{"allow":["GET"]}}],"collection":[{"href":"https:\/\/www.hoymercedes.com.ar\/principal\/wp-json\/wp\/v2\/posts"}],"about":[{"href":"https:\/\/www.hoymercedes.com.ar\/principal\/wp-json\/wp\/v2\/types\/post"}],"author":[{"embeddable":true,"href":"https:\/\/www.hoymercedes.com.ar\/principal\/wp-json\/wp\/v2\/users\/1"}],"replies":[{"embeddable":true,"href":"https:\/\/www.hoymercedes.com.ar\/principal\/wp-json\/wp\/v2\/comments?post=10658"}],"version-history":[{"count":0,"href":"https:\/\/www.hoymercedes.com.ar\/principal\/wp-json\/wp\/v2\/posts\/10658\/revisions"}],"wp:attachment":[{"href":"https:\/\/www.hoymercedes.com.ar\/principal\/wp-json\/wp\/v2\/media?parent=10658"}],"wp:term":[{"taxonomy":"category","embeddable":true,"href":"https:\/\/www.hoymercedes.com.ar\/principal\/wp-json\/wp\/v2\/categories?post=10658"},{"taxonomy":"post_tag","embeddable":true,"href":"https:\/\/www.hoymercedes.com.ar\/principal\/wp-json\/wp\/v2\/tags?post=10658"}],"curies":[{"name":"wp","href":"https:\/\/api.w.org\/{rel}","templated":true}]}}