{"id":106603,"date":"2020-02-24T15:45:32","date_gmt":"2020-02-24T18:45:32","guid":{"rendered":"http:\/\/www.hoymercedes.com.ar\/principal\/?p=106603"},"modified":"2020-02-24T15:45:37","modified_gmt":"2020-02-24T18:45:37","slug":"tras-un-domingo-multitudinario-llega-la-ultima-noche-de-carnaval","status":"publish","type":"post","link":"https:\/\/www.hoymercedes.com.ar\/principal\/2020\/02\/24\/tras-un-domingo-multitudinario-llega-la-ultima-noche-de-carnaval\/","title":{"rendered":"Tras un domingo multitudinario llega la \u00faltima noche de carnaval"},"content":{"rendered":"\n<figure class=\"wp-block-image size-large\"><img loading=\"lazy\" decoding=\"async\" width=\"1000\" height=\"667\" data-attachment-id=\"106604\" data-permalink=\"https:\/\/www.hoymercedes.com.ar\/principal\/2020\/02\/24\/tras-un-domingo-multitudinario-llega-la-ultima-noche-de-carnaval\/carnaval2020015\/#main\" data-orig-file=\"https:\/\/www.hoymercedes.com.ar\/principal\/wp-content\/uploads\/2020\/02\/Carnaval2020015.jpg\" data-orig-size=\"1000,667\" data-comments-opened=\"0\" data-image-meta=\"{&quot;aperture&quot;:&quot;0&quot;,&quot;credit&quot;:&quot;&quot;,&quot;camera&quot;:&quot;&quot;,&quot;caption&quot;:&quot;&quot;,&quot;created_timestamp&quot;:&quot;0&quot;,&quot;copyright&quot;:&quot;&quot;,&quot;focal_length&quot;:&quot;0&quot;,&quot;iso&quot;:&quot;0&quot;,&quot;shutter_speed&quot;:&quot;0&quot;,&quot;title&quot;:&quot;&quot;,&quot;orientation&quot;:&quot;0&quot;}\" data-image-title=\"Carnaval2020015\" data-image-description=\"\" data-image-caption=\"\" data-large-file=\"https:\/\/www.hoymercedes.com.ar\/principal\/wp-content\/uploads\/2020\/02\/Carnaval2020015.jpg\" src=\"https:\/\/www.hoymercedes.com.ar\/principal\/wp-content\/uploads\/2020\/02\/Carnaval2020015.jpg\" alt=\"\" class=\"wp-image-106604\"\/><\/figure>\n\n\n\n<p>La tercera noche de los\ncarnavales mercedinos volvi\u00f3 a marcar una asistencia multitudinaria en todos\nlos sectores del recorrido. Las vecinas y vecinos dijeron presente a una de las\nfiestas populares por excelencia en la ciudad. \u201cHa sido otra jornada\nespl\u00e9ndida\u201d dijo el jefe comunal Dr. Juan Ignacio Ustarroz remarcando que \u201ces\nmuy grato ver a los ni\u00f1os y ni\u00f1as jugar, las familias unidas disfrutando de los\nexcelentes espect\u00e1culos. Nos queda una noche m\u00e1s y seguro ser\u00e1 inolvidable\u201d <\/p>\n\n\n\n<figure class=\"wp-block-image size-large\"><img loading=\"lazy\" decoding=\"async\" width=\"1000\" height=\"667\" data-attachment-id=\"106605\" data-permalink=\"https:\/\/www.hoymercedes.com.ar\/principal\/2020\/02\/24\/tras-un-domingo-multitudinario-llega-la-ultima-noche-de-carnaval\/carnaval2020005\/#main\" data-orig-file=\"https:\/\/www.hoymercedes.com.ar\/principal\/wp-content\/uploads\/2020\/02\/Carnaval2020005.jpg\" data-orig-size=\"1000,667\" data-comments-opened=\"0\" data-image-meta=\"{&quot;aperture&quot;:&quot;0&quot;,&quot;credit&quot;:&quot;&quot;,&quot;camera&quot;:&quot;&quot;,&quot;caption&quot;:&quot;&quot;,&quot;created_timestamp&quot;:&quot;0&quot;,&quot;copyright&quot;:&quot;&quot;,&quot;focal_length&quot;:&quot;0&quot;,&quot;iso&quot;:&quot;0&quot;,&quot;shutter_speed&quot;:&quot;0&quot;,&quot;title&quot;:&quot;&quot;,&quot;orientation&quot;:&quot;0&quot;}\" data-image-title=\"Carnaval2020005\" data-image-description=\"\" data-image-caption=\"\" data-large-file=\"https:\/\/www.hoymercedes.com.ar\/principal\/wp-content\/uploads\/2020\/02\/Carnaval2020005.jpg\" src=\"https:\/\/www.hoymercedes.com.ar\/principal\/wp-content\/uploads\/2020\/02\/Carnaval2020005.jpg\" alt=\"\" class=\"wp-image-106605\"\/><\/figure>\n\n\n\n<p>La directora de cultura, Luc\u00eda\nCapaccio, destac\u00f3 que \u201cla tercera noche marc\u00f3 una asistencia impresionante. Nos\npone muy felices porque es un gran mimo a cada murga, comparsa, carroza,\nm\u00e1scara suelta que tanta pasi\u00f3n ponen al espect\u00e1culo y la cultura\u201d y mencion\u00f3\nque \u201cson jornadas de meses de preparaci\u00f3n y mucho trabajo. Simplemente gracias\npor estar presentes y gracias a cada trabajador y cada artista y a nuestra\ncomunidad, por sostener y cuidar esta bella tradici\u00f3n e identidad carnavalesca.\nEllos lo hacen posible\u201d &nbsp;<\/p>\n\n\n\n<figure class=\"wp-block-image size-large\"><img loading=\"lazy\" decoding=\"async\" width=\"1000\" height=\"667\" data-attachment-id=\"106606\" data-permalink=\"https:\/\/www.hoymercedes.com.ar\/principal\/2020\/02\/24\/tras-un-domingo-multitudinario-llega-la-ultima-noche-de-carnaval\/carnaval2020031\/#main\" data-orig-file=\"https:\/\/www.hoymercedes.com.ar\/principal\/wp-content\/uploads\/2020\/02\/Carnaval2020031.jpg\" data-orig-size=\"1000,667\" data-comments-opened=\"0\" data-image-meta=\"{&quot;aperture&quot;:&quot;0&quot;,&quot;credit&quot;:&quot;&quot;,&quot;camera&quot;:&quot;&quot;,&quot;caption&quot;:&quot;&quot;,&quot;created_timestamp&quot;:&quot;0&quot;,&quot;copyright&quot;:&quot;&quot;,&quot;focal_length&quot;:&quot;0&quot;,&quot;iso&quot;:&quot;0&quot;,&quot;shutter_speed&quot;:&quot;0&quot;,&quot;title&quot;:&quot;&quot;,&quot;orientation&quot;:&quot;0&quot;}\" data-image-title=\"Carnaval2020031\" data-image-description=\"\" data-image-caption=\"\" data-large-file=\"https:\/\/www.hoymercedes.com.ar\/principal\/wp-content\/uploads\/2020\/02\/Carnaval2020031.jpg\" src=\"https:\/\/www.hoymercedes.com.ar\/principal\/wp-content\/uploads\/2020\/02\/Carnaval2020031.jpg\" alt=\"\" class=\"wp-image-106606\"\/><\/figure>\n\n\n\n<p>Esta noche de lunes ser\u00e1 la despedida de los carnavales 2020 que cont\u00f3 con novedades, regresos, un comportamiento ejemplar del p\u00fablico y sobre todo mucho color, alegr\u00eda.<\/p>\n\n\n\n<figure class=\"wp-block-image size-large\"><img loading=\"lazy\" decoding=\"async\" width=\"1000\" height=\"667\" data-attachment-id=\"106607\" data-permalink=\"https:\/\/www.hoymercedes.com.ar\/principal\/2020\/02\/24\/tras-un-domingo-multitudinario-llega-la-ultima-noche-de-carnaval\/carnaval2020046\/#main\" data-orig-file=\"https:\/\/www.hoymercedes.com.ar\/principal\/wp-content\/uploads\/2020\/02\/Carnaval2020046.jpg\" data-orig-size=\"1000,667\" data-comments-opened=\"0\" data-image-meta=\"{&quot;aperture&quot;:&quot;0&quot;,&quot;credit&quot;:&quot;&quot;,&quot;camera&quot;:&quot;&quot;,&quot;caption&quot;:&quot;&quot;,&quot;created_timestamp&quot;:&quot;0&quot;,&quot;copyright&quot;:&quot;&quot;,&quot;focal_length&quot;:&quot;0&quot;,&quot;iso&quot;:&quot;0&quot;,&quot;shutter_speed&quot;:&quot;0&quot;,&quot;title&quot;:&quot;&quot;,&quot;orientation&quot;:&quot;0&quot;}\" data-image-title=\"Carnaval2020046\" data-image-description=\"\" data-image-caption=\"\" data-large-file=\"https:\/\/www.hoymercedes.com.ar\/principal\/wp-content\/uploads\/2020\/02\/Carnaval2020046.jpg\" src=\"https:\/\/www.hoymercedes.com.ar\/principal\/wp-content\/uploads\/2020\/02\/Carnaval2020046.jpg\" alt=\"\" class=\"wp-image-106607\"\/><\/figure>\n\n\n\n<p>Fuente: Municipio<\/p>\n","protected":false},"excerpt":{"rendered":"<p>La tercera noche de los carnavales mercedinos volvi\u00f3 a marcar una asistencia multitudinaria en todos los sectores del recorrido. Las &#8230; <a title=\"Tras un domingo multitudinario llega la \u00faltima noche de carnaval\" class=\"read-more\" href=\"https:\/\/www.hoymercedes.com.ar\/principal\/2020\/02\/24\/tras-un-domingo-multitudinario-llega-la-ultima-noche-de-carnaval\/\" aria-label=\"Leer m\u00e1s sobre Tras un domingo multitudinario llega la \u00faltima noche de carnaval\">Leer m\u00e1s<\/a><\/p>\n","protected":false},"author":1,"featured_media":106606,"comment_status":"closed","ping_status":"open","sticky":false,"template":"","format":"standard","meta":{"_monsterinsights_skip_tracking":false,"_monsterinsights_sitenote_active":false,"_monsterinsights_sitenote_note":"","_monsterinsights_sitenote_category":0,"jetpack_post_was_ever_published":false,"_jetpack_newsletter_access":"","_jetpack_dont_email_post_to_subs":false,"_jetpack_newsletter_tier_id":0,"_jetpack_memberships_contains_paywalled_content":false,"_jetpack_memberships_contains_paid_content":false,"footnotes":"","jetpack_publicize_message":"","jetpack_publicize_feature_enabled":true,"jetpack_social_post_already_shared":true,"jetpack_social_options":{"image_generator_settings":{"template":"highway","default_image_id":0,"font":"","enabled":false},"version":2},"_wpas_customize_per_network":false},"categories":[8],"tags":[518,92],"class_list":["post-106603","post","type-post","status-publish","format-standard","has-post-thumbnail","hentry","category-sociedad","tag-carnavales-mercedinos","tag-corsos","generate-columns","tablet-grid-50","mobile-grid-100","grid-parent","grid-50"],"jetpack_publicize_connections":[],"jetpack_featured_media_url":"https:\/\/www.hoymercedes.com.ar\/principal\/wp-content\/uploads\/2020\/02\/Carnaval2020031.jpg","wps_subtitle":"Fiestas Populares","jetpack_sharing_enabled":true,"_links":{"self":[{"href":"https:\/\/www.hoymercedes.com.ar\/principal\/wp-json\/wp\/v2\/posts\/106603","targetHints":{"allow":["GET"]}}],"collection":[{"href":"https:\/\/www.hoymercedes.com.ar\/principal\/wp-json\/wp\/v2\/posts"}],"about":[{"href":"https:\/\/www.hoymercedes.com.ar\/principal\/wp-json\/wp\/v2\/types\/post"}],"author":[{"embeddable":true,"href":"https:\/\/www.hoymercedes.com.ar\/principal\/wp-json\/wp\/v2\/users\/1"}],"replies":[{"embeddable":true,"href":"https:\/\/www.hoymercedes.com.ar\/principal\/wp-json\/wp\/v2\/comments?post=106603"}],"version-history":[{"count":0,"href":"https:\/\/www.hoymercedes.com.ar\/principal\/wp-json\/wp\/v2\/posts\/106603\/revisions"}],"wp:featuredmedia":[{"embeddable":true,"href":"https:\/\/www.hoymercedes.com.ar\/principal\/wp-json\/wp\/v2\/media\/106606"}],"wp:attachment":[{"href":"https:\/\/www.hoymercedes.com.ar\/principal\/wp-json\/wp\/v2\/media?parent=106603"}],"wp:term":[{"taxonomy":"category","embeddable":true,"href":"https:\/\/www.hoymercedes.com.ar\/principal\/wp-json\/wp\/v2\/categories?post=106603"},{"taxonomy":"post_tag","embeddable":true,"href":"https:\/\/www.hoymercedes.com.ar\/principal\/wp-json\/wp\/v2\/tags?post=106603"}],"curies":[{"name":"wp","href":"https:\/\/api.w.org\/{rel}","templated":true}]}}