{"id":10665,"date":"2012-02-01T10:25:04","date_gmt":"2012-02-01T10:25:04","guid":{"rendered":"http:\/\/www.hoymercedes.com.ar\/principal\/?p=10665"},"modified":"2012-02-01T10:25:04","modified_gmt":"2012-02-01T10:25:04","slug":"seria-inminente-el-alejamiento-de-susana-vazquez-de-la-conduccion-del-c-i-c","status":"publish","type":"post","link":"https:\/\/www.hoymercedes.com.ar\/principal\/2012\/02\/01\/seria-inminente-el-alejamiento-de-susana-vazquez-de-la-conduccion-del-c-i-c\/","title":{"rendered":"Seria inminente el alejamiento de Susana V\u00e1zquez de la conducci\u00f3n del C.I.C."},"content":{"rendered":"<p>Si bien al menos hasta las ultimas horas del martes el intendente Carlos Am\u00e9rico Selva no hab\u00eda sostenido nada al respecto, los comentarios que se escuchaban en el Palacio Municipal en torno al alejamiento al frente del Centro Integrador Complementario de calle 10 y 65 fueron creciendo de manera inesperada a tal punto que hasta ya algunos se animaron a mencionar que su reemplazante ser\u00eda la se\u00f1ora Isabel Moles, vinculada hasta el momento con el \u00e1rea de la Secretar\u00eda Privada del Jefe Comunal.<\/p>\n<p>Vale recordar que Susana Bianchi de V\u00e1zquez cumpli\u00f3 a lo largo de los \u00faltimos mandatos del ex jefe comunal Julio C\u00e9sar Gioscio tareas en diferentes lugares importantes como ser el Consejo Escolar y el Concejo Deliberante para durante la\u00a0Gesti\u00f3n del actual mandatario ejercer una coordinaci\u00f3n dentro de Desarrollo Social y luego su actual funci\u00f3n en el C.I.C.<\/p>\n<p>Por otra parte los comentarios que se escuchaban daban cuenta que ya hab\u00eda sido relevada de sus tareas en Privada Isabel Moles con lo cual se reforzaba la idea de su traslado a las dependencias de calles 10 y 65 como m\u00e1ximo responsable del lugar.<\/p>\n","protected":false},"excerpt":{"rendered":"<p>Si bien al menos hasta las ultimas horas del martes el intendente Carlos Am\u00e9rico Selva no hab\u00eda sostenido nada al &#8230; <a title=\"Seria inminente el alejamiento de Susana V\u00e1zquez de la conducci\u00f3n del C.I.C.\" class=\"read-more\" href=\"https:\/\/www.hoymercedes.com.ar\/principal\/2012\/02\/01\/seria-inminente-el-alejamiento-de-susana-vazquez-de-la-conduccion-del-c-i-c\/\" aria-label=\"Leer m\u00e1s sobre Seria inminente el alejamiento de Susana V\u00e1zquez de la conducci\u00f3n del C.I.C.\">Leer m\u00e1s<\/a><\/p>\n","protected":false},"author":1,"featured_media":0,"comment_status":"open","ping_status":"open","sticky":false,"template":"","format":"standard","meta":{"_monsterinsights_skip_tracking":false,"_monsterinsights_sitenote_active":false,"_monsterinsights_sitenote_note":"","_monsterinsights_sitenote_category":0,"jetpack_post_was_ever_published":false,"_jetpack_newsletter_access":"","_jetpack_dont_email_post_to_subs":false,"_jetpack_newsletter_tier_id":0,"_jetpack_memberships_contains_paywalled_content":false,"_jetpack_memberships_contains_paid_content":false,"footnotes":"","jetpack_publicize_message":"","jetpack_publicize_feature_enabled":true,"jetpack_social_post_already_shared":false,"jetpack_social_options":{"image_generator_settings":{"template":"highway","default_image_id":0,"font":"","enabled":false},"version":2},"_wpas_customize_per_network":false},"categories":[5],"tags":[1832],"class_list":["post-10665","post","type-post","status-publish","format-standard","hentry","category-politica","tag-susana-vazquez-mercedes","generate-columns","tablet-grid-50","mobile-grid-100","grid-parent","grid-50"],"jetpack_publicize_connections":[],"jetpack_featured_media_url":"","wps_subtitle":"","jetpack_sharing_enabled":true,"_links":{"self":[{"href":"https:\/\/www.hoymercedes.com.ar\/principal\/wp-json\/wp\/v2\/posts\/10665","targetHints":{"allow":["GET"]}}],"collection":[{"href":"https:\/\/www.hoymercedes.com.ar\/principal\/wp-json\/wp\/v2\/posts"}],"about":[{"href":"https:\/\/www.hoymercedes.com.ar\/principal\/wp-json\/wp\/v2\/types\/post"}],"author":[{"embeddable":true,"href":"https:\/\/www.hoymercedes.com.ar\/principal\/wp-json\/wp\/v2\/users\/1"}],"replies":[{"embeddable":true,"href":"https:\/\/www.hoymercedes.com.ar\/principal\/wp-json\/wp\/v2\/comments?post=10665"}],"version-history":[{"count":0,"href":"https:\/\/www.hoymercedes.com.ar\/principal\/wp-json\/wp\/v2\/posts\/10665\/revisions"}],"wp:attachment":[{"href":"https:\/\/www.hoymercedes.com.ar\/principal\/wp-json\/wp\/v2\/media?parent=10665"}],"wp:term":[{"taxonomy":"category","embeddable":true,"href":"https:\/\/www.hoymercedes.com.ar\/principal\/wp-json\/wp\/v2\/categories?post=10665"},{"taxonomy":"post_tag","embeddable":true,"href":"https:\/\/www.hoymercedes.com.ar\/principal\/wp-json\/wp\/v2\/tags?post=10665"}],"curies":[{"name":"wp","href":"https:\/\/api.w.org\/{rel}","templated":true}]}}