{"id":106657,"date":"2020-02-26T17:31:00","date_gmt":"2020-02-26T20:31:00","guid":{"rendered":"http:\/\/www.hoymercedes.com.ar\/principal\/?p=106657"},"modified":"2020-02-26T18:33:13","modified_gmt":"2020-02-26T21:33:13","slug":"delegacion-local-del-defensor-del-pueblo-bonaerense-salio-a-la-calle-a-10-anos-de-la-institucion","status":"publish","type":"post","link":"https:\/\/www.hoymercedes.com.ar\/principal\/2020\/02\/26\/delegacion-local-del-defensor-del-pueblo-bonaerense-salio-a-la-calle-a-10-anos-de-la-institucion\/","title":{"rendered":"Delegaci\u00f3n local del Defensor del Pueblo bonaerense sali\u00f3 a la calle a 10 a\u00f1os de la instituci\u00f3n"},"content":{"rendered":"\n<p>Durante la ma\u00f1ana de este mi\u00e9rcoles, la delegaci\u00f3n local de la Defensor\u00eda del Pueblo de la provincia de  Buenos Aires, respondi\u00f3 consultas y atendi\u00f3 denuncias en la Plaza San Mart\u00edn. Fueron varias las consultas que realizaban los transe\u00fantes que se acercaban al espacio p\u00fablico, inquietudes que el Delegado local, Fernando Florella atend\u00eda personalmente que de acuerdo a la tem\u00e1tica, eran citados para una mejor atenci\u00f3n en las oficinas de 30, entre 27 y 29. <\/p>\n\n\n\n<figure class=\"wp-block-image size-large\"><img loading=\"lazy\" decoding=\"async\" width=\"800\" height=\"533\" data-attachment-id=\"106659\" data-permalink=\"https:\/\/www.hoymercedes.com.ar\/principal\/2020\/02\/26\/delegacion-local-del-defensor-del-pueblo-bonaerense-salio-a-la-calle-a-10-anos-de-la-institucion\/26-defpueblo2\/#main\" data-orig-file=\"https:\/\/www.hoymercedes.com.ar\/principal\/wp-content\/uploads\/2020\/02\/26-DefPueblo2.jpg\" data-orig-size=\"800,533\" data-comments-opened=\"0\" data-image-meta=\"{&quot;aperture&quot;:&quot;0&quot;,&quot;credit&quot;:&quot;&quot;,&quot;camera&quot;:&quot;&quot;,&quot;caption&quot;:&quot;&quot;,&quot;created_timestamp&quot;:&quot;0&quot;,&quot;copyright&quot;:&quot;&quot;,&quot;focal_length&quot;:&quot;0&quot;,&quot;iso&quot;:&quot;0&quot;,&quot;shutter_speed&quot;:&quot;0&quot;,&quot;title&quot;:&quot;&quot;,&quot;orientation&quot;:&quot;0&quot;}\" data-image-title=\"26 DefPueblo2\" data-image-description=\"\" data-image-caption=\"\" data-large-file=\"https:\/\/www.hoymercedes.com.ar\/principal\/wp-content\/uploads\/2020\/02\/26-DefPueblo2.jpg\" src=\"https:\/\/www.hoymercedes.com.ar\/principal\/wp-content\/uploads\/2020\/02\/26-DefPueblo2.jpg\" alt=\"\" class=\"wp-image-106659\"\/><\/figure>\n\n\n\n<p>\u00abEl actual Defensor del Pueblo de la provincia, Guido Lorenzino, al cumplir los diez a\u00f1os pidi\u00f3 que todas las delegaciones salgamos a la calle a festejar y a visibilizar el organismo con los vecinos las tareas que hacemos. La gente se acerca, plantea dudas y hace preguntas. Para nosotros es importante estar en permanente di\u00e1logo con la gente. Cuanto m\u00e1s demos a conocer los derechos entre la gente, menos vulneraci\u00f3n de ellos habr\u00e1\u00bb, explic\u00f3 Florella. <\/p>\n\n\n\n<p>Asimismo, el abogado a cargo de la delegaci\u00f3n local cont\u00f3 que est\u00e1 creciendo las denuncias contra las Obras Sociales por la no cobertura de prestaciones, adem\u00e1s de asesorar en materia de consumo y son numerosas las consultas de familiares de detenidos e internos del Servicio Penitenciario. \u00abEl l\u00edneas generales, es muy amplio el abanico de derechos que nosotros atendemos. Todos los d\u00edas es algo diferente\u00bb, resalt\u00f3 Fernando Florella. <\/p>\n\n\n\n<p>Cabe destacar que la figura del Defensor del Pueblo se cre\u00f3 en la reforma constitucional de 1994. En la provincia de Buenos Aires se formaliz\u00f3 en 2010, el 25 de febrero, con Carlos Boncatto al frente. con el tiempo la figura de Defensor del Pueblo, y el organismo provincial denominado Defensor\u00eda del Pueblo, fue creciendo creando delegaciones en las distintas localidades de la provincia. Hoy son 42 delegaciones adem\u00e1s de la sede en La Plata. Mercedes fue una de las primeras delegaciones que se abri\u00f3 en 2011. <\/p>\n\n\n\n<figure class=\"wp-block-image size-large\"><img loading=\"lazy\" decoding=\"async\" width=\"800\" height=\"533\" data-attachment-id=\"106658\" data-permalink=\"https:\/\/www.hoymercedes.com.ar\/principal\/2020\/02\/26\/delegacion-local-del-defensor-del-pueblo-bonaerense-salio-a-la-calle-a-10-anos-de-la-institucion\/26-defpueblo1\/#main\" data-orig-file=\"https:\/\/www.hoymercedes.com.ar\/principal\/wp-content\/uploads\/2020\/02\/26-DefPueblo1.jpg\" data-orig-size=\"800,533\" data-comments-opened=\"0\" data-image-meta=\"{&quot;aperture&quot;:&quot;0&quot;,&quot;credit&quot;:&quot;&quot;,&quot;camera&quot;:&quot;&quot;,&quot;caption&quot;:&quot;&quot;,&quot;created_timestamp&quot;:&quot;0&quot;,&quot;copyright&quot;:&quot;&quot;,&quot;focal_length&quot;:&quot;0&quot;,&quot;iso&quot;:&quot;0&quot;,&quot;shutter_speed&quot;:&quot;0&quot;,&quot;title&quot;:&quot;&quot;,&quot;orientation&quot;:&quot;0&quot;}\" data-image-title=\"26 DefPueblo1\" data-image-description=\"\" data-image-caption=\"\" data-large-file=\"https:\/\/www.hoymercedes.com.ar\/principal\/wp-content\/uploads\/2020\/02\/26-DefPueblo1.jpg\" src=\"https:\/\/www.hoymercedes.com.ar\/principal\/wp-content\/uploads\/2020\/02\/26-DefPueblo1.jpg\" alt=\"\" class=\"wp-image-106658\"\/><\/figure>\n\n\n\n<p>El objetivo del organismo es defender a los bonaerenses cuando las acciones del Estado los afectan o directamente cuando la administraci\u00f3n no act\u00faa, adem\u00e1s de promover los derechos de los ciudadanos, son las premisas fundamentales que persigue la Defensor\u00eda del Pueblo de la Provincia. <\/p>\n\n\n\n<p>En esa etapa, la Defensor\u00eda sent\u00f3 las bases de su funcionamiento institucional. Con intervenciones ante problemas con los servicios p\u00fablicos, consumidores y salud, entre otros, el organismo forj\u00f3 una mirada de derechos humanos para resolver los reclamos de los bonaerenses.<\/p>\n\n\n\n<p>Adem\u00e1s de sus actuaciones que abarcan distintas tem\u00e1ticas, entre recomendaciones a organismos oficiales y presentaciones judiciales, los reclamos por servicios p\u00fablicos fueron el 24,2%, y los problemas por el sistema de salud, con el 19,9%, representaron la mayor\u00eda de las quejas, entre las que tambi\u00e9n figuraron con un gran n\u00famero las que tienen que ver con el trabajo y la seguridad social, los asuntos viales, y de consumidores, entre otros.<\/p>\n\n\n\n<p>En el ranking de los organismos m\u00e1s denunciados aparecen el Instituto de Obra M\u00e9dico Asistencial (IOMA), Edesur y ABSA, y al analizar las ciudades desde donde provinieron la mayor\u00eda de las quejas, el podio qued\u00f3 conformado por La Plata, Bah\u00eda Blanca y General Pueyrred\u00f3n.<\/p>\n","protected":false},"excerpt":{"rendered":"<p>Durante la ma\u00f1ana de este mi\u00e9rcoles, la delegaci\u00f3n local de la Defensor\u00eda del Pueblo de la provincia de Buenos Aires, &#8230; <a title=\"Delegaci\u00f3n local del Defensor del Pueblo bonaerense sali\u00f3 a la calle a 10 a\u00f1os de la instituci\u00f3n\" class=\"read-more\" href=\"https:\/\/www.hoymercedes.com.ar\/principal\/2020\/02\/26\/delegacion-local-del-defensor-del-pueblo-bonaerense-salio-a-la-calle-a-10-anos-de-la-institucion\/\" aria-label=\"Leer m\u00e1s sobre Delegaci\u00f3n local del Defensor del Pueblo bonaerense sali\u00f3 a la calle a 10 a\u00f1os de la instituci\u00f3n\">Leer m\u00e1s<\/a><\/p>\n","protected":false},"author":1,"featured_media":106659,"comment_status":"closed","ping_status":"open","sticky":false,"template":"","format":"standard","meta":{"_monsterinsights_skip_tracking":false,"_monsterinsights_sitenote_active":false,"_monsterinsights_sitenote_note":"","_monsterinsights_sitenote_category":0,"jetpack_post_was_ever_published":false,"_jetpack_newsletter_access":"","_jetpack_dont_email_post_to_subs":false,"_jetpack_newsletter_tier_id":0,"_jetpack_memberships_contains_paywalled_content":false,"_jetpack_memberships_contains_paid_content":false,"footnotes":"","jetpack_publicize_message":"","jetpack_publicize_feature_enabled":true,"jetpack_social_post_already_shared":true,"jetpack_social_options":{"image_generator_settings":{"template":"highway","default_image_id":0,"font":"","enabled":false},"version":2},"_wpas_customize_per_network":false},"categories":[8],"tags":[8829,9284,16231],"class_list":["post-106657","post","type-post","status-publish","format-standard","has-post-thumbnail","hentry","category-sociedad","tag-aniversario","tag-defensor-del-pueblo","tag-defensoria","generate-columns","tablet-grid-50","mobile-grid-100","grid-parent","grid-50"],"jetpack_publicize_connections":[],"jetpack_featured_media_url":"https:\/\/www.hoymercedes.com.ar\/principal\/wp-content\/uploads\/2020\/02\/26-DefPueblo2.jpg","wps_subtitle":"En la ma\u00f1ana del mi\u00e9rcoles","jetpack_sharing_enabled":true,"_links":{"self":[{"href":"https:\/\/www.hoymercedes.com.ar\/principal\/wp-json\/wp\/v2\/posts\/106657","targetHints":{"allow":["GET"]}}],"collection":[{"href":"https:\/\/www.hoymercedes.com.ar\/principal\/wp-json\/wp\/v2\/posts"}],"about":[{"href":"https:\/\/www.hoymercedes.com.ar\/principal\/wp-json\/wp\/v2\/types\/post"}],"author":[{"embeddable":true,"href":"https:\/\/www.hoymercedes.com.ar\/principal\/wp-json\/wp\/v2\/users\/1"}],"replies":[{"embeddable":true,"href":"https:\/\/www.hoymercedes.com.ar\/principal\/wp-json\/wp\/v2\/comments?post=106657"}],"version-history":[{"count":0,"href":"https:\/\/www.hoymercedes.com.ar\/principal\/wp-json\/wp\/v2\/posts\/106657\/revisions"}],"wp:featuredmedia":[{"embeddable":true,"href":"https:\/\/www.hoymercedes.com.ar\/principal\/wp-json\/wp\/v2\/media\/106659"}],"wp:attachment":[{"href":"https:\/\/www.hoymercedes.com.ar\/principal\/wp-json\/wp\/v2\/media?parent=106657"}],"wp:term":[{"taxonomy":"category","embeddable":true,"href":"https:\/\/www.hoymercedes.com.ar\/principal\/wp-json\/wp\/v2\/categories?post=106657"},{"taxonomy":"post_tag","embeddable":true,"href":"https:\/\/www.hoymercedes.com.ar\/principal\/wp-json\/wp\/v2\/tags?post=106657"}],"curies":[{"name":"wp","href":"https:\/\/api.w.org\/{rel}","templated":true}]}}