{"id":106673,"date":"2020-02-26T22:00:00","date_gmt":"2020-02-27T01:00:00","guid":{"rendered":"http:\/\/www.hoymercedes.com.ar\/principal\/?p=106673"},"modified":"2020-02-27T09:38:03","modified_gmt":"2020-02-27T12:38:03","slug":"tarjeta-alimentar-realizan-reunion-explicativa-para-comercios-del-rubro-alimenticio","status":"publish","type":"post","link":"https:\/\/www.hoymercedes.com.ar\/principal\/2020\/02\/26\/tarjeta-alimentar-realizan-reunion-explicativa-para-comercios-del-rubro-alimenticio\/","title":{"rendered":"Tarjeta AlimentAR: Realizan reuni\u00f3n explicativa para comercios del rubro alimenticio"},"content":{"rendered":"\n<p>Este jueves 27 de febrero, a las 20:00, en el Teatro Argentino \u201cJulio C\u00e9sar Gioscio\u201d se realizar\u00e1 la reuni\u00f3n explicativa sobre la tarjeta AlimentAR. El encuentro est\u00e1 orientado a los comercios del rubro alimenticio para que m\u00e1s lugares reciban la tarjeta como forma de pago, antes de implementarse y entregarse la tarjeta a los beneficiarios locales. Para dar detalles de la implementaci\u00f3n del programa, se espera la llegada de funcionarios nacionales que explicar\u00e1n el alcance de la tarjeta junto al \u00e1rea de Desarrollo Social Municipal.<\/p>\n\n\n\n<figure class=\"wp-block-image size-large\"><img loading=\"lazy\" decoding=\"async\" width=\"800\" height=\"800\" data-attachment-id=\"106674\" data-permalink=\"https:\/\/www.hoymercedes.com.ar\/principal\/2020\/02\/26\/tarjeta-alimentar-realizan-reunion-explicativa-para-comercios-del-rubro-alimenticio\/tarj-alimentaropy_800x800\/#main\" data-orig-file=\"https:\/\/www.hoymercedes.com.ar\/principal\/wp-content\/uploads\/2020\/02\/Tarj-Alimentaropy_800x800.jpg\" data-orig-size=\"800,800\" data-comments-opened=\"0\" data-image-meta=\"{&quot;aperture&quot;:&quot;0&quot;,&quot;credit&quot;:&quot;&quot;,&quot;camera&quot;:&quot;&quot;,&quot;caption&quot;:&quot;&quot;,&quot;created_timestamp&quot;:&quot;0&quot;,&quot;copyright&quot;:&quot;&quot;,&quot;focal_length&quot;:&quot;0&quot;,&quot;iso&quot;:&quot;0&quot;,&quot;shutter_speed&quot;:&quot;0&quot;,&quot;title&quot;:&quot;&quot;,&quot;orientation&quot;:&quot;0&quot;}\" data-image-title=\"Tarj-Alimentaropy_800x800\" data-image-description=\"\" data-image-caption=\"\" data-large-file=\"https:\/\/www.hoymercedes.com.ar\/principal\/wp-content\/uploads\/2020\/02\/Tarj-Alimentaropy_800x800.jpg\" src=\"https:\/\/www.hoymercedes.com.ar\/principal\/wp-content\/uploads\/2020\/02\/Tarj-Alimentaropy_800x800.jpg\" alt=\"\" class=\"wp-image-106674\"\/><\/figure>\n\n\n\n<p>Cabe destarcar que la Tarjeta AlimentAR es una pol\u00edtica de complemento integral alimentario que no suplanta a la Asignaci\u00f3n Universal por Hijo ni a ninguna pol\u00edtica existente, y su implementaci\u00f3n depende del Ministerio de Desarrollo Social de la Naci\u00f3n, dentro del marco del Plan Argentina contra el Hambre.<\/p>\n\n\n\n<p>Entre las caracter\u00edsticas de esta tarjeta, figura que se recarga el tercer viernes de cada mes (lo hace el Gobierno nacional), que no sirve para extraer dinero en efectivo y que solo puede ser utilizada para la compra de alimentos de la canasta b\u00e1sica, excluyendo bebidas alcoh\u00f3licas.<\/p>\n\n\n\n<p>Sus beneficiarios son personas que cobran la Asignaci\u00f3n Universal por Hijo con hijas e hijos de hasta 6 a\u00f1os inclusive; las embarazadas a partir de los 3 meses que cobren la Asignaci\u00f3n por Embarazo para Protecci\u00f3n Social y a personas con discapacidad que cobren la Asignaci\u00f3n Universal por Hijo, sin l\u00edmite de edad.<\/p>\n\n\n\n<p>Para obtenerla, no es necesario realizar ning\u00fan tr\u00e1mite, sino que se debe tener actualizados los datos de tel\u00e9fono celular y correo electr\u00f3nico, lo que se puede hacer a trav\u00e9s de Mi ANSES, ingresando con su CUIL y Clave de la Seguridad Social, o llamando al 130.<\/p>\n\n\n\n<p>Con esos requisitos cumplidos, a cada beneficiario le llega un SMS o correo electr\u00f3nico con la informaci\u00f3n del d\u00eda y lugar de retiro de la tarjeta, que se entrega por etapas, en cada una de las provincias de Argentina, sin que reemplace ning\u00fan programa existente, sino que se trata de un refuerzo alimentario complementario.<br><\/p>\n","protected":false},"excerpt":{"rendered":"<p>Este jueves 27 de febrero, a las 20:00, en el Teatro Argentino \u201cJulio C\u00e9sar Gioscio\u201d se realizar\u00e1 la reuni\u00f3n explicativa &#8230; <a title=\"Tarjeta AlimentAR: Realizan reuni\u00f3n explicativa para comercios del rubro alimenticio\" class=\"read-more\" href=\"https:\/\/www.hoymercedes.com.ar\/principal\/2020\/02\/26\/tarjeta-alimentar-realizan-reunion-explicativa-para-comercios-del-rubro-alimenticio\/\" aria-label=\"Leer m\u00e1s sobre Tarjeta AlimentAR: Realizan reuni\u00f3n explicativa para comercios del rubro alimenticio\">Leer m\u00e1s<\/a><\/p>\n","protected":false},"author":1,"featured_media":106674,"comment_status":"closed","ping_status":"open","sticky":false,"template":"","format":"standard","meta":{"_monsterinsights_skip_tracking":false,"_monsterinsights_sitenote_active":false,"_monsterinsights_sitenote_note":"","_monsterinsights_sitenote_category":0,"jetpack_post_was_ever_published":false,"_jetpack_newsletter_access":"","_jetpack_dont_email_post_to_subs":false,"_jetpack_newsletter_tier_id":0,"_jetpack_memberships_contains_paywalled_content":false,"_jetpack_memberships_contains_paid_content":false,"footnotes":"","jetpack_publicize_message":"","jetpack_publicize_feature_enabled":true,"jetpack_social_post_already_shared":false,"jetpack_social_options":{"image_generator_settings":{"template":"highway","default_image_id":0,"font":"","enabled":false},"version":2},"_wpas_customize_per_network":false},"categories":[8],"tags":[8656,16196],"class_list":["post-106673","post","type-post","status-publish","format-standard","has-post-thumbnail","hentry","category-sociedad","tag-capacitacion","tag-tarjeta-alimentar","generate-columns","tablet-grid-50","mobile-grid-100","grid-parent","grid-50"],"jetpack_publicize_connections":[],"jetpack_featured_media_url":"https:\/\/www.hoymercedes.com.ar\/principal\/wp-content\/uploads\/2020\/02\/Tarj-Alimentaropy_800x800.jpg","wps_subtitle":"A la hora 20 del jueves 27","jetpack_sharing_enabled":true,"_links":{"self":[{"href":"https:\/\/www.hoymercedes.com.ar\/principal\/wp-json\/wp\/v2\/posts\/106673","targetHints":{"allow":["GET"]}}],"collection":[{"href":"https:\/\/www.hoymercedes.com.ar\/principal\/wp-json\/wp\/v2\/posts"}],"about":[{"href":"https:\/\/www.hoymercedes.com.ar\/principal\/wp-json\/wp\/v2\/types\/post"}],"author":[{"embeddable":true,"href":"https:\/\/www.hoymercedes.com.ar\/principal\/wp-json\/wp\/v2\/users\/1"}],"replies":[{"embeddable":true,"href":"https:\/\/www.hoymercedes.com.ar\/principal\/wp-json\/wp\/v2\/comments?post=106673"}],"version-history":[{"count":0,"href":"https:\/\/www.hoymercedes.com.ar\/principal\/wp-json\/wp\/v2\/posts\/106673\/revisions"}],"wp:featuredmedia":[{"embeddable":true,"href":"https:\/\/www.hoymercedes.com.ar\/principal\/wp-json\/wp\/v2\/media\/106674"}],"wp:attachment":[{"href":"https:\/\/www.hoymercedes.com.ar\/principal\/wp-json\/wp\/v2\/media?parent=106673"}],"wp:term":[{"taxonomy":"category","embeddable":true,"href":"https:\/\/www.hoymercedes.com.ar\/principal\/wp-json\/wp\/v2\/categories?post=106673"},{"taxonomy":"post_tag","embeddable":true,"href":"https:\/\/www.hoymercedes.com.ar\/principal\/wp-json\/wp\/v2\/tags?post=106673"}],"curies":[{"name":"wp","href":"https:\/\/api.w.org\/{rel}","templated":true}]}}