{"id":106686,"date":"2020-02-27T10:19:05","date_gmt":"2020-02-27T13:19:05","guid":{"rendered":"http:\/\/www.hoymercedes.com.ar\/principal\/?p=106686"},"modified":"2020-02-27T10:21:36","modified_gmt":"2020-02-27T13:21:36","slug":"oferta-y-cuarto-intermedio-en-la-paritaria-municipal","status":"publish","type":"post","link":"https:\/\/www.hoymercedes.com.ar\/principal\/2020\/02\/27\/oferta-y-cuarto-intermedio-en-la-paritaria-municipal\/","title":{"rendered":"Oferta y cuarto intermedio en la paritaria municipal"},"content":{"rendered":"\n<p>Durante la tarde del mi\u00e9rcoles se llev\u00f3 adelante una reuni\u00f3n entre los funcionarios municipales y los gremios que representan a los trabajadores comunales. El Ejecutivo present\u00f3 su propuesta, que los gremios est\u00e1n evaluando en distintas asambleas de trabajadores para dar la respuesta el viernes a la hora 10 en una nueva reuni\u00f3n. <\/p>\n\n\n\n<p>A la salida de la reuni\u00f3n, referentes de los gremios, Sindicato de Trabajadores de la Municipalidad de Mercedes y ATE, explicaron y dieron cuenta de la paritaria que originalmente estaba pautada para la ma\u00f1ana, pero que se realiz\u00f3 a la tarde para que est\u00e9 presente el Intendente Ustarroz. <\/p>\n\n\n\n<p>Carlos Rodr\u00edguez, normalizador del STMM, cont\u00f3 que en la misma reuni\u00f3n hubo una oferta y una contra oferta por parte de los gremios. \u00abEstamos m\u00e1s cerca entre las posiciones. Los trabajadores de cada \u00e1rea lo est\u00e1n analizando. El viernes nos volvemos a reunir con los funcionarios para establecer el acta!\u00bb, dijo el representante de la Federaci\u00f3n a cargo del sindicato local hasta que se realicen las nuevas elecciones. <\/p>\n\n\n\n<p>Por su parte, Hugo Bonafina explic\u00f3 que el aumento propuesto por el Ejecutivo es un monto fijo, similar al que se ofrece en estamentos gubernamentales superiores. \u00abLa oferta que recibimos surgi\u00f3 con el reclamo que hicimos desde los gremios. La oferta inicial muy insatisfactoria. Hubo una especie de cuarto intermedio en el que los funcionarios y el Intendente que estaba presente, recalcularon toda la oferta\u00bb, cont\u00f3 el Secretario General de ATE. <\/p>\n\n\n\n<p>La oferta en Mercedes es un poco m\u00e1s de 4100 de pesos como monto fijo para todas las categor\u00edas. Esto es cerca del 50% del salario de la categor\u00eda 1. En marzo y en abril comenzar\u00eda a pagarse como cifra no remunerativa, \u00abo sea, sin descuento\u00bb. En los meses siguientes, esa cifra pasa a ser remunerativo no bonificable que impacta en el aguinaldo, las jubilaciones y en las horas extras. Los jubilados lo cobrar\u00edan a partir de un decreto municipal durante los primeros dos meses. A mitad de a\u00f1o, volver\u00edan a reencontrarse en paritaria para que esas sumas comiencen a incluirse en los b\u00e1sicos. <\/p>\n\n\n\n<p>Por su parte, Evangelina Artaza cont\u00f3 que la oferta insuficiente inicial era un aumento de 1500 pesos para marzo y otra cifra similar en abril. Para pasarlo al b\u00e1sico a partir de mayo, esto es el 5%. Una oferta  inicial que fue rechazada de manera inmediata por parte de los gremios que pidieron 5000 pesos para todos los trabajadores como suma no remunerativa. All\u00ed empezaron las negociaciones que termin\u00f3 en la oferta descripta con anterioridad. <\/p>\n","protected":false},"excerpt":{"rendered":"<p>Durante la tarde del mi\u00e9rcoles se llev\u00f3 adelante una reuni\u00f3n entre los funcionarios municipales y los gremios que representan a &#8230; <a title=\"Oferta y cuarto intermedio en la paritaria municipal\" class=\"read-more\" href=\"https:\/\/www.hoymercedes.com.ar\/principal\/2020\/02\/27\/oferta-y-cuarto-intermedio-en-la-paritaria-municipal\/\" aria-label=\"Leer m\u00e1s sobre Oferta y cuarto intermedio en la paritaria municipal\">Leer m\u00e1s<\/a><\/p>\n","protected":false},"author":1,"featured_media":104840,"comment_status":"closed","ping_status":"open","sticky":false,"template":"","format":"standard","meta":{"_monsterinsights_skip_tracking":false,"_monsterinsights_sitenote_active":false,"_monsterinsights_sitenote_note":"","_monsterinsights_sitenote_category":0,"jetpack_post_was_ever_published":false,"_jetpack_newsletter_access":"","_jetpack_dont_email_post_to_subs":false,"_jetpack_newsletter_tier_id":0,"_jetpack_memberships_contains_paywalled_content":false,"_jetpack_memberships_contains_paid_content":false,"footnotes":"","jetpack_publicize_message":"","jetpack_publicize_feature_enabled":true,"jetpack_social_post_already_shared":true,"jetpack_social_options":{"image_generator_settings":{"template":"highway","default_image_id":0,"font":"","enabled":false},"version":2},"_wpas_customize_per_network":false},"categories":[10563],"tags":[8799,924,2194],"class_list":["post-106686","post","type-post","status-publish","format-standard","has-post-thumbnail","hentry","category-gremios-sindicatos","tag-gremios","tag-municipales","tag-paritarias","generate-columns","tablet-grid-50","mobile-grid-100","grid-parent","grid-50"],"jetpack_publicize_connections":[],"jetpack_featured_media_url":"https:\/\/www.hoymercedes.com.ar\/principal\/wp-content\/uploads\/2020\/01\/07-municipales.jpg","wps_subtitle":"Reuni\u00f3n en la tarde del mi\u00e9rcoles","jetpack_sharing_enabled":true,"_links":{"self":[{"href":"https:\/\/www.hoymercedes.com.ar\/principal\/wp-json\/wp\/v2\/posts\/106686","targetHints":{"allow":["GET"]}}],"collection":[{"href":"https:\/\/www.hoymercedes.com.ar\/principal\/wp-json\/wp\/v2\/posts"}],"about":[{"href":"https:\/\/www.hoymercedes.com.ar\/principal\/wp-json\/wp\/v2\/types\/post"}],"author":[{"embeddable":true,"href":"https:\/\/www.hoymercedes.com.ar\/principal\/wp-json\/wp\/v2\/users\/1"}],"replies":[{"embeddable":true,"href":"https:\/\/www.hoymercedes.com.ar\/principal\/wp-json\/wp\/v2\/comments?post=106686"}],"version-history":[{"count":0,"href":"https:\/\/www.hoymercedes.com.ar\/principal\/wp-json\/wp\/v2\/posts\/106686\/revisions"}],"wp:featuredmedia":[{"embeddable":true,"href":"https:\/\/www.hoymercedes.com.ar\/principal\/wp-json\/wp\/v2\/media\/104840"}],"wp:attachment":[{"href":"https:\/\/www.hoymercedes.com.ar\/principal\/wp-json\/wp\/v2\/media?parent=106686"}],"wp:term":[{"taxonomy":"category","embeddable":true,"href":"https:\/\/www.hoymercedes.com.ar\/principal\/wp-json\/wp\/v2\/categories?post=106686"},{"taxonomy":"post_tag","embeddable":true,"href":"https:\/\/www.hoymercedes.com.ar\/principal\/wp-json\/wp\/v2\/tags?post=106686"}],"curies":[{"name":"wp","href":"https:\/\/api.w.org\/{rel}","templated":true}]}}