{"id":106689,"date":"2020-02-27T12:00:10","date_gmt":"2020-02-27T15:00:10","guid":{"rendered":"http:\/\/www.hoymercedes.com.ar\/principal\/?p=106689"},"modified":"2020-02-27T15:30:49","modified_gmt":"2020-02-27T18:30:49","slug":"la-ufi-3-de-mercedes-investiga-la-muerte-de-braian-toledo","status":"publish","type":"post","link":"https:\/\/www.hoymercedes.com.ar\/principal\/2020\/02\/27\/la-ufi-3-de-mercedes-investiga-la-muerte-de-braian-toledo\/","title":{"rendered":"La UFI 3 de Mercedes investiga la muerte de Braian Toledo"},"content":{"rendered":"\n<p>El siniestro vial en el que falleci\u00f3 el atleta ol\u00edmpico Braian Toledo en Marcos Paz es investigado en la Fiscal\u00eda N\u00b0 3 con asiento en Mercedes. La UFI est\u00e1 en pleno proceso de investigaci\u00f3n, sin embargo trascendi\u00f3 que poco despu\u00e9s de la hora 23 del mi\u00e9rcoles, Toledo en su moto y con casco, impact\u00f3 en un lomo de burro de la Ruta Provincial N\u00b0 40 y calle Monteagudo que el Municipio de Marcos Paz hab\u00eda instalado unos d\u00edas antes. <\/p>\n\n\n\n<p>Asimismo se supo que el atleta ol\u00edmpico no hab\u00eda estado en su ciudad natal a partir de sus entrenamientos para participar en Tokio 2020. Es por eso que se cree que Toledo desconoc\u00eda el nuevo lomo de burro que ser\u00eda m\u00e1s alto de lo normal y que varios cuestionan por instalarse en una v\u00eda provincial por el Municipio. <\/p>\n\n\n\n<p>Ir\u00f3nicamente en la publicaci\u00f3n municipal del 20 de febrero, se anunciaba la instalaci\u00f3n del lomo de burro que \u00abalertar\u00e1 a los conductores para que reduzcan la velocidad y as\u00ed, evitar posibles accidentes\u00bb. Conocida la noticia, el Municipio de Marcos Paz declar\u00f3 72 horas de duelo suspendiendo todas las actividades programadas, lo mismo que las actividades deportivas del fin de semana. <\/p>\n\n\n\n<p>Cabe destacar que al no existir fiscal\u00eda descentralizada en Marcos Paz la investigaci\u00f3n se realiza en nuestra ciudad, cabecera del Departamento Judicial Mercedes. <\/p>\n","protected":false},"excerpt":{"rendered":"<p>El siniestro vial en el que falleci\u00f3 el atleta ol\u00edmpico Braian Toledo en Marcos Paz es investigado en la Fiscal\u00eda &#8230; <a title=\"La UFI 3 de Mercedes investiga la muerte de Braian Toledo\" class=\"read-more\" href=\"https:\/\/www.hoymercedes.com.ar\/principal\/2020\/02\/27\/la-ufi-3-de-mercedes-investiga-la-muerte-de-braian-toledo\/\" aria-label=\"Leer m\u00e1s sobre La UFI 3 de Mercedes investiga la muerte de Braian Toledo\">Leer m\u00e1s<\/a><\/p>\n","protected":false},"author":1,"featured_media":106690,"comment_status":"closed","ping_status":"open","sticky":false,"template":"","format":"standard","meta":{"_monsterinsights_skip_tracking":false,"_monsterinsights_sitenote_active":false,"_monsterinsights_sitenote_note":"","_monsterinsights_sitenote_category":0,"jetpack_post_was_ever_published":false,"_jetpack_newsletter_access":"","_jetpack_dont_email_post_to_subs":false,"_jetpack_newsletter_tier_id":0,"_jetpack_memberships_contains_paywalled_content":false,"_jetpack_memberships_contains_paid_content":false,"footnotes":"","jetpack_publicize_message":"","jetpack_publicize_feature_enabled":true,"jetpack_social_post_already_shared":true,"jetpack_social_options":{"image_generator_settings":{"template":"highway","default_image_id":0,"font":"","enabled":false},"version":2},"_wpas_customize_per_network":false},"categories":[85],"tags":[16235,10689,96,1057,10395],"class_list":["post-106689","post","type-post","status-publish","format-standard","has-post-thumbnail","hentry","category-policial","tag-braian-toledo","tag-marcos-paz","tag-policial-2","tag-regional","tag-siniestro-vial","generate-columns","tablet-grid-50","mobile-grid-100","grid-parent","grid-50"],"jetpack_publicize_connections":[],"jetpack_featured_media_url":"https:\/\/www.hoymercedes.com.ar\/principal\/wp-content\/uploads\/2020\/02\/Braian-Toledo.jpg","wps_subtitle":"Informaci\u00f3n regional","jetpack_sharing_enabled":true,"_links":{"self":[{"href":"https:\/\/www.hoymercedes.com.ar\/principal\/wp-json\/wp\/v2\/posts\/106689","targetHints":{"allow":["GET"]}}],"collection":[{"href":"https:\/\/www.hoymercedes.com.ar\/principal\/wp-json\/wp\/v2\/posts"}],"about":[{"href":"https:\/\/www.hoymercedes.com.ar\/principal\/wp-json\/wp\/v2\/types\/post"}],"author":[{"embeddable":true,"href":"https:\/\/www.hoymercedes.com.ar\/principal\/wp-json\/wp\/v2\/users\/1"}],"replies":[{"embeddable":true,"href":"https:\/\/www.hoymercedes.com.ar\/principal\/wp-json\/wp\/v2\/comments?post=106689"}],"version-history":[{"count":0,"href":"https:\/\/www.hoymercedes.com.ar\/principal\/wp-json\/wp\/v2\/posts\/106689\/revisions"}],"wp:featuredmedia":[{"embeddable":true,"href":"https:\/\/www.hoymercedes.com.ar\/principal\/wp-json\/wp\/v2\/media\/106690"}],"wp:attachment":[{"href":"https:\/\/www.hoymercedes.com.ar\/principal\/wp-json\/wp\/v2\/media?parent=106689"}],"wp:term":[{"taxonomy":"category","embeddable":true,"href":"https:\/\/www.hoymercedes.com.ar\/principal\/wp-json\/wp\/v2\/categories?post=106689"},{"taxonomy":"post_tag","embeddable":true,"href":"https:\/\/www.hoymercedes.com.ar\/principal\/wp-json\/wp\/v2\/tags?post=106689"}],"curies":[{"name":"wp","href":"https:\/\/api.w.org\/{rel}","templated":true}]}}