{"id":106702,"date":"2020-02-27T15:20:00","date_gmt":"2020-02-27T18:20:00","guid":{"rendered":"http:\/\/www.hoymercedes.com.ar\/principal\/?p=106702"},"modified":"2020-02-27T15:21:25","modified_gmt":"2020-02-27T18:21:25","slug":"convocatoria-a-certamen-literario-para-cuentos-poesias-y-ensayos","status":"publish","type":"post","link":"https:\/\/www.hoymercedes.com.ar\/principal\/2020\/02\/27\/convocatoria-a-certamen-literario-para-cuentos-poesias-y-ensayos\/","title":{"rendered":"Convocatoria a certamen literario para cuentos, poes\u00edas y ensayos"},"content":{"rendered":"\n<p>La Sociedad Argentina de Escritores &#8211; SADE &#8211; en Mercedes lanz\u00f3 tres convocatorias literarias para todo el pa\u00eds. La participaci\u00f3n es gratuita y abierta para los escritores y poetas interesados. Las consultas de cada uno de los reglamentos se solicitan v\u00eda correo electr\u00f3nico. <\/p>\n\n\n\n<p>Los tres cert\u00e1menes literarios son: <br>1) Antolog\u00eda 2020 \u00abEncuentros con la vida\u00bb Premio \u00abLuis Can\u00e9\u00bb, vence el 15\/3\/2020<br>2) Tercer Concurso Gran Premio Internacional \u00abJos\u00e9 Hern\u00e1ndez\u00bb a mejores libros publicados y apadrinados por lectores y escritores, vence el\u00a0 30\/3\/2020<br>3) Concurso Ensayos \u00abEscritores de mi Pago\u00bb Gran Premio Nacional \u00abRoberto J. Payr\u00f3\u00bb, vence el 31\/5\/2020. <\/p>\n\n\n\n<p>Las consultas y reglamentos pueden obtenerse por e-mail:\u00a0<a rel=\"noreferrer noopener\" href=\"mailto:sade_mercedes@yahoo.com.ar\" target=\"_blank\">sade_mercedes@yahoo.com.ar<\/a>\u00a0o al WhatsApp 2324 (15) 491354. La oficina de SADE Mercedes se encuentra en Av. 29 N\u00b0 691 y la sede postal en calle 27 N\u00b0 921.\u00a0 <\/p>\n","protected":false},"excerpt":{"rendered":"<p>La Sociedad Argentina de Escritores &#8211; SADE &#8211; en Mercedes lanz\u00f3 tres convocatorias literarias para todo el pa\u00eds. La participaci\u00f3n &#8230; <a title=\"Convocatoria a certamen literario para cuentos, poes\u00edas y ensayos\" class=\"read-more\" href=\"https:\/\/www.hoymercedes.com.ar\/principal\/2020\/02\/27\/convocatoria-a-certamen-literario-para-cuentos-poesias-y-ensayos\/\" aria-label=\"Leer m\u00e1s sobre Convocatoria a certamen literario para cuentos, poes\u00edas y ensayos\">Leer m\u00e1s<\/a><\/p>\n","protected":false},"author":1,"featured_media":62896,"comment_status":"closed","ping_status":"open","sticky":false,"template":"","format":"standard","meta":{"_monsterinsights_skip_tracking":false,"_monsterinsights_sitenote_active":false,"_monsterinsights_sitenote_note":"","_monsterinsights_sitenote_category":0,"jetpack_post_was_ever_published":false,"_jetpack_newsletter_access":"","_jetpack_dont_email_post_to_subs":false,"_jetpack_newsletter_tier_id":0,"_jetpack_memberships_contains_paywalled_content":false,"_jetpack_memberships_contains_paid_content":false,"footnotes":"","jetpack_publicize_message":"","jetpack_publicize_feature_enabled":true,"jetpack_social_post_already_shared":false,"jetpack_social_options":{"image_generator_settings":{"template":"highway","default_image_id":0,"font":"","enabled":false},"version":2},"_wpas_customize_per_network":false},"categories":[104],"tags":[7805,73,8974],"class_list":["post-106702","post","type-post","status-publish","format-standard","has-post-thumbnail","hentry","category-cultura","tag-cultura","tag-literatura","tag-sade","generate-columns","tablet-grid-50","mobile-grid-100","grid-parent","grid-50"],"jetpack_publicize_connections":[],"jetpack_featured_media_url":"https:\/\/www.hoymercedes.com.ar\/principal\/wp-content\/uploads\/2017\/05\/19-SADE-Logo.jpg","wps_subtitle":"Tres cert\u00e1menes","jetpack_sharing_enabled":true,"_links":{"self":[{"href":"https:\/\/www.hoymercedes.com.ar\/principal\/wp-json\/wp\/v2\/posts\/106702","targetHints":{"allow":["GET"]}}],"collection":[{"href":"https:\/\/www.hoymercedes.com.ar\/principal\/wp-json\/wp\/v2\/posts"}],"about":[{"href":"https:\/\/www.hoymercedes.com.ar\/principal\/wp-json\/wp\/v2\/types\/post"}],"author":[{"embeddable":true,"href":"https:\/\/www.hoymercedes.com.ar\/principal\/wp-json\/wp\/v2\/users\/1"}],"replies":[{"embeddable":true,"href":"https:\/\/www.hoymercedes.com.ar\/principal\/wp-json\/wp\/v2\/comments?post=106702"}],"version-history":[{"count":0,"href":"https:\/\/www.hoymercedes.com.ar\/principal\/wp-json\/wp\/v2\/posts\/106702\/revisions"}],"wp:featuredmedia":[{"embeddable":true,"href":"https:\/\/www.hoymercedes.com.ar\/principal\/wp-json\/wp\/v2\/media\/62896"}],"wp:attachment":[{"href":"https:\/\/www.hoymercedes.com.ar\/principal\/wp-json\/wp\/v2\/media?parent=106702"}],"wp:term":[{"taxonomy":"category","embeddable":true,"href":"https:\/\/www.hoymercedes.com.ar\/principal\/wp-json\/wp\/v2\/categories?post=106702"},{"taxonomy":"post_tag","embeddable":true,"href":"https:\/\/www.hoymercedes.com.ar\/principal\/wp-json\/wp\/v2\/tags?post=106702"}],"curies":[{"name":"wp","href":"https:\/\/api.w.org\/{rel}","templated":true}]}}