{"id":106717,"date":"2020-02-27T17:39:17","date_gmt":"2020-02-27T20:39:17","guid":{"rendered":"http:\/\/www.hoymercedes.com.ar\/principal\/?p=106717"},"modified":"2020-02-27T17:43:12","modified_gmt":"2020-02-27T20:43:12","slug":"designacion-de-personal-auxiliar-en-el-consejo-escolar","status":"publish","type":"post","link":"https:\/\/www.hoymercedes.com.ar\/principal\/2020\/02\/27\/designacion-de-personal-auxiliar-en-el-consejo-escolar\/","title":{"rendered":"Designaci\u00f3n de Personal Auxiliar en el Consejo Escolar"},"content":{"rendered":"\n<p>El Consejo Escolar de Mercedes inform\u00f3 a todos los aspirantes a porteros y peones de cocina que el d\u00eda viernes 28 de febrero, 14 horas, se llevar\u00e1 a cabo un Acto P\u00fablico para la cobertura de un cargo del agrupamiento personal de servicio en car\u00e1cter \u00abtemporario transitorio\u00bb y los correspondientes movimientos previos. <\/p>\n\n\n\n<p>Cronograma <br>14:00 horas. Movimientos de Titulares y Temporarios Transitorios (mensualizados)<\/p>\n\n\n\n<p>Una vez finalizados los movimientos se realizar\u00e1 el acto p\u00fablico con listado oficial. <\/p>\n\n\n\n<p>Los interesados deber\u00e1n presentar la documentaci\u00f3n necesaria para realizar los movimientos (s\u00f3lo titulares y mensualizados). <br>&#8211; Cuaderno de actuaci\u00f3n<br>&#8211; DNI y fotocopia del mismo<br>&#8211; COULI (recibo de sueldo)<br>Se recuerda que para realizar movimientos los agentes no deben estar en uso de licencia ni haber hecho movimientos durante el \u00faltimo a\u00f1o. <\/p>\n\n\n\n<p>Para las designaciones: <br>&#8211; Cuaderno de actuaci\u00f3n, en caso que estuviese trabajando. <br>&#8211; DNI y fotocopia del mismo.<br>&#8211; Los aspirantes no deben estar en uso de licencia. <\/p>\n\n\n\n<p>El acto p\u00fablico se realizar\u00e1 en el Consejo Escolar, calle 6 entre 9 y 11. <\/p>\n","protected":false},"excerpt":{"rendered":"<p>El Consejo Escolar de Mercedes inform\u00f3 a todos los aspirantes a porteros y peones de cocina que el d\u00eda viernes &#8230; <a title=\"Designaci\u00f3n de Personal Auxiliar en el Consejo Escolar\" class=\"read-more\" href=\"https:\/\/www.hoymercedes.com.ar\/principal\/2020\/02\/27\/designacion-de-personal-auxiliar-en-el-consejo-escolar\/\" aria-label=\"Leer m\u00e1s sobre Designaci\u00f3n de Personal Auxiliar en el Consejo Escolar\">Leer m\u00e1s<\/a><\/p>\n","protected":false},"author":1,"featured_media":73047,"comment_status":"closed","ping_status":"open","sticky":false,"template":"","format":"standard","meta":{"_monsterinsights_skip_tracking":false,"_monsterinsights_sitenote_active":false,"_monsterinsights_sitenote_note":"","_monsterinsights_sitenote_category":0,"jetpack_post_was_ever_published":false,"_jetpack_newsletter_access":"","_jetpack_dont_email_post_to_subs":false,"_jetpack_newsletter_tier_id":0,"_jetpack_memberships_contains_paywalled_content":false,"_jetpack_memberships_contains_paid_content":false,"footnotes":"","jetpack_publicize_message":"","jetpack_publicize_feature_enabled":true,"jetpack_social_post_already_shared":true,"jetpack_social_options":{"image_generator_settings":{"template":"highway","default_image_id":0,"font":"","enabled":false},"version":2},"_wpas_customize_per_network":false},"categories":[23],"tags":[1380,1317,12711],"class_list":["post-106717","post","type-post","status-publish","format-standard","has-post-thumbnail","hentry","category-educacion","tag-acto-publico","tag-consejo-escolar","tag-personal-auxiliar","generate-columns","tablet-grid-50","mobile-grid-100","grid-parent","grid-50"],"jetpack_publicize_connections":[],"jetpack_featured_media_url":"https:\/\/www.hoymercedes.com.ar\/principal\/wp-content\/uploads\/2018\/02\/28-portero.png","wps_subtitle":"Acto p\u00fablico para el viernes","jetpack_sharing_enabled":true,"_links":{"self":[{"href":"https:\/\/www.hoymercedes.com.ar\/principal\/wp-json\/wp\/v2\/posts\/106717","targetHints":{"allow":["GET"]}}],"collection":[{"href":"https:\/\/www.hoymercedes.com.ar\/principal\/wp-json\/wp\/v2\/posts"}],"about":[{"href":"https:\/\/www.hoymercedes.com.ar\/principal\/wp-json\/wp\/v2\/types\/post"}],"author":[{"embeddable":true,"href":"https:\/\/www.hoymercedes.com.ar\/principal\/wp-json\/wp\/v2\/users\/1"}],"replies":[{"embeddable":true,"href":"https:\/\/www.hoymercedes.com.ar\/principal\/wp-json\/wp\/v2\/comments?post=106717"}],"version-history":[{"count":0,"href":"https:\/\/www.hoymercedes.com.ar\/principal\/wp-json\/wp\/v2\/posts\/106717\/revisions"}],"wp:featuredmedia":[{"embeddable":true,"href":"https:\/\/www.hoymercedes.com.ar\/principal\/wp-json\/wp\/v2\/media\/73047"}],"wp:attachment":[{"href":"https:\/\/www.hoymercedes.com.ar\/principal\/wp-json\/wp\/v2\/media?parent=106717"}],"wp:term":[{"taxonomy":"category","embeddable":true,"href":"https:\/\/www.hoymercedes.com.ar\/principal\/wp-json\/wp\/v2\/categories?post=106717"},{"taxonomy":"post_tag","embeddable":true,"href":"https:\/\/www.hoymercedes.com.ar\/principal\/wp-json\/wp\/v2\/tags?post=106717"}],"curies":[{"name":"wp","href":"https:\/\/api.w.org\/{rel}","templated":true}]}}