{"id":106741,"date":"2020-02-27T22:10:00","date_gmt":"2020-02-28T01:10:00","guid":{"rendered":"http:\/\/www.hoymercedes.com.ar\/principal\/?p=106741"},"modified":"2020-02-28T15:05:27","modified_gmt":"2020-02-28T18:05:27","slug":"llega-el-cine-movil-de-la-provincia-libre-y-gratuito-a-la-trocha","status":"publish","type":"post","link":"https:\/\/www.hoymercedes.com.ar\/principal\/2020\/02\/27\/llega-el-cine-movil-de-la-provincia-libre-y-gratuito-a-la-trocha\/","title":{"rendered":"Llega el \u201cCine M\u00f3vil\u201d de la Provincia, libre y gratuito, a La Trocha"},"content":{"rendered":"\n<figure class=\"wp-block-image size-large\"><img loading=\"lazy\" decoding=\"async\" width=\"1280\" height=\"1280\" data-attachment-id=\"106742\" data-permalink=\"https:\/\/www.hoymercedes.com.ar\/principal\/2020\/02\/27\/llega-el-cine-movil-de-la-provincia-libre-y-gratuito-a-la-trocha\/recreo-cine\/#main\" data-orig-file=\"https:\/\/www.hoymercedes.com.ar\/principal\/wp-content\/uploads\/2020\/02\/recreo-cine.png\" data-orig-size=\"1280,1280\" data-comments-opened=\"0\" data-image-meta=\"{&quot;aperture&quot;:&quot;0&quot;,&quot;credit&quot;:&quot;&quot;,&quot;camera&quot;:&quot;&quot;,&quot;caption&quot;:&quot;&quot;,&quot;created_timestamp&quot;:&quot;0&quot;,&quot;copyright&quot;:&quot;&quot;,&quot;focal_length&quot;:&quot;0&quot;,&quot;iso&quot;:&quot;0&quot;,&quot;shutter_speed&quot;:&quot;0&quot;,&quot;title&quot;:&quot;&quot;,&quot;orientation&quot;:&quot;0&quot;}\" data-image-title=\"recreo-cine\" data-image-description=\"\" data-image-caption=\"\" data-large-file=\"https:\/\/www.hoymercedes.com.ar\/principal\/wp-content\/uploads\/2020\/02\/recreo-cine.png\" src=\"https:\/\/www.hoymercedes.com.ar\/principal\/wp-content\/uploads\/2020\/02\/recreo-cine.png\" alt=\"\" class=\"wp-image-106742\"\/><\/figure>\n\n\n\n<p>Este domingo 1 de marzo, a las 20:00 horas, en el Complejo Cultural la Trocha llega el Cine M\u00f3vil a nuestra ciudad. \u201cEs una linda propuesta para los amantes del cine y quienes deseen pasar un lingo momento\u201d coment\u00f3 Luc\u00eda Capaccio. La actividad es libre y gratuita y se enmarca en el \u201cPrograma Recreo\u201d de la cartera de Turismo de la Provincia de Buenos Aires a cargo de Augusto Costa. <\/p>\n\n\n\n<p>La actividad se erige como un\nnuevo punto de encuentro para los mercedinos que podr\u00e1n disfrutar de manera\nlibre y gratuita de la pel\u00edcula \u201cRosita\u201d de la directora argentina Ver\u00f3nica\nChen. Adem\u00e1s, antes de la proyecci\u00f3n, todos aquellos que concurran podr\u00e1n\ndisfrutar de experiencias de realidad virtual. <\/p>\n\n\n\n<p>El evento se llevar\u00e1 adelante en el galp\u00f3n grande del Complejo Cultural la Trocha. Entrada por calle 40 entre 21 y 23.\u00a0 <\/p>\n\n\n\n<figure class=\"wp-block-embed-youtube wp-block-embed is-type-video is-provider-youtube wp-embed-aspect-16-9 wp-has-aspect-ratio\"><div class=\"wp-block-embed__wrapper\">\n<span class=\"embed-youtube\" style=\"text-align:center; display: block;\"><iframe loading=\"lazy\" class=\"youtube-player\" width=\"1200\" height=\"675\" src=\"https:\/\/www.youtube.com\/embed\/4hti_DLsSPc?version=3&#038;rel=1&#038;showsearch=0&#038;showinfo=1&#038;iv_load_policy=1&#038;fs=1&#038;hl=es-ES&#038;autohide=2&#038;wmode=transparent\" allowfullscreen=\"true\" style=\"border:0;\" sandbox=\"allow-scripts allow-same-origin allow-popups allow-presentation allow-popups-to-escape-sandbox\"><\/iframe><\/span>\n<\/div><\/figure>\n\n\n\n<p>SINOPSIS DEL FILM <\/p>\n\n\n\n<p>La protagonista de Rosita es\nLola, una madre joven y con tres hijos: la m\u00e1s chica es la que le da t\u00edtulo al\nfilm. Ante una situaci\u00f3n personal complicada, Lola acepta la invitaci\u00f3n de su\npadre: mudarse a su casa con los chicos. El conflicto se dar\u00e1 cuando un d\u00eda su\npadre y Rosita desaparezcan sin dejar rastro.<\/p>\n\n\n\n<p>Clasificaci\u00f3n: apta para mayores\nde 13 a\u00f1os con reservas<\/p>\n\n\n\n<p>Actor: Javier Drolas, Sof\u00eda Brito,\nMarcos Montes, Mariana Chaud, Dulce Wagner<\/p>\n\n\n\n<p>Direcci\u00f3n: Ver\u00f3nica Shen<\/p>\n\n\n\n<p>Guion: Ver\u00f3nica Chen<\/p>\n\n\n\n<p>M\u00fasica: Juan Sorrentino<\/p>\n","protected":false},"excerpt":{"rendered":"<p>Este domingo 1 de marzo, a las 20:00 horas, en el Complejo Cultural la Trocha llega el Cine M\u00f3vil a &#8230; <a title=\"Llega el \u201cCine M\u00f3vil\u201d de la Provincia, libre y gratuito, a La Trocha\" class=\"read-more\" href=\"https:\/\/www.hoymercedes.com.ar\/principal\/2020\/02\/27\/llega-el-cine-movil-de-la-provincia-libre-y-gratuito-a-la-trocha\/\" aria-label=\"Leer m\u00e1s sobre Llega el \u201cCine M\u00f3vil\u201d de la Provincia, libre y gratuito, a La Trocha\">Leer m\u00e1s<\/a><\/p>\n","protected":false},"author":1,"featured_media":106742,"comment_status":"closed","ping_status":"open","sticky":false,"template":"","format":"standard","meta":{"_monsterinsights_skip_tracking":false,"_monsterinsights_sitenote_active":false,"_monsterinsights_sitenote_note":"","_monsterinsights_sitenote_category":0,"jetpack_post_was_ever_published":false,"_jetpack_newsletter_access":"","_jetpack_dont_email_post_to_subs":false,"_jetpack_newsletter_tier_id":0,"_jetpack_memberships_contains_paywalled_content":false,"_jetpack_memberships_contains_paid_content":false,"footnotes":"","jetpack_publicize_message":"","jetpack_publicize_feature_enabled":true,"jetpack_social_post_already_shared":true,"jetpack_social_options":{"image_generator_settings":{"template":"highway","default_image_id":0,"font":"","enabled":false},"version":2},"_wpas_customize_per_network":false},"categories":[104],"tags":[10596,7805,6229],"class_list":["post-106741","post","type-post","status-publish","format-standard","has-post-thumbnail","hentry","category-cultura","tag-cine-movil","tag-cultura","tag-la-provincia","generate-columns","tablet-grid-50","mobile-grid-100","grid-parent","grid-50"],"jetpack_publicize_connections":[],"jetpack_featured_media_url":"https:\/\/www.hoymercedes.com.ar\/principal\/wp-content\/uploads\/2020\/02\/recreo-cine.png","wps_subtitle":"Libre y gratuiro","jetpack_sharing_enabled":true,"_links":{"self":[{"href":"https:\/\/www.hoymercedes.com.ar\/principal\/wp-json\/wp\/v2\/posts\/106741","targetHints":{"allow":["GET"]}}],"collection":[{"href":"https:\/\/www.hoymercedes.com.ar\/principal\/wp-json\/wp\/v2\/posts"}],"about":[{"href":"https:\/\/www.hoymercedes.com.ar\/principal\/wp-json\/wp\/v2\/types\/post"}],"author":[{"embeddable":true,"href":"https:\/\/www.hoymercedes.com.ar\/principal\/wp-json\/wp\/v2\/users\/1"}],"replies":[{"embeddable":true,"href":"https:\/\/www.hoymercedes.com.ar\/principal\/wp-json\/wp\/v2\/comments?post=106741"}],"version-history":[{"count":0,"href":"https:\/\/www.hoymercedes.com.ar\/principal\/wp-json\/wp\/v2\/posts\/106741\/revisions"}],"wp:featuredmedia":[{"embeddable":true,"href":"https:\/\/www.hoymercedes.com.ar\/principal\/wp-json\/wp\/v2\/media\/106742"}],"wp:attachment":[{"href":"https:\/\/www.hoymercedes.com.ar\/principal\/wp-json\/wp\/v2\/media?parent=106741"}],"wp:term":[{"taxonomy":"category","embeddable":true,"href":"https:\/\/www.hoymercedes.com.ar\/principal\/wp-json\/wp\/v2\/categories?post=106741"},{"taxonomy":"post_tag","embeddable":true,"href":"https:\/\/www.hoymercedes.com.ar\/principal\/wp-json\/wp\/v2\/tags?post=106741"}],"curies":[{"name":"wp","href":"https:\/\/api.w.org\/{rel}","templated":true}]}}