{"id":106745,"date":"2020-02-28T10:24:13","date_gmt":"2020-02-28T13:24:13","guid":{"rendered":"http:\/\/www.hoymercedes.com.ar\/principal\/?p=106745"},"modified":"2020-02-28T15:04:56","modified_gmt":"2020-02-28T18:04:56","slug":"hcd-quedo-firme-el-veto-parcial-y-la-promulgacion-para-la-venta-de-las-10-ha-para-empresa-alemana","status":"publish","type":"post","link":"https:\/\/www.hoymercedes.com.ar\/principal\/2020\/02\/28\/hcd-quedo-firme-el-veto-parcial-y-la-promulgacion-para-la-venta-de-las-10-ha-para-empresa-alemana\/","title":{"rendered":"HCD: Qued\u00f3 firme el veto parcial y la promulgaci\u00f3n para la venta de las 10 ha para empresa alemana"},"content":{"rendered":"\n<p>Pasada una media hora desde la nueve, dio inicio a sesi\u00f3n extraordinaria del HCD este viernes. El \u00fanico \u00edtem del orden del d\u00eda fue el veto parcial de la ordenanza aprobada el 13 de febrero que autorizaba la venta de las 10 hect\u00e1reas para la empresa Agroenergie One. <\/p>\n\n\n\n<figure class=\"wp-block-image size-large\"><img loading=\"lazy\" decoding=\"async\" width=\"800\" height=\"533\" data-attachment-id=\"106746\" data-permalink=\"https:\/\/www.hoymercedes.com.ar\/principal\/2020\/02\/28\/hcd-quedo-firme-el-veto-parcial-y-la-promulgacion-para-la-venta-de-las-10-ha-para-empresa-alemana\/28-sesion_800x533\/#main\" data-orig-file=\"https:\/\/www.hoymercedes.com.ar\/principal\/wp-content\/uploads\/2020\/02\/28-sesion_800x533.jpeg\" data-orig-size=\"800,533\" data-comments-opened=\"0\" data-image-meta=\"{&quot;aperture&quot;:&quot;0&quot;,&quot;credit&quot;:&quot;&quot;,&quot;camera&quot;:&quot;&quot;,&quot;caption&quot;:&quot;&quot;,&quot;created_timestamp&quot;:&quot;0&quot;,&quot;copyright&quot;:&quot;&quot;,&quot;focal_length&quot;:&quot;0&quot;,&quot;iso&quot;:&quot;0&quot;,&quot;shutter_speed&quot;:&quot;0&quot;,&quot;title&quot;:&quot;&quot;,&quot;orientation&quot;:&quot;0&quot;}\" data-image-title=\"28 sesion_800x533\" data-image-description=\"\" data-image-caption=\"\" data-large-file=\"https:\/\/www.hoymercedes.com.ar\/principal\/wp-content\/uploads\/2020\/02\/28-sesion_800x533.jpeg\" src=\"https:\/\/www.hoymercedes.com.ar\/principal\/wp-content\/uploads\/2020\/02\/28-sesion_800x533.jpeg\" alt=\"\" class=\"wp-image-106746\"\/><\/figure>\n\n\n\n<p>A la hora de pone en consideraci\u00f3n el veto, eran necesarios los dos tercios de los votos para rechazarlo. El bloque Juntos por el Cambio que en la sesi\u00f3n ten\u00edan ocho concejales por la ausencia de Facundo Mozzone fueron quienes rechazaron el veto a tres de los art\u00edculos de la ordenanza. <br> Es as\u00ed que qued\u00f3 firme el veto parcial de la ordenanza.<\/p>\n\n\n\n<p>El acuerdo entre los bloques era que no se expusiera palabra alguna. Sin embargo, la que tom\u00f3 la palabra fue Andrea Bozzini que en la sesi\u00f3n en donde se trabaj\u00f3 la ordenanza estuvo ausente. Afirm\u00f3 que acompa\u00f1aba la postura del Ejecutivo casi en su totalidad.  En su discurso dijo es pertinente tener en claro el uso que se dar\u00e1 del suelo y marc\u00f3 que era necesario que cuando se concrete la venta se ampl\u00ede la documentaci\u00f3n que estar\u00eda faltando. \u00abCuestiones que est\u00e1n comprendida en el esp\u00edritu de la ordenanza del Sector Industrial Planificado\u00bb, agreg\u00f3. <\/p>\n\n\n\n<p>Por su parte, Mariana San Mart\u00edn solicit\u00f3 e ingreso del expediente del Ejecutivo con la ordenanza que hace hincapi\u00e9 en el fondo creado con el ingreso para adquisici\u00f3n de tierras. A la hora de votar, la ordenanza se aprob\u00f3 por unanimidad. <\/p>\n\n\n\n<p>Tengo el agrado de dirigirme a Ud., en mi car\u00e1cter de Intendente Municipal del Partido de Mercedes Bs.As., y en uso de las facultades conferidas por la Ley Org\u00e1nica de las Municipalidades y por la Constituci\u00f3n de la Provincia de Buenos Aires, con el fin de poner a consideraci\u00f3n de ese Cuerpo Legislativo el texto del proyecto de Ordenanza que a continuaci\u00f3n se transcribe: <\/p>\n\n\n\n<p>La \u00faltima ordenanza aprobada expresa:<br> ARTICULO 1\u00aa: DISPONESE la afectaci\u00f3n de los fondos, que este Municipio percibir\u00e1 por el resultado de la compraventa del terreno municipal, cuya nomenclatura catastral es: Circunscripci\u00f3n 2, Secci\u00f3n A, Chacra 1, Parcela 4B, Partida 37.149, por la firma Agroenergie One SA, aprobado por Ordenanza Municipal Nro 8354\/2020. Dicho fondo, tendr\u00e1 como fin espec\u00edfico, el fomento y desarrollo de actividades productivas dentro del territorio municipal, pudiendo ser utilizado para la compra de tierra y el desarrollo de infraestructura que mejore las condiciones de competitividad productiva, prohibi\u00e9ndose su uso para gastos corrientes.<br> ARTICULO 2\u00aa: Comun\u00edquese. Reg\u00edstrese. Dese al Digesto General, cumplido, arch\u00edvese.<\/p>\n","protected":false},"excerpt":{"rendered":"<p>Pasada una media hora desde la nueve, dio inicio a sesi\u00f3n extraordinaria del HCD este viernes. El \u00fanico \u00edtem del &#8230; <a title=\"HCD: Qued\u00f3 firme el veto parcial y la promulgaci\u00f3n para la venta de las 10 ha para empresa alemana\" class=\"read-more\" href=\"https:\/\/www.hoymercedes.com.ar\/principal\/2020\/02\/28\/hcd-quedo-firme-el-veto-parcial-y-la-promulgacion-para-la-venta-de-las-10-ha-para-empresa-alemana\/\" aria-label=\"Leer m\u00e1s sobre HCD: Qued\u00f3 firme el veto parcial y la promulgaci\u00f3n para la venta de las 10 ha para empresa alemana\">Leer m\u00e1s<\/a><\/p>\n","protected":false},"author":1,"featured_media":106746,"comment_status":"closed","ping_status":"open","sticky":false,"template":"","format":"standard","meta":{"_monsterinsights_skip_tracking":false,"_monsterinsights_sitenote_active":false,"_monsterinsights_sitenote_note":"","_monsterinsights_sitenote_category":0,"jetpack_post_was_ever_published":false,"_jetpack_newsletter_access":"","_jetpack_dont_email_post_to_subs":false,"_jetpack_newsletter_tier_id":0,"_jetpack_memberships_contains_paywalled_content":false,"_jetpack_memberships_contains_paid_content":false,"footnotes":"","jetpack_publicize_message":"","jetpack_publicize_feature_enabled":true,"jetpack_social_post_already_shared":true,"jetpack_social_options":{"image_generator_settings":{"template":"highway","default_image_id":0,"font":"","enabled":false},"version":2},"_wpas_customize_per_network":false},"categories":[5],"tags":[16195,15,9653,5319],"class_list":["post-106745","post","type-post","status-publish","format-standard","has-post-thumbnail","hentry","category-politica","tag-agroenergie-one","tag-hcd","tag-ordenanza","tag-politica-2","generate-columns","tablet-grid-50","mobile-grid-100","grid-parent","grid-50"],"jetpack_publicize_connections":[],"jetpack_featured_media_url":"https:\/\/www.hoymercedes.com.ar\/principal\/wp-content\/uploads\/2020\/02\/28-sesion_800x533.jpeg","wps_subtitle":"En horas de la ma\u00f1ama","jetpack_sharing_enabled":true,"_links":{"self":[{"href":"https:\/\/www.hoymercedes.com.ar\/principal\/wp-json\/wp\/v2\/posts\/106745","targetHints":{"allow":["GET"]}}],"collection":[{"href":"https:\/\/www.hoymercedes.com.ar\/principal\/wp-json\/wp\/v2\/posts"}],"about":[{"href":"https:\/\/www.hoymercedes.com.ar\/principal\/wp-json\/wp\/v2\/types\/post"}],"author":[{"embeddable":true,"href":"https:\/\/www.hoymercedes.com.ar\/principal\/wp-json\/wp\/v2\/users\/1"}],"replies":[{"embeddable":true,"href":"https:\/\/www.hoymercedes.com.ar\/principal\/wp-json\/wp\/v2\/comments?post=106745"}],"version-history":[{"count":0,"href":"https:\/\/www.hoymercedes.com.ar\/principal\/wp-json\/wp\/v2\/posts\/106745\/revisions"}],"wp:featuredmedia":[{"embeddable":true,"href":"https:\/\/www.hoymercedes.com.ar\/principal\/wp-json\/wp\/v2\/media\/106746"}],"wp:attachment":[{"href":"https:\/\/www.hoymercedes.com.ar\/principal\/wp-json\/wp\/v2\/media?parent=106745"}],"wp:term":[{"taxonomy":"category","embeddable":true,"href":"https:\/\/www.hoymercedes.com.ar\/principal\/wp-json\/wp\/v2\/categories?post=106745"},{"taxonomy":"post_tag","embeddable":true,"href":"https:\/\/www.hoymercedes.com.ar\/principal\/wp-json\/wp\/v2\/tags?post=106745"}],"curies":[{"name":"wp","href":"https:\/\/api.w.org\/{rel}","templated":true}]}}