{"id":106753,"date":"2020-02-28T11:44:51","date_gmt":"2020-02-28T14:44:51","guid":{"rendered":"http:\/\/www.hoymercedes.com.ar\/principal\/?p=106753"},"modified":"2020-02-28T15:04:26","modified_gmt":"2020-02-28T18:04:26","slug":"confirman-aumento-de-4500-pesos-para-los-municipales","status":"publish","type":"post","link":"https:\/\/www.hoymercedes.com.ar\/principal\/2020\/02\/28\/confirman-aumento-de-4500-pesos-para-los-municipales\/","title":{"rendered":"Confirman aumento de 4500 pesos para los municipales"},"content":{"rendered":"\n<p>Tras la reuni\u00f3n entre funcionarios y sindicatos representantes de los municipales se confirm\u00f3 un incremento de 4500 pesos para los municipales, lo que equivale a un 54,40% de incremento para la categor\u00eda 1. Para los meses de marzo y abril, esta cifra ser\u00e1 no remunerativa, como suma fija. En tanto, para los meses siguientes, mayo y junio, esa cifra pasar\u00e1 a ser remunerativa.<\/p>\n\n\n\n<figure class=\"wp-block-image size-large\"><img loading=\"lazy\" decoding=\"async\" width=\"800\" height=\"600\" data-attachment-id=\"106756\" data-permalink=\"https:\/\/www.hoymercedes.com.ar\/principal\/2020\/02\/28\/confirman-aumento-de-4500-pesos-para-los-municipales\/28-municipales\/#main\" data-orig-file=\"https:\/\/www.hoymercedes.com.ar\/principal\/wp-content\/uploads\/2020\/02\/28-municipales.jpg\" data-orig-size=\"800,600\" data-comments-opened=\"0\" data-image-meta=\"{&quot;aperture&quot;:&quot;0&quot;,&quot;credit&quot;:&quot;&quot;,&quot;camera&quot;:&quot;&quot;,&quot;caption&quot;:&quot;&quot;,&quot;created_timestamp&quot;:&quot;0&quot;,&quot;copyright&quot;:&quot;&quot;,&quot;focal_length&quot;:&quot;0&quot;,&quot;iso&quot;:&quot;0&quot;,&quot;shutter_speed&quot;:&quot;0&quot;,&quot;title&quot;:&quot;&quot;,&quot;orientation&quot;:&quot;0&quot;}\" data-image-title=\"28 municipales\" data-image-description=\"\" data-image-caption=\"\" data-large-file=\"https:\/\/www.hoymercedes.com.ar\/principal\/wp-content\/uploads\/2020\/02\/28-municipales.jpg\" src=\"https:\/\/www.hoymercedes.com.ar\/principal\/wp-content\/uploads\/2020\/02\/28-municipales.jpg\" alt=\"\" class=\"wp-image-106756\"\/><\/figure>\n\n\n\n<p>Ademas, pagar\u00e1n 3000 pesos en caracter de presentismo anual que lo recibir\u00e1n el 20 de marzo<\/p>\n\n\n\n<p>Los jubilados recibir\u00e1n un bono de 4500 pesos hasta que esta cifra pase a ser remunerativa y se refleje en los aportes jubilatorios. Para que cobre los dos primeros meses, el Ejecutivo efectuar\u00e1 un decreto.<\/p>\n\n\n\n<p>Asimismo, anticiparon que volver\u00e1n a reunirse en el mes de julio para la concretar y agregar la suma al b\u00e1sico del trabajador municipal. <\/p>\n\n\n\n<figure class=\"wp-block-image size-large\"><img loading=\"lazy\" decoding=\"async\" width=\"800\" height=\"600\" data-attachment-id=\"106755\" data-permalink=\"https:\/\/www.hoymercedes.com.ar\/principal\/2020\/02\/28\/confirman-aumento-de-4500-pesos-para-los-municipales\/28-municipales-x600\/#main\" data-orig-file=\"https:\/\/www.hoymercedes.com.ar\/principal\/wp-content\/uploads\/2020\/02\/28-municipales-x600.jpg\" data-orig-size=\"800,600\" data-comments-opened=\"0\" data-image-meta=\"{&quot;aperture&quot;:&quot;0&quot;,&quot;credit&quot;:&quot;&quot;,&quot;camera&quot;:&quot;&quot;,&quot;caption&quot;:&quot;&quot;,&quot;created_timestamp&quot;:&quot;0&quot;,&quot;copyright&quot;:&quot;&quot;,&quot;focal_length&quot;:&quot;0&quot;,&quot;iso&quot;:&quot;0&quot;,&quot;shutter_speed&quot;:&quot;0&quot;,&quot;title&quot;:&quot;&quot;,&quot;orientation&quot;:&quot;0&quot;}\" data-image-title=\"28 municipales x600\" data-image-description=\"\" data-image-caption=\"\" data-large-file=\"https:\/\/www.hoymercedes.com.ar\/principal\/wp-content\/uploads\/2020\/02\/28-municipales-x600.jpg\" src=\"https:\/\/www.hoymercedes.com.ar\/principal\/wp-content\/uploads\/2020\/02\/28-municipales-x600.jpg\" alt=\"\" class=\"wp-image-106755\"\/><figcaption>Los jubilados municipales durante la reuni\u00f3n paritaria<\/figcaption><\/figure>\n\n\n\n<p>A trav\u00e9s de conferencia de prensa se confirm\u00f3 el acuerdo y la firma del acta tras las negociaciones paritarias. Ante los medios, hablaron el Jefe Comunal Juan Ignacio Ustarroz, el normalizador del STMM, Carlos Rodr\u00edguez, Evangelina Artaza del mismo sindicato y Hugo Bonafina de ATE. <\/p>\n\n\n\n<p>Previamente y durante la reuni\u00f3n paritarias, un grupo de jubilados municipales se manifestaron en la puerta del Palacio Municipal a la espera de los representantes gremiales y el acuerdo arribado. Luego, esos mismos jubilados ingresaron a la conferencia de prensa.<\/p>\n\n\n\n<figure class=\"wp-block-image size-large\"><img loading=\"lazy\" decoding=\"async\" width=\"800\" height=\"600\" data-attachment-id=\"106754\" data-permalink=\"https:\/\/www.hoymercedes.com.ar\/principal\/2020\/02\/28\/confirman-aumento-de-4500-pesos-para-los-municipales\/28-municipales-800x600\/#main\" data-orig-file=\"https:\/\/www.hoymercedes.com.ar\/principal\/wp-content\/uploads\/2020\/02\/28-municipales-800x600-1.jpg\" data-orig-size=\"800,600\" data-comments-opened=\"0\" data-image-meta=\"{&quot;aperture&quot;:&quot;0&quot;,&quot;credit&quot;:&quot;&quot;,&quot;camera&quot;:&quot;&quot;,&quot;caption&quot;:&quot;&quot;,&quot;created_timestamp&quot;:&quot;0&quot;,&quot;copyright&quot;:&quot;&quot;,&quot;focal_length&quot;:&quot;0&quot;,&quot;iso&quot;:&quot;0&quot;,&quot;shutter_speed&quot;:&quot;0&quot;,&quot;title&quot;:&quot;&quot;,&quot;orientation&quot;:&quot;0&quot;}\" data-image-title=\"28 municipales 800&amp;#215;600\" data-image-description=\"\" data-image-caption=\"\" data-large-file=\"https:\/\/www.hoymercedes.com.ar\/principal\/wp-content\/uploads\/2020\/02\/28-municipales-800x600-1.jpg\" src=\"https:\/\/www.hoymercedes.com.ar\/principal\/wp-content\/uploads\/2020\/02\/28-municipales-800x600-1.jpg\" alt=\"\" class=\"wp-image-106754\"\/><\/figure>\n","protected":false},"excerpt":{"rendered":"<p>Tras la reuni\u00f3n entre funcionarios y sindicatos representantes de los municipales se confirm\u00f3 un incremento de 4500 pesos para los &#8230; <a title=\"Confirman aumento de 4500 pesos para los municipales\" class=\"read-more\" href=\"https:\/\/www.hoymercedes.com.ar\/principal\/2020\/02\/28\/confirman-aumento-de-4500-pesos-para-los-municipales\/\" aria-label=\"Leer m\u00e1s sobre Confirman aumento de 4500 pesos para los municipales\">Leer m\u00e1s<\/a><\/p>\n","protected":false},"author":1,"featured_media":106754,"comment_status":"closed","ping_status":"open","sticky":false,"template":"","format":"standard","meta":{"_monsterinsights_skip_tracking":false,"_monsterinsights_sitenote_active":false,"_monsterinsights_sitenote_note":"","_monsterinsights_sitenote_category":0,"jetpack_post_was_ever_published":false,"_jetpack_newsletter_access":"","_jetpack_dont_email_post_to_subs":false,"_jetpack_newsletter_tier_id":0,"_jetpack_memberships_contains_paywalled_content":false,"_jetpack_memberships_contains_paid_content":false,"footnotes":"","jetpack_publicize_message":"","jetpack_publicize_feature_enabled":true,"jetpack_social_post_already_shared":true,"jetpack_social_options":{"image_generator_settings":{"template":"highway","default_image_id":0,"font":"","enabled":false},"version":2},"_wpas_customize_per_network":false},"categories":[10563],"tags":[8799,924,244,1443],"class_list":["post-106753","post","type-post","status-publish","format-standard","has-post-thumbnail","hentry","category-gremios-sindicatos","tag-gremios","tag-municipales","tag-municipio-2","tag-sindicatos","generate-columns","tablet-grid-50","mobile-grid-100","grid-parent","grid-50"],"jetpack_publicize_connections":[],"jetpack_featured_media_url":"https:\/\/www.hoymercedes.com.ar\/principal\/wp-content\/uploads\/2020\/02\/28-municipales-800x600-1.jpg","wps_subtitle":"Confirmado a trav\u00e9s de conferencia","jetpack_sharing_enabled":true,"_links":{"self":[{"href":"https:\/\/www.hoymercedes.com.ar\/principal\/wp-json\/wp\/v2\/posts\/106753","targetHints":{"allow":["GET"]}}],"collection":[{"href":"https:\/\/www.hoymercedes.com.ar\/principal\/wp-json\/wp\/v2\/posts"}],"about":[{"href":"https:\/\/www.hoymercedes.com.ar\/principal\/wp-json\/wp\/v2\/types\/post"}],"author":[{"embeddable":true,"href":"https:\/\/www.hoymercedes.com.ar\/principal\/wp-json\/wp\/v2\/users\/1"}],"replies":[{"embeddable":true,"href":"https:\/\/www.hoymercedes.com.ar\/principal\/wp-json\/wp\/v2\/comments?post=106753"}],"version-history":[{"count":0,"href":"https:\/\/www.hoymercedes.com.ar\/principal\/wp-json\/wp\/v2\/posts\/106753\/revisions"}],"wp:featuredmedia":[{"embeddable":true,"href":"https:\/\/www.hoymercedes.com.ar\/principal\/wp-json\/wp\/v2\/media\/106754"}],"wp:attachment":[{"href":"https:\/\/www.hoymercedes.com.ar\/principal\/wp-json\/wp\/v2\/media?parent=106753"}],"wp:term":[{"taxonomy":"category","embeddable":true,"href":"https:\/\/www.hoymercedes.com.ar\/principal\/wp-json\/wp\/v2\/categories?post=106753"},{"taxonomy":"post_tag","embeddable":true,"href":"https:\/\/www.hoymercedes.com.ar\/principal\/wp-json\/wp\/v2\/tags?post=106753"}],"curies":[{"name":"wp","href":"https:\/\/api.w.org\/{rel}","templated":true}]}}