{"id":106768,"date":"2020-02-28T15:22:26","date_gmt":"2020-02-28T18:22:26","guid":{"rendered":"http:\/\/www.hoymercedes.com.ar\/principal\/?p=106768"},"modified":"2020-02-28T17:45:27","modified_gmt":"2020-02-28T20:45:27","slug":"historias-minimas-en-las-fotografias-del-movimiento-andres","status":"publish","type":"post","link":"https:\/\/www.hoymercedes.com.ar\/principal\/2020\/02\/28\/historias-minimas-en-las-fotografias-del-movimiento-andres\/","title":{"rendered":"Historias M\u00ednimas en las fotograf\u00edas del Movimiento Andr\u00e9s"},"content":{"rendered":"\n<p>Desde hace un tiempo, un grupo de fot\u00f3grafos est\u00e1 haciendo\narte callejero Mercedes. Son cinco las series que llevan hechas. La \u00faltima que\npuede verse por en las paredes, principalmente, en chapas que cubren construcciones,\nes un proyecto conjunto con escritores locales. <\/p>\n\n\n\n<p>En la serie n\u00famero 5, convocaron a escritores para que produzcan un texto que en la exposici\u00f3n es acompa\u00f1ado de la foto inspiradora. Es as\u00ed que podemos ver en formato de afiches, las fotograf\u00edas y los textos realizados por los fot\u00f3grafos del Movimiento Andr\u00e9s y textos de escritores mercedinos invitados. <\/p>\n\n\n\n<div class=\"wp-block-jetpack-slideshow\" data-effect=\"slide\"><div class=\"wp-block-jetpack-slideshow_container swiper-container\"><ul class=\"wp-block-jetpack-slideshow_swiper-wrapper swiper-wrapper\"><li class=\"wp-block-jetpack-slideshow_slide swiper-slide\"><figure><img loading=\"lazy\" decoding=\"async\" width=\"640\" height=\"360\" alt=\"\" class=\"wp-block-jetpack-slideshow_image wp-image-106769\" data-id=\"106769\" src=\"https:\/\/www.hoymercedes.com.ar\/principal\/wp-content\/uploads\/2020\/02\/22-movimiento-andres-1.jpg\"\/><\/figure><\/li><li class=\"wp-block-jetpack-slideshow_slide swiper-slide\"><figure><img loading=\"lazy\" decoding=\"async\" width=\"640\" height=\"640\" alt=\"\" class=\"wp-block-jetpack-slideshow_image wp-image-106770\" data-id=\"106770\" src=\"https:\/\/www.hoymercedes.com.ar\/principal\/wp-content\/uploads\/2020\/02\/22-movimiento-andres-2.jpg\"\/><\/figure><\/li><li class=\"wp-block-jetpack-slideshow_slide swiper-slide\"><figure><img loading=\"lazy\" decoding=\"async\" width=\"800\" height=\"600\" alt=\"\" class=\"wp-block-jetpack-slideshow_image wp-image-106771\" data-id=\"106771\" src=\"https:\/\/www.hoymercedes.com.ar\/principal\/wp-content\/uploads\/2020\/02\/22-movimiento-andres-3.jpg\"\/><\/figure><\/li><li class=\"wp-block-jetpack-slideshow_slide swiper-slide\"><figure><img loading=\"lazy\" decoding=\"async\" width=\"800\" height=\"600\" alt=\"\" class=\"wp-block-jetpack-slideshow_image wp-image-106772\" data-id=\"106772\" src=\"https:\/\/www.hoymercedes.com.ar\/principal\/wp-content\/uploads\/2020\/02\/22-movimiento-andres-4.jpg\"\/><\/figure><\/li><\/ul><a class=\"wp-block-jetpack-slideshow_button-prev swiper-button-prev swiper-button-white\" role=\"button\"><\/a><a class=\"wp-block-jetpack-slideshow_button-next swiper-button-next swiper-button-white\" role=\"button\"><\/a><a aria-label=\"Pause Slideshow\" class=\"wp-block-jetpack-slideshow_button-pause\" role=\"button\"><\/a><div class=\"wp-block-jetpack-slideshow_pagination swiper-pagination swiper-pagination-white\"><\/div><\/div><\/div>\n","protected":false},"excerpt":{"rendered":"<p>Desde hace un tiempo, un grupo de fot\u00f3grafos est\u00e1 haciendo arte callejero Mercedes. Son cinco las series que llevan hechas. &#8230; <a title=\"Historias M\u00ednimas en las fotograf\u00edas del Movimiento Andr\u00e9s\" class=\"read-more\" href=\"https:\/\/www.hoymercedes.com.ar\/principal\/2020\/02\/28\/historias-minimas-en-las-fotografias-del-movimiento-andres\/\" aria-label=\"Leer m\u00e1s sobre Historias M\u00ednimas en las fotograf\u00edas del Movimiento Andr\u00e9s\">Leer m\u00e1s<\/a><\/p>\n","protected":false},"author":1,"featured_media":106771,"comment_status":"closed","ping_status":"open","sticky":false,"template":"","format":"standard","meta":{"_monsterinsights_skip_tracking":false,"_monsterinsights_sitenote_active":false,"_monsterinsights_sitenote_note":"","_monsterinsights_sitenote_category":0,"jetpack_post_was_ever_published":false,"_jetpack_newsletter_access":"","_jetpack_dont_email_post_to_subs":false,"_jetpack_newsletter_tier_id":0,"_jetpack_memberships_contains_paywalled_content":false,"_jetpack_memberships_contains_paid_content":false,"footnotes":"","jetpack_publicize_message":"","jetpack_publicize_feature_enabled":true,"jetpack_social_post_already_shared":true,"jetpack_social_options":{"image_generator_settings":{"template":"highway","default_image_id":0,"font":"","enabled":false},"version":2},"_wpas_customize_per_network":false},"categories":[104],"tags":[7805,1034,73,16242],"class_list":["post-106768","post","type-post","status-publish","format-standard","has-post-thumbnail","hentry","category-cultura","tag-cultura","tag-fotografia","tag-literatura","tag-streetart","generate-columns","tablet-grid-50","mobile-grid-100","grid-parent","grid-50"],"jetpack_publicize_connections":[],"jetpack_featured_media_url":"https:\/\/www.hoymercedes.com.ar\/principal\/wp-content\/uploads\/2020\/02\/22-movimiento-andres-3.jpg","wps_subtitle":"","jetpack_sharing_enabled":true,"_links":{"self":[{"href":"https:\/\/www.hoymercedes.com.ar\/principal\/wp-json\/wp\/v2\/posts\/106768","targetHints":{"allow":["GET"]}}],"collection":[{"href":"https:\/\/www.hoymercedes.com.ar\/principal\/wp-json\/wp\/v2\/posts"}],"about":[{"href":"https:\/\/www.hoymercedes.com.ar\/principal\/wp-json\/wp\/v2\/types\/post"}],"author":[{"embeddable":true,"href":"https:\/\/www.hoymercedes.com.ar\/principal\/wp-json\/wp\/v2\/users\/1"}],"replies":[{"embeddable":true,"href":"https:\/\/www.hoymercedes.com.ar\/principal\/wp-json\/wp\/v2\/comments?post=106768"}],"version-history":[{"count":0,"href":"https:\/\/www.hoymercedes.com.ar\/principal\/wp-json\/wp\/v2\/posts\/106768\/revisions"}],"wp:featuredmedia":[{"embeddable":true,"href":"https:\/\/www.hoymercedes.com.ar\/principal\/wp-json\/wp\/v2\/media\/106771"}],"wp:attachment":[{"href":"https:\/\/www.hoymercedes.com.ar\/principal\/wp-json\/wp\/v2\/media?parent=106768"}],"wp:term":[{"taxonomy":"category","embeddable":true,"href":"https:\/\/www.hoymercedes.com.ar\/principal\/wp-json\/wp\/v2\/categories?post=106768"},{"taxonomy":"post_tag","embeddable":true,"href":"https:\/\/www.hoymercedes.com.ar\/principal\/wp-json\/wp\/v2\/tags?post=106768"}],"curies":[{"name":"wp","href":"https:\/\/api.w.org\/{rel}","templated":true}]}}