{"id":106781,"date":"2020-02-28T18:02:04","date_gmt":"2020-02-28T21:02:04","guid":{"rendered":"http:\/\/www.hoymercedes.com.ar\/principal\/?p=106781"},"modified":"2020-02-28T18:39:15","modified_gmt":"2020-02-28T21:39:15","slug":"propuesta-salarial-docente-feb-y-udocba-rechazaron-la-oferta-suteba-acepto","status":"publish","type":"post","link":"https:\/\/www.hoymercedes.com.ar\/principal\/2020\/02\/28\/propuesta-salarial-docente-feb-y-udocba-rechazaron-la-oferta-suteba-acepto\/","title":{"rendered":"Propuesta salarial docente: FEB y UDOCBA rechazaron la oferta. SUTEBA acept\u00f3"},"content":{"rendered":"\n<p>El rechazo de la oferta salarial de dos de los gremios que re\u00fane a los docentes de la provincia de Buenos Aires &#8211; FEB y UDOCBA &#8211; se conoci\u00f3 a lo largo de la ma\u00f1ana, as\u00ed como la confirmaci\u00f3n de que pese al descontento por la propuesta no realizar\u00e1n medidas de fuerzas para el inicio de clases. <\/p>\n\n\n\n<p>SUTEBA por su parte, en el plenario de secretarios generales, acept\u00f3 el aumento que alcanzar\u00e1 el 8,9% para marzo y totaliza un 16,66% en junio para el maestro de grado inicial.  <\/p>\n\n\n\n<p>De acuerdo a la informaci\u00f3n publicada por la FEB, la oferta salarial consta de un\u00a0incremento en dos etapas: marzo y junio de 2020.<\/p>\n\n\n\n<ul class=\"wp-block-list\"><li>El\u00a0Salario B\u00e1sico\u00a0de un\u00a0Maestro de Grado\u00a0pasar\u00e1 de $11.821 a $12.767 en marzo y $13.772 en junio.<\/li><li>El\u00a0M\u00f3dulo\u00a0para Profesores de Bolsillo\u00a0pasa de $1971 a $2175 en marzo y $2346 en junio.<\/li><li>El\u00a0Sueldo de Bolsillo\u00a0de un\u00a0Maestro de Grado sin antig\u00fcedad\u00a0pasa de $26.623 a $29.000 en marzo y $31.058 en junio.<\/li><li>El\u00a0Sueldo de Bolsillo\u00a0de un\u00a0Maestro de Grado con 24 a\u00f1os de antig\u00fcedad\u00a0pasa de $35.960 a $39.117 en marzo y $42.003 en junio.<\/li><\/ul>\n\n\n\n<p>Adem\u00e1s, el gobierno de la Provincia se comprometi\u00f3 a\u00a0convocar a la Comisi\u00f3n T\u00e9cnica Salarial en caso que la inflaci\u00f3n supere el incremento otorgado.<\/p>\n\n\n\n<p><\/p>\n","protected":false},"excerpt":{"rendered":"<p>El rechazo de la oferta salarial de dos de los gremios que re\u00fane a los docentes de la provincia de &#8230; <a title=\"Propuesta salarial docente: FEB y UDOCBA rechazaron la oferta. SUTEBA acept\u00f3\" class=\"read-more\" href=\"https:\/\/www.hoymercedes.com.ar\/principal\/2020\/02\/28\/propuesta-salarial-docente-feb-y-udocba-rechazaron-la-oferta-suteba-acepto\/\" aria-label=\"Leer m\u00e1s sobre Propuesta salarial docente: FEB y UDOCBA rechazaron la oferta. SUTEBA acept\u00f3\">Leer m\u00e1s<\/a><\/p>\n","protected":false},"author":1,"featured_media":106782,"comment_status":"closed","ping_status":"open","sticky":false,"template":"","format":"standard","meta":{"_monsterinsights_skip_tracking":false,"_monsterinsights_sitenote_active":false,"_monsterinsights_sitenote_note":"","_monsterinsights_sitenote_category":0,"jetpack_post_was_ever_published":false,"_jetpack_newsletter_access":"","_jetpack_dont_email_post_to_subs":false,"_jetpack_newsletter_tier_id":0,"_jetpack_memberships_contains_paywalled_content":false,"_jetpack_memberships_contains_paid_content":false,"footnotes":"","jetpack_publicize_message":"","jetpack_publicize_feature_enabled":true,"jetpack_social_post_already_shared":true,"jetpack_social_options":{"image_generator_settings":{"template":"highway","default_image_id":0,"font":"","enabled":false},"version":2},"_wpas_customize_per_network":false},"categories":[10563],"tags":[484,47,8799,1803],"class_list":["post-106781","post","type-post","status-publish","format-standard","has-post-thumbnail","hentry","category-gremios-sindicatos","tag-docentes","tag-educacion-2","tag-gremios","tag-provincia","generate-columns","tablet-grid-50","mobile-grid-100","grid-parent","grid-50"],"jetpack_publicize_connections":[],"jetpack_featured_media_url":"https:\/\/www.hoymercedes.com.ar\/principal\/wp-content\/uploads\/2020\/02\/28-docentes-provincia.jpeg","wps_subtitle":"Respuesta de los gremios","jetpack_sharing_enabled":true,"_links":{"self":[{"href":"https:\/\/www.hoymercedes.com.ar\/principal\/wp-json\/wp\/v2\/posts\/106781","targetHints":{"allow":["GET"]}}],"collection":[{"href":"https:\/\/www.hoymercedes.com.ar\/principal\/wp-json\/wp\/v2\/posts"}],"about":[{"href":"https:\/\/www.hoymercedes.com.ar\/principal\/wp-json\/wp\/v2\/types\/post"}],"author":[{"embeddable":true,"href":"https:\/\/www.hoymercedes.com.ar\/principal\/wp-json\/wp\/v2\/users\/1"}],"replies":[{"embeddable":true,"href":"https:\/\/www.hoymercedes.com.ar\/principal\/wp-json\/wp\/v2\/comments?post=106781"}],"version-history":[{"count":0,"href":"https:\/\/www.hoymercedes.com.ar\/principal\/wp-json\/wp\/v2\/posts\/106781\/revisions"}],"wp:featuredmedia":[{"embeddable":true,"href":"https:\/\/www.hoymercedes.com.ar\/principal\/wp-json\/wp\/v2\/media\/106782"}],"wp:attachment":[{"href":"https:\/\/www.hoymercedes.com.ar\/principal\/wp-json\/wp\/v2\/media?parent=106781"}],"wp:term":[{"taxonomy":"category","embeddable":true,"href":"https:\/\/www.hoymercedes.com.ar\/principal\/wp-json\/wp\/v2\/categories?post=106781"},{"taxonomy":"post_tag","embeddable":true,"href":"https:\/\/www.hoymercedes.com.ar\/principal\/wp-json\/wp\/v2\/tags?post=106781"}],"curies":[{"name":"wp","href":"https:\/\/api.w.org\/{rel}","templated":true}]}}