{"id":106785,"date":"2020-02-28T19:30:00","date_gmt":"2020-02-28T22:30:00","guid":{"rendered":"http:\/\/www.hoymercedes.com.ar\/principal\/?p=106785"},"modified":"2020-02-28T20:42:25","modified_gmt":"2020-02-28T23:42:25","slug":"celebraron-los-150-anos-de-la-creacion-del-sistema-de-salud-hospitalario-local","status":"publish","type":"post","link":"https:\/\/www.hoymercedes.com.ar\/principal\/2020\/02\/28\/celebraron-los-150-anos-de-la-creacion-del-sistema-de-salud-hospitalario-local\/","title":{"rendered":"Celebraron los 150 a\u00f1os de la creaci\u00f3n del sistema de salud hospitalario local"},"content":{"rendered":"\n<p>Minutos antes del mediod\u00eda de este viernes, en el Hospital Blas L. Dubarry se celebraron los 150 a\u00f1os de la creaci\u00f3n del sistema de Salud Hospitalario en Mercedes cumplido el pasado 24 de febrero. En el hall del nosocomio de calle 12, el Dr. Pablo Cassiani, Director Ejecutivo del Dubarry, anunci\u00f3 una serie de actividades que realizar\u00e1n a lo largo del a\u00f1o. <\/p>\n\n\n\n<figure class=\"wp-block-image size-large\"><img loading=\"lazy\" decoding=\"async\" width=\"800\" height=\"533\" data-attachment-id=\"106786\" data-permalink=\"https:\/\/www.hoymercedes.com.ar\/principal\/2020\/02\/28\/celebraron-los-150-anos-de-la-creacion-del-sistema-de-salud-hospitalario-local\/28-cassiani-hospital\/#main\" data-orig-file=\"https:\/\/www.hoymercedes.com.ar\/principal\/wp-content\/uploads\/2020\/02\/28-Cassiani.Hospital.jpg\" data-orig-size=\"800,533\" data-comments-opened=\"0\" data-image-meta=\"{&quot;aperture&quot;:&quot;0&quot;,&quot;credit&quot;:&quot;&quot;,&quot;camera&quot;:&quot;&quot;,&quot;caption&quot;:&quot;&quot;,&quot;created_timestamp&quot;:&quot;0&quot;,&quot;copyright&quot;:&quot;&quot;,&quot;focal_length&quot;:&quot;0&quot;,&quot;iso&quot;:&quot;0&quot;,&quot;shutter_speed&quot;:&quot;0&quot;,&quot;title&quot;:&quot;&quot;,&quot;orientation&quot;:&quot;0&quot;}\" data-image-title=\"28 Cassiani.Hospital\" data-image-description=\"\" data-image-caption=\"\" data-large-file=\"https:\/\/www.hoymercedes.com.ar\/principal\/wp-content\/uploads\/2020\/02\/28-Cassiani.Hospital.jpg\" src=\"https:\/\/www.hoymercedes.com.ar\/principal\/wp-content\/uploads\/2020\/02\/28-Cassiani.Hospital.jpg\" alt=\"\" class=\"wp-image-106786\"\/><\/figure>\n\n\n\n<p>Cassiani junto a la Directora Adjunta Dra. Sonia Paredes, y el Presidente de la Cooperadora del Hospital Dubarry, el farmac\u00e9utico Carlos Milhomme, descubrieron la placa conmemorativa que recuerda al primer lugar de atenci\u00f3n p\u00fablica en materia de salud que originalmente se encontraba en la esquina de 28 y 23, con doce camas, y que un tiempo despu\u00e9s se dio forma al Hospital que hoy conocemos. <\/p>\n\n\n\n<p>\u201cSe cumplieron 150 a\u00f1os de lo que consideramos fue un hito fundacional en la salud p\u00fablica de Mercedes, la idea es entronar una placa que nos ha regalado el Municipio en homenaje a esta fecha\u201d explic\u00f3 el Dr. Pablo Cassiani.<\/p>\n\n\n\n<p>\u201cLo que hemos propuesto es que este a\u00f1o 2020 sea un conmemorativo de la fundaci\u00f3n del sistema de salud p\u00fablica y junto con Carlos Milhomme y toda la gente de la cooperadora, en el hospital vamos a tener actividades todos los meses que generen compa\u00f1erismo, que culminar\u00e1n a fin de a\u00f1o con una gran fiesta\u201d agreg\u00f3 el m\u00e9dico. <\/p>\n\n\n\n<p>En tanto, Carlos Milhomme, presidente de la cooperadora manifest\u00f3 \u201cvaloramos lo que hace todo el equipo del Hospital y es importante recordar este tipo de fechas\u201d.<\/p>\n\n\n\n<p>A modo de adelanto, Cassiani explic\u00f3 que a lo largo del a\u00f1o desde el Hospital se organizar\u00e1n charlas,  jornadas de capacitaci\u00f3n, cine, publicar\u00e1n un libro a fin de a\u00f1o y una gran cena de festejo en el mes de diciembre. La intenci\u00f3n es que cada una de las salas y \u00e1reas de la salud del Dubarry proponga tem\u00e1ticas y actividades para hacer en fechas especiales. <\/p>\n\n\n\n<p><\/p>\n","protected":false},"excerpt":{"rendered":"<p>Minutos antes del mediod\u00eda de este viernes, en el Hospital Blas L. Dubarry se celebraron los 150 a\u00f1os de la &#8230; <a title=\"Celebraron los 150 a\u00f1os de la creaci\u00f3n del sistema de salud hospitalario local\" class=\"read-more\" href=\"https:\/\/www.hoymercedes.com.ar\/principal\/2020\/02\/28\/celebraron-los-150-anos-de-la-creacion-del-sistema-de-salud-hospitalario-local\/\" aria-label=\"Leer m\u00e1s sobre Celebraron los 150 a\u00f1os de la creaci\u00f3n del sistema de salud hospitalario local\">Leer m\u00e1s<\/a><\/p>\n","protected":false},"author":1,"featured_media":106786,"comment_status":"closed","ping_status":"open","sticky":false,"template":"","format":"standard","meta":{"_monsterinsights_skip_tracking":false,"_monsterinsights_sitenote_active":false,"_monsterinsights_sitenote_note":"","_monsterinsights_sitenote_category":0,"jetpack_post_was_ever_published":false,"_jetpack_newsletter_access":"","_jetpack_dont_email_post_to_subs":false,"_jetpack_newsletter_tier_id":0,"_jetpack_memberships_contains_paywalled_content":false,"_jetpack_memberships_contains_paid_content":false,"footnotes":"","jetpack_publicize_message":"","jetpack_publicize_feature_enabled":true,"jetpack_social_post_already_shared":true,"jetpack_social_options":{"image_generator_settings":{"template":"highway","default_image_id":0,"font":"","enabled":false},"version":2},"_wpas_customize_per_network":false},"categories":[9791],"tags":[16243,624,134],"class_list":["post-106785","post","type-post","status-publish","format-standard","has-post-thumbnail","hentry","category-salud","tag-aniversario-salud-publica","tag-hospital-blas-l-dubarry","tag-salud","generate-columns","tablet-grid-50","mobile-grid-100","grid-parent","grid-50"],"jetpack_publicize_connections":[],"jetpack_featured_media_url":"https:\/\/www.hoymercedes.com.ar\/principal\/wp-content\/uploads\/2020\/02\/28-Cassiani.Hospital.jpg","wps_subtitle":"Programan actividades para el resto del a\u00f1o","jetpack_sharing_enabled":true,"_links":{"self":[{"href":"https:\/\/www.hoymercedes.com.ar\/principal\/wp-json\/wp\/v2\/posts\/106785","targetHints":{"allow":["GET"]}}],"collection":[{"href":"https:\/\/www.hoymercedes.com.ar\/principal\/wp-json\/wp\/v2\/posts"}],"about":[{"href":"https:\/\/www.hoymercedes.com.ar\/principal\/wp-json\/wp\/v2\/types\/post"}],"author":[{"embeddable":true,"href":"https:\/\/www.hoymercedes.com.ar\/principal\/wp-json\/wp\/v2\/users\/1"}],"replies":[{"embeddable":true,"href":"https:\/\/www.hoymercedes.com.ar\/principal\/wp-json\/wp\/v2\/comments?post=106785"}],"version-history":[{"count":0,"href":"https:\/\/www.hoymercedes.com.ar\/principal\/wp-json\/wp\/v2\/posts\/106785\/revisions"}],"wp:featuredmedia":[{"embeddable":true,"href":"https:\/\/www.hoymercedes.com.ar\/principal\/wp-json\/wp\/v2\/media\/106786"}],"wp:attachment":[{"href":"https:\/\/www.hoymercedes.com.ar\/principal\/wp-json\/wp\/v2\/media?parent=106785"}],"wp:term":[{"taxonomy":"category","embeddable":true,"href":"https:\/\/www.hoymercedes.com.ar\/principal\/wp-json\/wp\/v2\/categories?post=106785"},{"taxonomy":"post_tag","embeddable":true,"href":"https:\/\/www.hoymercedes.com.ar\/principal\/wp-json\/wp\/v2\/tags?post=106785"}],"curies":[{"name":"wp","href":"https:\/\/api.w.org\/{rel}","templated":true}]}}