{"id":106803,"date":"2020-02-29T11:26:00","date_gmt":"2020-02-29T14:26:00","guid":{"rendered":"http:\/\/www.hoymercedes.com.ar\/principal\/?p=106803"},"modified":"2020-02-29T17:40:24","modified_gmt":"2020-02-29T20:40:24","slug":"descubrieron-una-estrella-amarilla-que-recuerda-a-jorge-fregossi","status":"publish","type":"post","link":"https:\/\/www.hoymercedes.com.ar\/principal\/2020\/02\/29\/descubrieron-una-estrella-amarilla-que-recuerda-a-jorge-fregossi\/","title":{"rendered":"Descubrieron una estrella amarilla que recuerda a Jorge Fregossi"},"content":{"rendered":"\n<p>Un emotivo acto se realiz\u00f3 en la ma\u00f1ana del jueves en la esquina de 14 y 9. La familia y amigos de Jorge Fregossi lo homenaje\u00f3 al a\u00f1o de su fallecimiento producto de un siniestro vial colocando una estrella amarilla vertical. <\/p>\n\n\n\n<figure class=\"wp-block-image size-large\"><img loading=\"lazy\" decoding=\"async\" width=\"800\" height=\"533\" data-attachment-id=\"106729\" data-permalink=\"https:\/\/www.hoymercedes.com.ar\/principal\/27-estrella-fregossi-1\/\" data-orig-file=\"https:\/\/www.hoymercedes.com.ar\/principal\/wp-content\/uploads\/2020\/02\/27-estrella-fregossi-1.jpg\" data-orig-size=\"800,533\" data-comments-opened=\"0\" data-image-meta=\"{&quot;aperture&quot;:&quot;0&quot;,&quot;credit&quot;:&quot;&quot;,&quot;camera&quot;:&quot;&quot;,&quot;caption&quot;:&quot;&quot;,&quot;created_timestamp&quot;:&quot;0&quot;,&quot;copyright&quot;:&quot;&quot;,&quot;focal_length&quot;:&quot;0&quot;,&quot;iso&quot;:&quot;0&quot;,&quot;shutter_speed&quot;:&quot;0&quot;,&quot;title&quot;:&quot;&quot;,&quot;orientation&quot;:&quot;0&quot;}\" data-image-title=\"27 estrella fregossi 1\" data-image-description=\"\" data-image-caption=\"\" data-large-file=\"https:\/\/www.hoymercedes.com.ar\/principal\/wp-content\/uploads\/2020\/02\/27-estrella-fregossi-1.jpg\" src=\"https:\/\/www.hoymercedes.com.ar\/principal\/wp-content\/uploads\/2020\/02\/27-estrella-fregossi-1.jpg\" alt=\"\" class=\"wp-image-106729\"\/><\/figure>\n\n\n\n<p>Los hijos de Jorge fueron los encargados de destapar la\nse\u00f1al vertical. Fue Beto en nombre de todos el que tom\u00f3 la palabra y agradeci\u00f3\na los presentes, al Grupo Estrellas Amarillas, el Municipio, a la gente que\nquiere a la familia y a que quer\u00edan a Jorge. <\/p>\n\n\n\n<p>\u201cCon esta se\u00f1al quiero decirle a la gente que utilice el casco, que sean m\u00e1s prudentes, que seamos m\u00e1s pacientes cuando manejamos. Eso me lo digo a m\u00ed mismo. Quiero agradecer a todos por haber venido y recordar a mi padre. \u00c9l era una buena persona. \u00c9l maneja siempre con casco. Pero ese d\u00eda, dijo que no. Iba al hospital a curarse, pero ese d\u00eda fue, pero no volvi\u00f3. Gracias a todos\u201d, expres\u00f3 entre l\u00e1grimas Beto Fregossi. <\/p>\n\n\n\n<figure class=\"wp-block-image size-large\"><img loading=\"lazy\" decoding=\"async\" width=\"800\" height=\"533\" data-attachment-id=\"106731\" data-permalink=\"https:\/\/www.hoymercedes.com.ar\/principal\/27-estrella-fregossi-3\/\" data-orig-file=\"https:\/\/www.hoymercedes.com.ar\/principal\/wp-content\/uploads\/2020\/02\/27-estrella-fregossi-3.jpg\" data-orig-size=\"800,533\" data-comments-opened=\"0\" data-image-meta=\"{&quot;aperture&quot;:&quot;0&quot;,&quot;credit&quot;:&quot;&quot;,&quot;camera&quot;:&quot;&quot;,&quot;caption&quot;:&quot;&quot;,&quot;created_timestamp&quot;:&quot;0&quot;,&quot;copyright&quot;:&quot;&quot;,&quot;focal_length&quot;:&quot;0&quot;,&quot;iso&quot;:&quot;0&quot;,&quot;shutter_speed&quot;:&quot;0&quot;,&quot;title&quot;:&quot;&quot;,&quot;orientation&quot;:&quot;0&quot;}\" data-image-title=\"27 estrella fregossi 3\" data-image-description=\"\" data-image-caption=\"\" data-large-file=\"https:\/\/www.hoymercedes.com.ar\/principal\/wp-content\/uploads\/2020\/02\/27-estrella-fregossi-3.jpg\" src=\"https:\/\/www.hoymercedes.com.ar\/principal\/wp-content\/uploads\/2020\/02\/27-estrella-fregossi-3.jpg\" alt=\"\" class=\"wp-image-106731\"\/><\/figure>\n\n\n\n<p>Previamente, Ana Torres, el Grupo Estrellas Amarillas,\ndestac\u00f3 los objetivos del grupo y el significado del s\u00edmbolo y la se\u00f1al\u00e9tica\nutilizada para que otras personas tomen conciencia sobre el tr\u00e1nsito, el\nrespeto de las leyes, las medidas preventivas, y las consecuencias para las\npersonas y sus familias. \u201cHacemos esto para que a otros no les pase, para que\nno tengan que pasar por lo que pasaron nuestros familiares, ni vivir el dolor\ncon el que vivimos nosotros. Los hacemos para transformar ese dolor, en amor\u201d,\ndestac\u00f3 Ana. <\/p>\n\n\n\n<p>Adem\u00e1s, en el acto estuvieron presentes, las familias que\nintegran el Grupo Estrellas Amarillas, y las autoridades municipales del \u00e1rea\nde Seguridad y Tr\u00e1nsito, Dr. Gast\u00f3n Arenas, Gonzalo Anselmo, Esteban Rossi y Nancy\nOkos, qui\u00e9n abri\u00f3 el acto con una sentidas palabras e incentivando a los\npresentes a cumplir con las leyes de tr\u00e1nsito y la prevenci\u00f3n de siniestros\nviales. <\/p>\n\n\n\n<p>En la esquina donde se coloc\u00f3 la estrella, un a\u00f1o antes, Jorge Fregossi sufri\u00f3 un siniestro vial mientras iba en su moto, sin casco, y choca con una furgoneta. Producto del impacto el jubilado fallece a los pocos d\u00edas. El impacto le provoc\u00f3 lesiones internas graves en su cabeza. \u00a0<\/p>\n\n\n\n<p>Por Hoy Mercedes<\/p>\n\n\n\n<figure class=\"wp-block-image size-large\"><img loading=\"lazy\" decoding=\"async\" width=\"800\" height=\"534\" data-attachment-id=\"106730\" data-permalink=\"https:\/\/www.hoymercedes.com.ar\/principal\/27-estrella-fregossi-2\/\" data-orig-file=\"https:\/\/www.hoymercedes.com.ar\/principal\/wp-content\/uploads\/2020\/02\/27-estrella-fregossi-2.jpg\" data-orig-size=\"800,534\" data-comments-opened=\"0\" data-image-meta=\"{&quot;aperture&quot;:&quot;0&quot;,&quot;credit&quot;:&quot;&quot;,&quot;camera&quot;:&quot;&quot;,&quot;caption&quot;:&quot;&quot;,&quot;created_timestamp&quot;:&quot;0&quot;,&quot;copyright&quot;:&quot;&quot;,&quot;focal_length&quot;:&quot;0&quot;,&quot;iso&quot;:&quot;0&quot;,&quot;shutter_speed&quot;:&quot;0&quot;,&quot;title&quot;:&quot;&quot;,&quot;orientation&quot;:&quot;0&quot;}\" data-image-title=\"27 estrella fregossi 2\" data-image-description=\"\" data-image-caption=\"\" data-large-file=\"https:\/\/www.hoymercedes.com.ar\/principal\/wp-content\/uploads\/2020\/02\/27-estrella-fregossi-2.jpg\" src=\"https:\/\/www.hoymercedes.com.ar\/principal\/wp-content\/uploads\/2020\/02\/27-estrella-fregossi-2.jpg\" alt=\"\" class=\"wp-image-106730\"\/><\/figure>\n","protected":false},"excerpt":{"rendered":"<p>Un emotivo acto se realiz\u00f3 en la ma\u00f1ana del jueves en la esquina de 14 y 9. La familia y &#8230; <a title=\"Descubrieron una estrella amarilla que recuerda a Jorge Fregossi\" class=\"read-more\" href=\"https:\/\/www.hoymercedes.com.ar\/principal\/2020\/02\/29\/descubrieron-una-estrella-amarilla-que-recuerda-a-jorge-fregossi\/\" aria-label=\"Leer m\u00e1s sobre Descubrieron una estrella amarilla que recuerda a Jorge Fregossi\">Leer m\u00e1s<\/a><\/p>\n","protected":false},"author":1,"featured_media":106730,"comment_status":"closed","ping_status":"open","sticky":false,"template":"","format":"standard","meta":{"_monsterinsights_skip_tracking":false,"_monsterinsights_sitenote_active":false,"_monsterinsights_sitenote_note":"","_monsterinsights_sitenote_category":0,"jetpack_post_was_ever_published":false,"_jetpack_newsletter_access":"","_jetpack_dont_email_post_to_subs":false,"_jetpack_newsletter_tier_id":0,"_jetpack_memberships_contains_paywalled_content":false,"_jetpack_memberships_contains_paid_content":false,"footnotes":"","jetpack_publicize_message":"","jetpack_publicize_feature_enabled":true,"jetpack_social_post_already_shared":true,"jetpack_social_options":{"image_generator_settings":{"template":"highway","default_image_id":0,"font":"","enabled":false},"version":2},"_wpas_customize_per_network":false},"categories":[8],"tags":[9444,10395],"class_list":["post-106803","post","type-post","status-publish","format-standard","has-post-thumbnail","hentry","category-sociedad","tag-estrella-amarilla","tag-siniestro-vial","generate-columns","tablet-grid-50","mobile-grid-100","grid-parent","grid-50"],"jetpack_publicize_connections":[],"jetpack_featured_media_url":"https:\/\/www.hoymercedes.com.ar\/principal\/wp-content\/uploads\/2020\/02\/27-estrella-fregossi-2.jpg","wps_subtitle":"V\u00edctima de siniestro vial","jetpack_sharing_enabled":true,"_links":{"self":[{"href":"https:\/\/www.hoymercedes.com.ar\/principal\/wp-json\/wp\/v2\/posts\/106803","targetHints":{"allow":["GET"]}}],"collection":[{"href":"https:\/\/www.hoymercedes.com.ar\/principal\/wp-json\/wp\/v2\/posts"}],"about":[{"href":"https:\/\/www.hoymercedes.com.ar\/principal\/wp-json\/wp\/v2\/types\/post"}],"author":[{"embeddable":true,"href":"https:\/\/www.hoymercedes.com.ar\/principal\/wp-json\/wp\/v2\/users\/1"}],"replies":[{"embeddable":true,"href":"https:\/\/www.hoymercedes.com.ar\/principal\/wp-json\/wp\/v2\/comments?post=106803"}],"version-history":[{"count":0,"href":"https:\/\/www.hoymercedes.com.ar\/principal\/wp-json\/wp\/v2\/posts\/106803\/revisions"}],"wp:featuredmedia":[{"embeddable":true,"href":"https:\/\/www.hoymercedes.com.ar\/principal\/wp-json\/wp\/v2\/media\/106730"}],"wp:attachment":[{"href":"https:\/\/www.hoymercedes.com.ar\/principal\/wp-json\/wp\/v2\/media?parent=106803"}],"wp:term":[{"taxonomy":"category","embeddable":true,"href":"https:\/\/www.hoymercedes.com.ar\/principal\/wp-json\/wp\/v2\/categories?post=106803"},{"taxonomy":"post_tag","embeddable":true,"href":"https:\/\/www.hoymercedes.com.ar\/principal\/wp-json\/wp\/v2\/tags?post=106803"}],"curies":[{"name":"wp","href":"https:\/\/api.w.org\/{rel}","templated":true}]}}