{"id":106806,"date":"2020-02-29T17:20:55","date_gmt":"2020-02-29T20:20:55","guid":{"rendered":"http:\/\/www.hoymercedes.com.ar\/principal\/?p=106806"},"modified":"2020-02-29T17:40:11","modified_gmt":"2020-02-29T20:40:11","slug":"reunion-informativa-con-comerciantes-para-implementa-la-tarjeta-alimentar","status":"publish","type":"post","link":"https:\/\/www.hoymercedes.com.ar\/principal\/2020\/02\/29\/reunion-informativa-con-comerciantes-para-implementa-la-tarjeta-alimentar\/","title":{"rendered":"Reuni\u00f3n informativa con comerciantes para implementa la Tarjeta AlimentAR"},"content":{"rendered":"\n<p>Se llev\u00f3 a cabo un encuentro entre comerciantes de la ciudad y representantes de la comuna con el objetivo de dar detalles sobre la implementaci\u00f3n de la Tarjeta AlimentAR en Mercedes. Para esto fueron citados los titulares de almacenes, supermercados, minimercados, panader\u00edas y autoservicios. <\/p>\n\n\n\n<figure class=\"wp-block-image size-large\"><img loading=\"lazy\" decoding=\"async\" width=\"800\" height=\"533\" data-attachment-id=\"106807\" data-permalink=\"https:\/\/www.hoymercedes.com.ar\/principal\/2020\/02\/29\/reunion-informativa-con-comerciantes-para-implementa-la-tarjeta-alimentar\/29-alimentar\/#main\" data-orig-file=\"https:\/\/www.hoymercedes.com.ar\/principal\/wp-content\/uploads\/2020\/02\/29-alimentar.jpg\" data-orig-size=\"800,533\" data-comments-opened=\"0\" data-image-meta=\"{&quot;aperture&quot;:&quot;0&quot;,&quot;credit&quot;:&quot;&quot;,&quot;camera&quot;:&quot;&quot;,&quot;caption&quot;:&quot;&quot;,&quot;created_timestamp&quot;:&quot;0&quot;,&quot;copyright&quot;:&quot;&quot;,&quot;focal_length&quot;:&quot;0&quot;,&quot;iso&quot;:&quot;0&quot;,&quot;shutter_speed&quot;:&quot;0&quot;,&quot;title&quot;:&quot;&quot;,&quot;orientation&quot;:&quot;0&quot;}\" data-image-title=\"29 alimentar\" data-image-description=\"\" data-image-caption=\"\" data-large-file=\"https:\/\/www.hoymercedes.com.ar\/principal\/wp-content\/uploads\/2020\/02\/29-alimentar.jpg\" src=\"https:\/\/www.hoymercedes.com.ar\/principal\/wp-content\/uploads\/2020\/02\/29-alimentar.jpg\" alt=\"\" class=\"wp-image-106807\"\/><\/figure>\n\n\n\n<p>Para dar cuenta de c\u00f3mo se implementa el programa para los comerciantes, quienes expusieron fueron la Secretaria de Desarrollo Social, Jorgelina Silva; Mart\u00edn Boragno del OMIC, y la concejal Mariana San Mart\u00edn. Junto a ellos, tambi\u00e9n se hicieron presentes, el Delegado local del Defensor del Pueblo Fernando Florella, y en nombre de la C\u00e1mara Econ\u00f3mica Mercedina, Natalia Facciolo que a su vez es titular de un comercio de venta de productos alimenticios. <\/p>\n\n\n\n<p>Durante el encuentro informativo, los funcionarios de la comuna explicaron cu\u00e1les son los beneficios y obligaciones de los comercios que comiencen a operar con la Tarjeta AlimentAR, as\u00ed como qu\u00e9 tienen que tener en cuenta a la hora de vender sus productos a los beneficiarios del programa. Asimismo, los presentes evacuaron dudas concretas referidas al sector que fueron evacuadas para luego concretar la participaci\u00f3n en el programa como comercios adheridos. <\/p>\n\n\n\n<p>Adem\u00e1s, les explicaron que el programa se encuadra dentro de una ordenanza que tambi\u00e9n prev\u00e9 el control y en caso de infracci\u00f3n podr\u00eda llegar a multa y clausura de comercio en caso de no cumplir con lo acordado. <\/p>\n","protected":false},"excerpt":{"rendered":"<p>Se llev\u00f3 a cabo un encuentro entre comerciantes de la ciudad y representantes de la comuna con el objetivo de &#8230; <a title=\"Reuni\u00f3n informativa con comerciantes para implementa la Tarjeta AlimentAR\" class=\"read-more\" href=\"https:\/\/www.hoymercedes.com.ar\/principal\/2020\/02\/29\/reunion-informativa-con-comerciantes-para-implementa-la-tarjeta-alimentar\/\" aria-label=\"Leer m\u00e1s sobre Reuni\u00f3n informativa con comerciantes para implementa la Tarjeta AlimentAR\">Leer m\u00e1s<\/a><\/p>\n","protected":false},"author":1,"featured_media":106807,"comment_status":"closed","ping_status":"open","sticky":false,"template":"","format":"standard","meta":{"_monsterinsights_skip_tracking":false,"_monsterinsights_sitenote_active":false,"_monsterinsights_sitenote_note":"","_monsterinsights_sitenote_category":0,"jetpack_post_was_ever_published":false,"_jetpack_newsletter_access":"","_jetpack_dont_email_post_to_subs":false,"_jetpack_newsletter_tier_id":0,"_jetpack_memberships_contains_paywalled_content":false,"_jetpack_memberships_contains_paid_content":false,"footnotes":"","jetpack_publicize_message":"","jetpack_publicize_feature_enabled":true,"jetpack_social_post_already_shared":true,"jetpack_social_options":{"image_generator_settings":{"template":"highway","default_image_id":0,"font":"","enabled":false},"version":2},"_wpas_customize_per_network":false},"categories":[30],"tags":[13069,16196],"class_list":["post-106806","post","type-post","status-publish","format-standard","has-post-thumbnail","hentry","category-municipio","tag-comercios","tag-tarjeta-alimentar","generate-columns","tablet-grid-50","mobile-grid-100","grid-parent","grid-50"],"jetpack_publicize_connections":[],"jetpack_featured_media_url":"https:\/\/www.hoymercedes.com.ar\/principal\/wp-content\/uploads\/2020\/02\/29-alimentar.jpg","wps_subtitle":"C\u00f3mo funciona para el comerciante","jetpack_sharing_enabled":true,"_links":{"self":[{"href":"https:\/\/www.hoymercedes.com.ar\/principal\/wp-json\/wp\/v2\/posts\/106806","targetHints":{"allow":["GET"]}}],"collection":[{"href":"https:\/\/www.hoymercedes.com.ar\/principal\/wp-json\/wp\/v2\/posts"}],"about":[{"href":"https:\/\/www.hoymercedes.com.ar\/principal\/wp-json\/wp\/v2\/types\/post"}],"author":[{"embeddable":true,"href":"https:\/\/www.hoymercedes.com.ar\/principal\/wp-json\/wp\/v2\/users\/1"}],"replies":[{"embeddable":true,"href":"https:\/\/www.hoymercedes.com.ar\/principal\/wp-json\/wp\/v2\/comments?post=106806"}],"version-history":[{"count":0,"href":"https:\/\/www.hoymercedes.com.ar\/principal\/wp-json\/wp\/v2\/posts\/106806\/revisions"}],"wp:featuredmedia":[{"embeddable":true,"href":"https:\/\/www.hoymercedes.com.ar\/principal\/wp-json\/wp\/v2\/media\/106807"}],"wp:attachment":[{"href":"https:\/\/www.hoymercedes.com.ar\/principal\/wp-json\/wp\/v2\/media?parent=106806"}],"wp:term":[{"taxonomy":"category","embeddable":true,"href":"https:\/\/www.hoymercedes.com.ar\/principal\/wp-json\/wp\/v2\/categories?post=106806"},{"taxonomy":"post_tag","embeddable":true,"href":"https:\/\/www.hoymercedes.com.ar\/principal\/wp-json\/wp\/v2\/tags?post=106806"}],"curies":[{"name":"wp","href":"https:\/\/api.w.org\/{rel}","templated":true}]}}