{"id":106809,"date":"2020-02-29T18:21:00","date_gmt":"2020-02-29T21:21:00","guid":{"rendered":"http:\/\/www.hoymercedes.com.ar\/principal\/?p=106809"},"modified":"2020-02-29T17:39:40","modified_gmt":"2020-02-29T20:39:40","slug":"el-lunes-reinicia-actividades-el-centro-de-atencion-temprana-del-hospital-dubarry","status":"publish","type":"post","link":"https:\/\/www.hoymercedes.com.ar\/principal\/2020\/02\/29\/el-lunes-reinicia-actividades-el-centro-de-atencion-temprana-del-hospital-dubarry\/","title":{"rendered":"El lunes reinicia actividades el Centro de Atenci\u00f3n Temprana del Hospital Dubarry"},"content":{"rendered":"\n<p>El inicio de nuevo ciclo lectivo, implica tambi\u00e9n el reinicio de las actividades del Centro de Atenci\u00f3n Temprana del Desarrollo Infantil (CATDI) que funciona en el Hospital Blas L. Dubarry y depende a su vez del \u00e1rea de educaci\u00f3n. <\/p>\n\n\n\n<p>En el primer piso de la parte nueva del edificio de calle 12 (del lado de la 33) permiti\u00f3 la amplicaci\u00f3n del Centro de Atenci\u00f3n Temprana del Desarrollo Social y as\u00ed atender a m\u00e1s ni\u00f1os por d\u00eda y en espacio amplios, c\u00f3modos y apropiados para sus necesidades y contar con espacio para trabajar con las familias. <\/p>\n\n\n\n<p>El CATDI tiene su sede central en el Hospital Dubarry y ah\u00ed pueden solicitar atenci\u00f3n de lunes a viernes de\u00a08\u00a0a\u00a017 horas. Tambi\u00e9n funcionan en los CAPS de los barrios San Jos\u00e9, Blandengues y Agote en el CIC.<\/p>\n\n\n\n<figure class=\"wp-block-image size-large\"><img loading=\"lazy\" decoding=\"async\" width=\"800\" height=\"533\" data-attachment-id=\"106810\" data-permalink=\"https:\/\/www.hoymercedes.com.ar\/principal\/2020\/02\/29\/el-lunes-reinicia-actividades-el-centro-de-atencion-temprana-del-hospital-dubarry\/29-catdi\/#main\" data-orig-file=\"https:\/\/www.hoymercedes.com.ar\/principal\/wp-content\/uploads\/2020\/02\/29-CATDI.jpg\" data-orig-size=\"800,533\" data-comments-opened=\"0\" data-image-meta=\"{&quot;aperture&quot;:&quot;0&quot;,&quot;credit&quot;:&quot;&quot;,&quot;camera&quot;:&quot;&quot;,&quot;caption&quot;:&quot;&quot;,&quot;created_timestamp&quot;:&quot;0&quot;,&quot;copyright&quot;:&quot;&quot;,&quot;focal_length&quot;:&quot;0&quot;,&quot;iso&quot;:&quot;0&quot;,&quot;shutter_speed&quot;:&quot;0&quot;,&quot;title&quot;:&quot;&quot;,&quot;orientation&quot;:&quot;0&quot;}\" data-image-title=\"29 CATDI\" data-image-description=\"\" data-image-caption=\"\" data-large-file=\"https:\/\/www.hoymercedes.com.ar\/principal\/wp-content\/uploads\/2020\/02\/29-CATDI.jpg\" src=\"https:\/\/www.hoymercedes.com.ar\/principal\/wp-content\/uploads\/2020\/02\/29-CATDI.jpg\" alt=\"\" class=\"wp-image-106810\"\/><\/figure>\n","protected":false},"excerpt":{"rendered":"<p>El inicio de nuevo ciclo lectivo, implica tambi\u00e9n el reinicio de las actividades del Centro de Atenci\u00f3n Temprana del Desarrollo &#8230; <a title=\"El lunes reinicia actividades el Centro de Atenci\u00f3n Temprana del Hospital Dubarry\" class=\"read-more\" href=\"https:\/\/www.hoymercedes.com.ar\/principal\/2020\/02\/29\/el-lunes-reinicia-actividades-el-centro-de-atencion-temprana-del-hospital-dubarry\/\" aria-label=\"Leer m\u00e1s sobre El lunes reinicia actividades el Centro de Atenci\u00f3n Temprana del Hospital Dubarry\">Leer m\u00e1s<\/a><\/p>\n","protected":false},"author":1,"featured_media":106810,"comment_status":"closed","ping_status":"open","sticky":false,"template":"","format":"standard","meta":{"_monsterinsights_skip_tracking":false,"_monsterinsights_sitenote_active":false,"_monsterinsights_sitenote_note":"","_monsterinsights_sitenote_category":0,"jetpack_post_was_ever_published":false,"_jetpack_newsletter_access":"","_jetpack_dont_email_post_to_subs":false,"_jetpack_newsletter_tier_id":0,"_jetpack_memberships_contains_paywalled_content":false,"_jetpack_memberships_contains_paid_content":false,"footnotes":"","jetpack_publicize_message":"","jetpack_publicize_feature_enabled":true,"jetpack_social_post_already_shared":true,"jetpack_social_options":{"image_generator_settings":{"template":"highway","default_image_id":0,"font":"","enabled":false},"version":2},"_wpas_customize_per_network":false},"categories":[9791],"tags":[47,9198,134],"class_list":["post-106809","post","type-post","status-publish","format-standard","has-post-thumbnail","hentry","category-salud","tag-educacion-2","tag-estimulacion-temprana","tag-salud","generate-columns","tablet-grid-50","mobile-grid-100","grid-parent","grid-50"],"jetpack_publicize_connections":[],"jetpack_featured_media_url":"https:\/\/www.hoymercedes.com.ar\/principal\/wp-content\/uploads\/2020\/02\/29-CATDI.jpg","wps_subtitle":"En el primer piso del Hospital ","jetpack_sharing_enabled":true,"_links":{"self":[{"href":"https:\/\/www.hoymercedes.com.ar\/principal\/wp-json\/wp\/v2\/posts\/106809","targetHints":{"allow":["GET"]}}],"collection":[{"href":"https:\/\/www.hoymercedes.com.ar\/principal\/wp-json\/wp\/v2\/posts"}],"about":[{"href":"https:\/\/www.hoymercedes.com.ar\/principal\/wp-json\/wp\/v2\/types\/post"}],"author":[{"embeddable":true,"href":"https:\/\/www.hoymercedes.com.ar\/principal\/wp-json\/wp\/v2\/users\/1"}],"replies":[{"embeddable":true,"href":"https:\/\/www.hoymercedes.com.ar\/principal\/wp-json\/wp\/v2\/comments?post=106809"}],"version-history":[{"count":0,"href":"https:\/\/www.hoymercedes.com.ar\/principal\/wp-json\/wp\/v2\/posts\/106809\/revisions"}],"wp:featuredmedia":[{"embeddable":true,"href":"https:\/\/www.hoymercedes.com.ar\/principal\/wp-json\/wp\/v2\/media\/106810"}],"wp:attachment":[{"href":"https:\/\/www.hoymercedes.com.ar\/principal\/wp-json\/wp\/v2\/media?parent=106809"}],"wp:term":[{"taxonomy":"category","embeddable":true,"href":"https:\/\/www.hoymercedes.com.ar\/principal\/wp-json\/wp\/v2\/categories?post=106809"},{"taxonomy":"post_tag","embeddable":true,"href":"https:\/\/www.hoymercedes.com.ar\/principal\/wp-json\/wp\/v2\/tags?post=106809"}],"curies":[{"name":"wp","href":"https:\/\/api.w.org\/{rel}","templated":true}]}}