{"id":106814,"date":"2020-03-01T04:39:28","date_gmt":"2020-03-01T07:39:28","guid":{"rendered":"http:\/\/www.hoymercedes.com.ar\/principal\/?p=106814"},"modified":"2020-03-01T04:39:30","modified_gmt":"2020-03-01T07:39:30","slug":"yacare-sequeira-cayo-por-nocaut-contra-braian-suarez-video","status":"publish","type":"post","link":"https:\/\/www.hoymercedes.com.ar\/principal\/2020\/03\/01\/yacare-sequeira-cayo-por-nocaut-contra-braian-suarez-video\/","title":{"rendered":"Yacar\u00e9 Sequeira cay\u00f3 por nocaut contra Braian Su\u00e1rez (Video)"},"content":{"rendered":"\n<p>El mercedino Walter \u00abYacar\u00e9\u00bb Sequeira no pudo contra Braian Su\u00e1rez por el t\u00edtulo Argentino. Cay\u00f3 por nocaut. (Video)<\/p>\n\n\n\n<figure class=\"wp-block-embed-youtube wp-block-embed is-type-video is-provider-youtube wp-embed-aspect-16-9 wp-has-aspect-ratio\"><div class=\"wp-block-embed__wrapper\">\n<span class=\"embed-youtube\" style=\"text-align:center; display: block;\"><iframe loading=\"lazy\" class=\"youtube-player\" width=\"1200\" height=\"675\" src=\"https:\/\/www.youtube.com\/embed\/B0EiCwFhL4k?version=3&#038;rel=1&#038;showsearch=0&#038;showinfo=1&#038;iv_load_policy=1&#038;fs=1&#038;hl=es-ES&#038;autohide=2&#038;wmode=transparent\" allowfullscreen=\"true\" style=\"border:0;\" sandbox=\"allow-scripts allow-same-origin allow-popups allow-presentation allow-popups-to-escape-sandbox\"><\/iframe><\/span>\n<\/div><\/figure>\n\n\n\n<p>Ampliaremos.<\/p>\n","protected":false},"excerpt":{"rendered":"<p>El mercedino Walter \u00abYacar\u00e9\u00bb Sequeira no pudo contra Braian Su\u00e1rez por el t\u00edtulo Argentino. Cay\u00f3 por nocaut. (Video) Ampliaremos.<\/p>\n","protected":false},"author":1,"featured_media":106815,"comment_status":"closed","ping_status":"open","sticky":false,"template":"","format":"standard","meta":{"_monsterinsights_skip_tracking":false,"_monsterinsights_sitenote_active":false,"_monsterinsights_sitenote_note":"","_monsterinsights_sitenote_category":0,"jetpack_post_was_ever_published":false,"_jetpack_newsletter_access":"","_jetpack_dont_email_post_to_subs":false,"_jetpack_newsletter_tier_id":0,"_jetpack_memberships_contains_paywalled_content":false,"_jetpack_memberships_contains_paid_content":false,"footnotes":"","jetpack_publicize_message":"","jetpack_publicize_feature_enabled":true,"jetpack_social_post_already_shared":true,"jetpack_social_options":{"image_generator_settings":{"template":"highway","default_image_id":0,"font":"","enabled":false},"version":2},"_wpas_customize_per_network":false},"categories":[21],"tags":[3806],"class_list":["post-106814","post","type-post","status-publish","format-standard","has-post-thumbnail","hentry","category-deportes","tag-walter-yacare-sequeira","generate-columns","tablet-grid-50","mobile-grid-100","grid-parent","grid-50"],"jetpack_publicize_connections":[],"jetpack_featured_media_url":"https:\/\/www.hoymercedes.com.ar\/principal\/wp-content\/uploads\/2020\/03\/Screenshot_20200301-043706_YouTube.jpg","wps_subtitle":"Boxeo de primera","jetpack_sharing_enabled":true,"_links":{"self":[{"href":"https:\/\/www.hoymercedes.com.ar\/principal\/wp-json\/wp\/v2\/posts\/106814","targetHints":{"allow":["GET"]}}],"collection":[{"href":"https:\/\/www.hoymercedes.com.ar\/principal\/wp-json\/wp\/v2\/posts"}],"about":[{"href":"https:\/\/www.hoymercedes.com.ar\/principal\/wp-json\/wp\/v2\/types\/post"}],"author":[{"embeddable":true,"href":"https:\/\/www.hoymercedes.com.ar\/principal\/wp-json\/wp\/v2\/users\/1"}],"replies":[{"embeddable":true,"href":"https:\/\/www.hoymercedes.com.ar\/principal\/wp-json\/wp\/v2\/comments?post=106814"}],"version-history":[{"count":0,"href":"https:\/\/www.hoymercedes.com.ar\/principal\/wp-json\/wp\/v2\/posts\/106814\/revisions"}],"wp:featuredmedia":[{"embeddable":true,"href":"https:\/\/www.hoymercedes.com.ar\/principal\/wp-json\/wp\/v2\/media\/106815"}],"wp:attachment":[{"href":"https:\/\/www.hoymercedes.com.ar\/principal\/wp-json\/wp\/v2\/media?parent=106814"}],"wp:term":[{"taxonomy":"category","embeddable":true,"href":"https:\/\/www.hoymercedes.com.ar\/principal\/wp-json\/wp\/v2\/categories?post=106814"},{"taxonomy":"post_tag","embeddable":true,"href":"https:\/\/www.hoymercedes.com.ar\/principal\/wp-json\/wp\/v2\/tags?post=106814"}],"curies":[{"name":"wp","href":"https:\/\/api.w.org\/{rel}","templated":true}]}}