{"id":106856,"date":"2020-03-02T10:55:00","date_gmt":"2020-03-02T13:55:00","guid":{"rendered":"http:\/\/www.hoymercedes.com.ar\/principal\/?p=106856"},"modified":"2020-03-02T17:54:36","modified_gmt":"2020-03-02T20:54:36","slug":"anses-informo-fechas-de-cobro-para-los-proximos-tres-meses","status":"publish","type":"post","link":"https:\/\/www.hoymercedes.com.ar\/principal\/2020\/03\/02\/anses-informo-fechas-de-cobro-para-los-proximos-tres-meses\/","title":{"rendered":"Anses inform\u00f3 fechas de cobro para los pr\u00f3ximos tres meses"},"content":{"rendered":"\n<p> El cronograma, que corresponde a los meses de marzo, abril y mayo, ya est\u00e1 disponible para jubilados, pensionados y beneficiarios de programas sociales. <\/p>\n\n\n\n<p> En la pantalla principal del sitio web\u00a0<a rel=\"noreferrer noopener\" target=\"_blank\" href=\"http:\/\/www.anses.gob.ar\/\">www.anses.gob.ar<\/a>,\u00a0secci\u00f3n\u00a0<em>Accesos r\u00e1pidos<\/em>, opci\u00f3n\u00a0<em>Calendario de Pagos,<\/em>\u00a0la ANSES publica el cronograma de cobro correspondiente a los meses de marzo, abril y mayo de este a\u00f1o.<\/p>\n\n\n\n<p>En este marco, los beneficiarios de jubilaciones, pensiones, Pensiones No Contributivas, Asignaci\u00f3n Universal por Hijo y por Embarazo, Prestaci\u00f3n por Desempleo y Asignaciones Familiares y de Pago \u00danico (Matrimonio, Nacimiento y Adopci\u00f3n) tienen la posibilidad de agendar las fechas para una consulta anticipada.\u00a0\u00a0<\/p>\n\n\n\n<p>Asimismo, los calendarios est\u00e1n disponibles en las redes sociales del organismo: Facebook\u00a0(<a rel=\"noreferrer noopener\" target=\"_blank\" href=\"https:\/\/www.facebook.com\/ansesgob\">www.facebook.com\/ansesgob<\/a>),\u00a0Twitter\u00a0(<a rel=\"noreferrer noopener\" target=\"_blank\" href=\"https:\/\/twitter.com\/ansesgob\">@ansesgob<\/a>)\u00a0y Flickr\u00a0(<a rel=\"noreferrer noopener\" target=\"_blank\" href=\"https:\/\/www.flickr.com\/photos\/ansesgob\">www.flickr.com\/photos\/ansesgob<\/a>).\u00a0\u00a0 <\/p>\n\n\n\n<figure class=\"wp-block-image\"><img decoding=\"async\" src=\"https:\/\/dl-mail.ymail.com\/ws\/download\/mailboxes\/@.id==VjN-XFrT9pJ_5-ZKOqniBLY-7ySwfUZBD9cRWum6NAAq3N3Igfyh4A-A01vjNzvm0YhYyuvWuH2R9VTpCXo3P_bEJw\/messages\/@.id==AJ8HsIAJFikkXl1KCQENiP03cfs\/content\/parts\/@.id==5\/raw?appid=YMailNorrin&amp;ymreqid=254146c1-e10c-ef8a-1cb3-920000011f00&amp;token=zitEzqOML3j84e6ealFTT5U7-km5qEQF52lp7AcCuBbbf6PPJd29lIgLWzvAV8fPN-BLtSAg12IRu1vEpa8RPMW7Dqrs0YGSEYKknpC2ZeXhydOizlQfusQIrbpU7jY0\" alt=\"\"\/><figcaption> <strong>PENSIONES NO CONTRIBUTIVAS\u00a0<\/strong><em>*Todos los grupos de pago tienen tiempo para cobrar sus haberes hasta la fecha l\u00edmite correspondiente.<\/em> <\/figcaption><\/figure>\n\n\n\n<div class=\"wp-block-image\"><figure class=\"aligncenter is-resized\"><img loading=\"lazy\" decoding=\"async\" src=\"https:\/\/dl-mail.ymail.com\/ws\/download\/mailboxes\/@.id==VjN-XFrT9pJ_5-ZKOqniBLY-7ySwfUZBD9cRWum6NAAq3N3Igfyh4A-A01vjNzvm0YhYyuvWuH2R9VTpCXo3P_bEJw\/messages\/@.id==AJ8HsIAJFikkXl1KCQENiP03cfs\/content\/parts\/@.id==3\/raw?appid=YMailNorrin&amp;ymreqid=254146c1-e10c-ef8a-1cb3-920000011f00&amp;token=zitEzqOML3j84e6ealFTT5U7-km5qEQF52lp7AcCuBbbf6PPJd29lIgLWzvAV8fPN-BLtSAg12IRu1vEpa8RPMW7Dqrs0YGSEYKknpC2ZeXhydOizlQfusQIrbpU7jY0\" alt=\"\" width=\"588\" height=\"173\"\/><figcaption> <strong>ASIGNACIONES FAMILIARES DE PENSIONES NO CONTRIBUTIVAS<\/strong><em>*Todos los grupos de pago tienen tiempo para cobrar sus haberes hasta la fecha l\u00edmite correspondiente<\/em>. <\/figcaption><\/figure><\/div>\n\n\n\n<div class=\"wp-block-image\"><figure class=\"aligncenter\"><img decoding=\"async\" src=\"https:\/\/dl-mail.ymail.com\/ws\/download\/mailboxes\/@.id==VjN-XFrT9pJ_5-ZKOqniBLY-7ySwfUZBD9cRWum6NAAq3N3Igfyh4A-A01vjNzvm0YhYyuvWuH2R9VTpCXo3P_bEJw\/messages\/@.id==AJ8HsIAJFikkXl1KCQENiP03cfs\/content\/parts\/@.id==6\/raw?appid=YMailNorrin&amp;ymreqid=254146c1-e10c-ef8a-1cb3-920000011f00&amp;token=zitEzqOML3j84e6ealFTT5U7-km5qEQF52lp7AcCuBbbf6PPJd29lIgLWzvAV8fPN-BLtSAg12IRu1vEpa8RPMW7Dqrs0YGSEYKknpC2ZeXhydOizlQfusQIrbpU7jY0\" alt=\"\"\/><figcaption> <strong>JUBILADOS Y PENSIONADOS <\/strong>Haberes que NO SUPEREN la suma mensual de $17.859<em>*Todos los grupos de pago tienen tiempo  para cobrar sus haberes hasta la fecha l\u00edmite correspondiente<\/em> <\/figcaption><\/figure><\/div>\n\n\n\n<div class=\"wp-block-image\"><figure class=\"aligncenter\"><img decoding=\"async\" src=\"https:\/\/dl-mail.ymail.com\/ws\/download\/mailboxes\/@.id==VjN-XFrT9pJ_5-ZKOqniBLY-7ySwfUZBD9cRWum6NAAq3N3Igfyh4A-A01vjNzvm0YhYyuvWuH2R9VTpCXo3P_bEJw\/messages\/@.id==AJ8HsIAJFikkXl1KCQENiP03cfs\/content\/parts\/@.id==7\/raw?appid=YMailNorrin&amp;ymreqid=254146c1-e10c-ef8a-1cb3-920000011f00&amp;token=zitEzqOML3j84e6ealFTT5U7-km5qEQF52lp7AcCuBbbf6PPJd29lIgLWzvAV8fPN-BLtSAg12IRu1vEpa8RPMW7Dqrs0YGSEYKknpC2ZeXhydOizlQfusQIrbpU7jY0\" alt=\"\"\/><figcaption>Haberes que SUPEREN la suma mensual de $17.859<em>*Todos los grupos de pago tienen tiempo para cobrar sus haberes hasta la fecha l\u00edmite correspondiente.<\/em> <\/figcaption><\/figure><\/div>\n\n\n\n<div class=\"wp-block-image\"><figure class=\"aligncenter\"><img decoding=\"async\" src=\"https:\/\/dl-mail.ymail.com\/ws\/download\/mailboxes\/@.id==VjN-XFrT9pJ_5-ZKOqniBLY-7ySwfUZBD9cRWum6NAAq3N3Igfyh4A-A01vjNzvm0YhYyuvWuH2R9VTpCXo3P_bEJw\/messages\/@.id==AJ8HsIAJFikkXl1KCQENiP03cfs\/content\/parts\/@.id==8\/raw?appid=YMailNorrin&amp;ymreqid=254146c1-e10c-ef8a-1cb3-920000011f00&amp;token=zitEzqOML3j84e6ealFTT5U7-km5qEQF52lp7AcCuBbbf6PPJd29lIgLWzvAV8fPN-BLtSAg12IRu1vEpa8RPMW7Dqrs0YGSEYKknpC2ZeXhydOizlQfusQIrbpU7jY0\" alt=\"\"\/><figcaption> <strong>ASIGNACI\u00d3N UNIVERSAL POR EMBARAZO<\/strong><em> <\/em><em>*Todos los grupos de pago tienen tiempo para cobrar sus haberes hasta la fecha l\u00edmite correspondiente.<\/em> <\/figcaption><\/figure><\/div>\n\n\n\n<div class=\"wp-block-image\"><figure class=\"aligncenter\"><img decoding=\"async\" src=\"https:\/\/dl-mail.ymail.com\/ws\/download\/mailboxes\/@.id==VjN-XFrT9pJ_5-ZKOqniBLY-7ySwfUZBD9cRWum6NAAq3N3Igfyh4A-A01vjNzvm0YhYyuvWuH2R9VTpCXo3P_bEJw\/messages\/@.id==AJ8HsIAJFikkXl1KCQENiP03cfs\/content\/parts\/@.id==9\/raw?appid=YMailNorrin&amp;ymreqid=254146c1-e10c-ef8a-1cb3-920000011f00&amp;token=zitEzqOML3j84e6ealFTT5U7-km5qEQF52lp7AcCuBbbf6PPJd29lIgLWzvAV8fPN-BLtSAg12IRu1vEpa8RPMW7Dqrs0YGSEYKknpC2ZeXhydOizlQfusQIrbpU7jY0\" alt=\"\"\/><figcaption> <strong>ASIGNACI\u00d3N FAMILIAR Y UNIVERSAL POR HIJO<\/strong><em> <\/em><em>*Todos los grupos de pago tienen tiempo para cobrar sus haberes hasta la fecha l\u00edmite correspondiente.<\/em> <\/figcaption><\/figure><\/div>\n\n\n\n<div class=\"wp-block-image\"><figure class=\"aligncenter\"><img decoding=\"async\" src=\"https:\/\/dl-mail.ymail.com\/ws\/download\/mailboxes\/@.id==VjN-XFrT9pJ_5-ZKOqniBLY-7ySwfUZBD9cRWum6NAAq3N3Igfyh4A-A01vjNzvm0YhYyuvWuH2R9VTpCXo3P_bEJw\/messages\/@.id==AJ8HsIAJFikkXl1KCQENiP03cfs\/content\/parts\/@.id==10\/raw?appid=YMailNorrin&amp;ymreqid=254146c1-e10c-ef8a-1cb3-920000011f00&amp;token=zitEzqOML3j84e6ealFTT5U7-km5qEQF52lp7AcCuBbbf6PPJd29lIgLWzvAV8fPN-BLtSAg12IRu1vEpa8RPMW7Dqrs0YGSEYKknpC2ZeXhydOizlQfusQIrbpU7jY0\" alt=\"\"\/><figcaption> <strong>\u00a0ASIGNACIONES POR PRENATAL Y MATERNIDAD<\/strong><em> <\/em><em>*Todos los grupos de pago tienen tiempo para cobrar sus haberes hasta la fecha l\u00edmite correspondiente.<\/em> <\/figcaption><\/figure><\/div>\n\n\n\n<div class=\"wp-block-image\"><figure class=\"aligncenter\"><img decoding=\"async\" src=\"https:\/\/dl-mail.ymail.com\/ws\/download\/mailboxes\/@.id==VjN-XFrT9pJ_5-ZKOqniBLY-7ySwfUZBD9cRWum6NAAq3N3Igfyh4A-A01vjNzvm0YhYyuvWuH2R9VTpCXo3P_bEJw\/messages\/@.id==AJ8HsIAJFikkXl1KCQENiP03cfs\/content\/parts\/@.id==11\/raw?appid=YMailNorrin&amp;ymreqid=254146c1-e10c-ef8a-1cb3-920000011f00&amp;token=zitEzqOML3j84e6ealFTT5U7-km5qEQF52lp7AcCuBbbf6PPJd29lIgLWzvAV8fPN-BLtSAg12IRu1vEpa8RPMW7Dqrs0YGSEYKknpC2ZeXhydOizlQfusQIrbpU7jY0\" alt=\"\"\/><figcaption> <strong>ASIGNACIONES DE PAGO \u00daNICO (Matrimonio \u2013 Nacimiento \u2013 Adopci\u00f3n)\u00a0<\/strong> <\/figcaption><\/figure><\/div>\n\n\n\n<div class=\"wp-block-image\"><figure class=\"aligncenter\"><img decoding=\"async\" src=\"https:\/\/dl-mail.ymail.com\/ws\/download\/mailboxes\/@.id==VjN-XFrT9pJ_5-ZKOqniBLY-7ySwfUZBD9cRWum6NAAq3N3Igfyh4A-A01vjNzvm0YhYyuvWuH2R9VTpCXo3P_bEJw\/messages\/@.id==AJ8HsIAJFikkXl1KCQENiP03cfs\/content\/parts\/@.id==12\/raw?appid=YMailNorrin&amp;ymreqid=254146c1-e10c-ef8a-1cb3-920000011f00&amp;token=zitEzqOML3j84e6ealFTT5U7-km5qEQF52lp7AcCuBbbf6PPJd29lIgLWzvAV8fPN-BLtSAg12IRu1vEpa8RPMW7Dqrs0YGSEYKknpC2ZeXhydOizlQfusQIrbpU7jY0\" alt=\"\"\/><figcaption> <strong>PRESTACI\u00d3N POR DESEMPLEO<\/strong> Plan 1 <\/figcaption><\/figure><\/div>\n\n\n\n<div class=\"wp-block-image\"><figure class=\"aligncenter\"><img decoding=\"async\" src=\"https:\/\/dl-mail.ymail.com\/ws\/download\/mailboxes\/@.id==VjN-XFrT9pJ_5-ZKOqniBLY-7ySwfUZBD9cRWum6NAAq3N3Igfyh4A-A01vjNzvm0YhYyuvWuH2R9VTpCXo3P_bEJw\/messages\/@.id==AJ8HsIAJFikkXl1KCQENiP03cfs\/content\/parts\/@.id==13\/raw?appid=YMailNorrin&amp;ymreqid=254146c1-e10c-ef8a-1cb3-920000011f00&amp;token=zitEzqOML3j84e6ealFTT5U7-km5qEQF52lp7AcCuBbbf6PPJd29lIgLWzvAV8fPN-BLtSAg12IRu1vEpa8RPMW7Dqrs0YGSEYKknpC2ZeXhydOizlQfusQIrbpU7jY0\" alt=\"\"\/><figcaption> <strong>PRESTACI\u00d3N POR DESEMPLEO<\/strong> Plan 2 y 3<em>*Todos los grupos de pago tienen tiempo para cobrar sus haberes hasta la fecha l\u00edmite correspondiente.<\/em> <\/figcaption><\/figure><\/div>\n","protected":false},"excerpt":{"rendered":"<p>El cronograma, que corresponde a los meses de marzo, abril y mayo, ya est\u00e1 disponible para jubilados, pensionados y beneficiarios &#8230; <a title=\"Anses inform\u00f3 fechas de cobro para los pr\u00f3ximos tres meses\" class=\"read-more\" href=\"https:\/\/www.hoymercedes.com.ar\/principal\/2020\/03\/02\/anses-informo-fechas-de-cobro-para-los-proximos-tres-meses\/\" aria-label=\"Leer m\u00e1s sobre Anses inform\u00f3 fechas de cobro para los pr\u00f3ximos tres meses\">Leer m\u00e1s<\/a><\/p>\n","protected":false},"author":1,"featured_media":73507,"comment_status":"closed","ping_status":"open","sticky":false,"template":"","format":"standard","meta":{"_monsterinsights_skip_tracking":false,"_monsterinsights_sitenote_active":false,"_monsterinsights_sitenote_note":"","_monsterinsights_sitenote_category":0,"jetpack_post_was_ever_published":false,"_jetpack_newsletter_access":"","_jetpack_dont_email_post_to_subs":false,"_jetpack_newsletter_tier_id":0,"_jetpack_memberships_contains_paywalled_content":false,"_jetpack_memberships_contains_paid_content":false,"footnotes":"","jetpack_publicize_message":"","jetpack_publicize_feature_enabled":true,"jetpack_social_post_already_shared":true,"jetpack_social_options":{"image_generator_settings":{"template":"highway","default_image_id":0,"font":"","enabled":false},"version":2},"_wpas_customize_per_network":false},"categories":[8],"tags":[4,7944,13810],"class_list":["post-106856","post","type-post","status-publish","format-standard","has-post-thumbnail","hentry","category-sociedad","tag-anses","tag-jubilados","tag-pensionados","generate-columns","tablet-grid-50","mobile-grid-100","grid-parent","grid-50"],"jetpack_publicize_connections":[],"jetpack_featured_media_url":"https:\/\/www.hoymercedes.com.ar\/principal\/wp-content\/uploads\/2018\/03\/15-anses-logo.jpg","wps_subtitle":"Jubilados y pensionados","jetpack_sharing_enabled":true,"_links":{"self":[{"href":"https:\/\/www.hoymercedes.com.ar\/principal\/wp-json\/wp\/v2\/posts\/106856","targetHints":{"allow":["GET"]}}],"collection":[{"href":"https:\/\/www.hoymercedes.com.ar\/principal\/wp-json\/wp\/v2\/posts"}],"about":[{"href":"https:\/\/www.hoymercedes.com.ar\/principal\/wp-json\/wp\/v2\/types\/post"}],"author":[{"embeddable":true,"href":"https:\/\/www.hoymercedes.com.ar\/principal\/wp-json\/wp\/v2\/users\/1"}],"replies":[{"embeddable":true,"href":"https:\/\/www.hoymercedes.com.ar\/principal\/wp-json\/wp\/v2\/comments?post=106856"}],"version-history":[{"count":0,"href":"https:\/\/www.hoymercedes.com.ar\/principal\/wp-json\/wp\/v2\/posts\/106856\/revisions"}],"wp:featuredmedia":[{"embeddable":true,"href":"https:\/\/www.hoymercedes.com.ar\/principal\/wp-json\/wp\/v2\/media\/73507"}],"wp:attachment":[{"href":"https:\/\/www.hoymercedes.com.ar\/principal\/wp-json\/wp\/v2\/media?parent=106856"}],"wp:term":[{"taxonomy":"category","embeddable":true,"href":"https:\/\/www.hoymercedes.com.ar\/principal\/wp-json\/wp\/v2\/categories?post=106856"},{"taxonomy":"post_tag","embeddable":true,"href":"https:\/\/www.hoymercedes.com.ar\/principal\/wp-json\/wp\/v2\/tags?post=106856"}],"curies":[{"name":"wp","href":"https:\/\/api.w.org\/{rel}","templated":true}]}}