{"id":106858,"date":"2020-03-02T17:20:49","date_gmt":"2020-03-02T20:20:49","guid":{"rendered":"http:\/\/www.hoymercedes.com.ar\/principal\/?p=106858"},"modified":"2020-03-02T17:53:57","modified_gmt":"2020-03-02T20:53:57","slug":"concurso-nacional-potenciar-en-mercedes","status":"publish","type":"post","link":"https:\/\/www.hoymercedes.com.ar\/principal\/2020\/03\/02\/concurso-nacional-potenciar-en-mercedes\/","title":{"rendered":"Concurso nacional Potenciar en Mercedes"},"content":{"rendered":"\n<p>El mi\u00e9rcoles 18 de marzo a las 13:30 hs se realizar\u00e1 en el Centro de Referencia local una reuni\u00f3n informativa a fin de orientar a los emprendedores interesados en participar del concurso. Se ofrece a mayores de 40 a\u00f1os, con experiencia en un oficio y sin trabajo, kit de herramientas para los rubros de construcci\u00f3n, herrer\u00eda, gastronom\u00eda, textil, calzado y jardiner\u00eda.<\/p>\n\n\n\n<p>El Ministerio de\nDesarrollo Social de la Naci\u00f3n seleccionar\u00e1&nbsp;500 ganadores&nbsp;y\nlos&nbsp;mejores 250 proyectos&nbsp;recibir\u00e1n adem\u00e1s una&nbsp;Tablet Tit\u00e1n\nModelo PC7099ME&nbsp;o una&nbsp;Notebook ACER Modelo Aspire E 15, seg\u00fan\ndisponibilidad en stock.<\/p>\n\n\n\n<p>Durante 120 d\u00edas, el\nganador deber\u00e1 donar el 20% de su producci\u00f3n u 8 horas mensuales de trabajo (si\nel emprendimiento es de servicios), a una instituci\u00f3n sin fines de lucro que\nelija. Hay tiempo hasta el <strong>31 de marzo <\/strong>para\npresentar el proyecto y s\u00f3lo se puede presentar una propuesta individual o por\ngrupo.<\/p>\n\n\n\n<p>Para participar se deber\u00e1 completar v\u00eda web una gu\u00eda de presentaci\u00f3n de\nproyectos que en el caso de que\nno dispongas de los medios para completarla, pod\u00e9s asistir al Centro de\nReferencia del Ministerio de Desarrollo Social de la Naci\u00f3n m\u00e1s cercano y\nutilizar las instalaciones.<\/p>\n\n\n\n<p>Los requerimientos que ten\u00e9s que\ncumplir son: tener 40 a\u00f1os o m\u00e1s y estar desocupado o desocupada, contar con\nexperiencia en el oficio o capacitaci\u00f3n profesional. Tener un espacio f\u00edsico\npara desarrollar el proyecto y guardar las maquinarias y herramientas de manera\nsegura. Residir legalmente en el pa\u00eds, al menos durante el a\u00f1o inmediatamente\nanterior a la fecha de la presentaci\u00f3n del proyecto. <\/p>\n\n\n\n<p>El jurado que seleccionar\u00e1 los proyectos est\u00e1 integrado por una <strong>Comisi\u00f3n Evaluadora<\/strong>,\nestar\u00e1 conformada por Paula Canelo (directora del Centro de Investigaci\u00f3n para\nlos Trabajadores, CONICET &#8211; UMET), Marina Dal Pogetto (de la consultora Eco\nGo), Agust\u00edn D\u00b4 Attellis (AD Consultores), Marysol Rodr\u00edguez (UIA) e Isaac\nRudnik (Instituto de Investigaci\u00f3n Social, Econ\u00f3mica y Pol\u00edtica Ciudadana). <\/p>\n\n\n\n<p>Los proyectos ser\u00e1n seleccionados de acuerdo a la pertinencia de\nla tipolog\u00eda establecida, los antecedentes e idoneidad en el rubro, si se\ntienen realizados curso de formaci\u00f3n, tambi\u00e9n se valorar\u00e1 su justificaci\u00f3n y la\ncoherencia en los plazos previstos para su ejecuci\u00f3n.<\/p>\n\n\n\n<p><strong>Una vez presentados, la Comisi\u00f3n tendr\u00e1\nhasta 30 (treinta) d\u00edas h\u00e1biles posteriores al cierre de presentaci\u00f3n de los\nproyectos, para elegir a los ganadores.<\/strong>&nbsp;Con\nposterioridad, el Ministerio de Desarrollo Social de la Naci\u00f3n publicar\u00e1 la\nn\u00f3mina de los proyectos aprobados y dichas decisiones son inapelables. Tambi\u00e9n\npodr\u00e1 modificar la composici\u00f3n de los kits de maquinarias y herramientas, con\nla debida justificaci\u00f3n y expresa conformidad del o la responsable del\nproyecto.<\/p>\n\n\n\n<p>Los proyectos ganadores que no hayan cumplido con la entrega de\nla documentaci\u00f3n necesaria dentro de los 30 (treinta) d\u00edas corridos posteriores\na la notificaci\u00f3n de su elecci\u00f3n, ser\u00e1n dados de baja a trav\u00e9s del acto\nadministrativo pertinente en el que consten los motivos del mismo.&nbsp;<strong>El proyecto siguiente en orden de\nm\u00e9rito que haya sido seleccionado, pasar\u00e1 a ocupar ese lugar.<\/strong><\/p>\n\n\n\n<p>Los y las responsables de los proyectos ganadores tendr\u00e1n un\nplazo m\u00e1ximo de&nbsp;<strong>30\n(treinta) d\u00edas corridos<\/strong>&nbsp;desde la publicaci\u00f3n de los\nresultados, para presentarse, con DNI vigente, ante el Centro de Referencia del\nMinisterio de Desarrollo Social de la Naci\u00f3n m\u00e1s cercano. <\/p>\n\n\n\n<h3 class=\"wp-block-heading\">Kit #1<\/h3>\n\n\n\n<ul class=\"wp-block-list\"><li>HORNO      PASTELERO DE 12 MOLDES<\/li><li>HORNO      PIZZERO 6 MOLDES<\/li><li>AMASADORA      DE 20 KG<\/li><li>CAMPANA\/EXTRACTOR<\/li><\/ul>\n\n\n\n<h2 class=\"wp-block-heading\">Kit #2<\/h2>\n\n\n\n<hr class=\"wp-block-separator\"\/>\n\n\n\n<ul class=\"wp-block-list\"><li>AMANSADORA<\/li><li>COCINA\n     INDUSTRIAL 4 HORNALLAS<\/li><li>FREIDORA\n     10 LTS<\/li><li>HORNO\n     PASTELERO 6 MOLDES<\/li><\/ul>\n\n\n\n<h3 class=\"wp-block-heading\">Kit #3<\/h3>\n\n\n\n<hr class=\"wp-block-separator\"\/>\n\n\n\n<ul class=\"wp-block-list\"><li>HORNO\n     ELECTRICO<\/li><li>HORNO\n     PIZZERO 12 MOLDES<\/li><li>OLLA\n     100 LTS<\/li><li>CACEROLA\n     25 LTS<\/li><\/ul>\n\n\n\n<h3 class=\"wp-block-heading\">Kit #4<\/h3>\n\n\n\n<hr class=\"wp-block-separator\"\/>\n\n\n\n<ul class=\"wp-block-list\"><li>FREIDORA\n     10 LTS<\/li><li>HORNO\n     PIZZERO 12 MOLDES<\/li><li>OLLA\n     100 LTS<\/li><li>LICUADORA<\/li><\/ul>\n\n\n\n<h3 class=\"wp-block-heading\">Kit #5<\/h3>\n\n\n\n<hr class=\"wp-block-separator\"\/>\n\n\n\n<ul class=\"wp-block-list\"><li>FREIDORA\n     10 LTS<\/li><li>HORNO\n     PIZZERO 12 MOLDES<\/li><li>HORNO\n     PASTELERO 6 MOLDES<\/li><li>OLLA\n     25 LTS<\/li><\/ul>\n\n\n\n<h3 class=\"wp-block-heading\">Kit #6<\/h3>\n\n\n\n<hr class=\"wp-block-separator\"\/>\n\n\n\n<ul class=\"wp-block-list\"><li>HORNO\n     PASTELERO 6 MOLDES<\/li><li>HORNO\n     PIZZERO 12 MOLDES<\/li><li>OLLA\n     50 LTS<\/li><\/ul>\n\n\n\n<h3 class=\"wp-block-heading\">Kit #7<\/h3>\n\n\n\n<hr class=\"wp-block-separator\"\/>\n\n\n\n<ul class=\"wp-block-list\"><li>HORNO\n     PASTELERO 6 MOLDES<\/li><li>OLLA\n     50 LTS<\/li><li>FREEZER\n     500 LTS<\/li><li>COCINA\n     INDUSTRIAL 4 HORNALLAS<\/li><\/ul>\n\n\n\n<h3 class=\"wp-block-heading\">Kit #8<\/h3>\n\n\n\n<hr class=\"wp-block-separator\"\/>\n\n\n\n<ul class=\"wp-block-list\"><li>COCINA\n     INDUSTRIAL 4 HORNALLAS<\/li><li>HORNO\n     PASTELERO 6 MOLDES<\/li><li>HORNO\n     ELECTRICO<\/li><li>OLLA\n     50 LTS<\/li><\/ul>\n\n\n\n<h3 class=\"wp-block-heading\">Kit #9<\/h3>\n\n\n\n<hr class=\"wp-block-separator\"\/>\n\n\n\n<ul class=\"wp-block-list\"><li>HORNO\n     PIZZERO 6 MOLDES<\/li><li>HORNO\n     PASTELERO 6 MOLDES<\/li><li>OLLA\n     50 LTS<\/li><\/ul>\n","protected":false},"excerpt":{"rendered":"<p>El mi\u00e9rcoles 18 de marzo a las 13:30 hs se realizar\u00e1 en el Centro de Referencia local una reuni\u00f3n informativa &#8230; <a title=\"Concurso nacional Potenciar en Mercedes\" class=\"read-more\" href=\"https:\/\/www.hoymercedes.com.ar\/principal\/2020\/03\/02\/concurso-nacional-potenciar-en-mercedes\/\" aria-label=\"Leer m\u00e1s sobre Concurso nacional Potenciar en Mercedes\">Leer m\u00e1s<\/a><\/p>\n","protected":false},"author":1,"featured_media":106859,"comment_status":"closed","ping_status":"open","sticky":false,"template":"","format":"standard","meta":{"_monsterinsights_skip_tracking":false,"_monsterinsights_sitenote_active":false,"_monsterinsights_sitenote_note":"","_monsterinsights_sitenote_category":0,"jetpack_post_was_ever_published":false,"_jetpack_newsletter_access":"","_jetpack_dont_email_post_to_subs":false,"_jetpack_newsletter_tier_id":0,"_jetpack_memberships_contains_paywalled_content":false,"_jetpack_memberships_contains_paid_content":false,"footnotes":"","jetpack_publicize_message":"","jetpack_publicize_feature_enabled":true,"jetpack_social_post_already_shared":true,"jetpack_social_options":{"image_generator_settings":{"template":"highway","default_image_id":0,"font":"","enabled":false},"version":2},"_wpas_customize_per_network":false},"categories":[5210],"tags":[8753,16244,9957],"class_list":["post-106858","post","type-post","status-publish","format-standard","has-post-thumbnail","hentry","category-politica-nacional","tag-cdr","tag-potenciar","tag-programa-nacional","generate-columns","tablet-grid-50","mobile-grid-100","grid-parent","grid-50"],"jetpack_publicize_connections":[],"jetpack_featured_media_url":"https:\/\/www.hoymercedes.com.ar\/principal\/wp-content\/uploads\/2020\/03\/02-pro-CDR.jpg","wps_subtitle":"En el CDR","jetpack_sharing_enabled":true,"_links":{"self":[{"href":"https:\/\/www.hoymercedes.com.ar\/principal\/wp-json\/wp\/v2\/posts\/106858","targetHints":{"allow":["GET"]}}],"collection":[{"href":"https:\/\/www.hoymercedes.com.ar\/principal\/wp-json\/wp\/v2\/posts"}],"about":[{"href":"https:\/\/www.hoymercedes.com.ar\/principal\/wp-json\/wp\/v2\/types\/post"}],"author":[{"embeddable":true,"href":"https:\/\/www.hoymercedes.com.ar\/principal\/wp-json\/wp\/v2\/users\/1"}],"replies":[{"embeddable":true,"href":"https:\/\/www.hoymercedes.com.ar\/principal\/wp-json\/wp\/v2\/comments?post=106858"}],"version-history":[{"count":0,"href":"https:\/\/www.hoymercedes.com.ar\/principal\/wp-json\/wp\/v2\/posts\/106858\/revisions"}],"wp:featuredmedia":[{"embeddable":true,"href":"https:\/\/www.hoymercedes.com.ar\/principal\/wp-json\/wp\/v2\/media\/106859"}],"wp:attachment":[{"href":"https:\/\/www.hoymercedes.com.ar\/principal\/wp-json\/wp\/v2\/media?parent=106858"}],"wp:term":[{"taxonomy":"category","embeddable":true,"href":"https:\/\/www.hoymercedes.com.ar\/principal\/wp-json\/wp\/v2\/categories?post=106858"},{"taxonomy":"post_tag","embeddable":true,"href":"https:\/\/www.hoymercedes.com.ar\/principal\/wp-json\/wp\/v2\/tags?post=106858"}],"curies":[{"name":"wp","href":"https:\/\/api.w.org\/{rel}","templated":true}]}}