{"id":106875,"date":"2020-03-02T21:07:52","date_gmt":"2020-03-03T00:07:52","guid":{"rendered":"http:\/\/www.hoymercedes.com.ar\/principal\/?p=106875"},"modified":"2020-03-03T13:59:42","modified_gmt":"2020-03-03T16:59:42","slug":"operativos-viales-durante-el-fin-de-semana","status":"publish","type":"post","link":"https:\/\/www.hoymercedes.com.ar\/principal\/2020\/03\/02\/operativos-viales-durante-el-fin-de-semana\/","title":{"rendered":"Operativos viales durante el fin de semana"},"content":{"rendered":"\n<p>Se realizaron controles y operativo de seguridad vial durante el fin de semana dando continuaci\u00f3n al trabajo de prevenci\u00f3n de la Secretar\u00eda de Seguridad del Municipio de Mercedes en zonas c\u00e9ntricas y accesos de la ciudad. Estos operativos tienen como objetivo la seguridad ciudadana realizando control vehicular y alcoholemia. Hubo este fin de semana secuestros vehiculares.<\/p>\n\n\n\n<figure class=\"wp-block-image size-large\"><img loading=\"lazy\" decoding=\"async\" width=\"800\" height=\"534\" data-attachment-id=\"106876\" data-permalink=\"https:\/\/www.hoymercedes.com.ar\/principal\/2020\/03\/02\/operativos-viales-durante-el-fin-de-semana\/operativodeseguridad_copy_800x534\/#main\" data-orig-file=\"https:\/\/www.hoymercedes.com.ar\/principal\/wp-content\/uploads\/2020\/03\/OperativoDeSeguridad_copy_800x534.jpg\" data-orig-size=\"800,534\" data-comments-opened=\"0\" data-image-meta=\"{&quot;aperture&quot;:&quot;0&quot;,&quot;credit&quot;:&quot;&quot;,&quot;camera&quot;:&quot;&quot;,&quot;caption&quot;:&quot;&quot;,&quot;created_timestamp&quot;:&quot;0&quot;,&quot;copyright&quot;:&quot;&quot;,&quot;focal_length&quot;:&quot;0&quot;,&quot;iso&quot;:&quot;0&quot;,&quot;shutter_speed&quot;:&quot;0&quot;,&quot;title&quot;:&quot;&quot;,&quot;orientation&quot;:&quot;0&quot;}\" data-image-title=\"OperativoDeSeguridad_copy_800x534\" data-image-description=\"\" data-image-caption=\"\" data-large-file=\"https:\/\/www.hoymercedes.com.ar\/principal\/wp-content\/uploads\/2020\/03\/OperativoDeSeguridad_copy_800x534.jpg\" src=\"https:\/\/www.hoymercedes.com.ar\/principal\/wp-content\/uploads\/2020\/03\/OperativoDeSeguridad_copy_800x534.jpg\" alt=\"\" class=\"wp-image-106876\"\/><\/figure>\n\n\n\n<p>El sub secretario del \u00e1rea, Gonzalo Anselmo, quien fue parte operativa de estos trabajos de prevenci\u00f3n, se\u00f1al\u00f3 \u201chay una pol\u00edtica de Estado que venimos sosteniendo junto al Secretario de Seguridad, Gast\u00f3n Arenas, no bien asumimos, donde los operativos de seguridad van a ser una constante\u201d y agreg\u00f3 \u201cespecialmente con lo que tiene que ver con seguridad vial con \u00fanico norte, que es cuidar la vida de nuestros vecinos\u201d.<\/p>\n\n\n\n<p>En cuanto a los trabajos a nivel de seguridad vial realizados este \u00faltimo fin de semana, Anselmo indic\u00f3 \u201cfueron operativos fuertes con presencia de efectivos policiales -con quienes trabajamos de manera conjunta- y nuestros inspectores de tr\u00e1nsito\u201d.<\/p>\n\n\n\n<p>En cuanto a las observaciones de los vecinos por esta labor, el subsecretario manifest\u00f3 \u201cla recepci\u00f3n es muy buena, los vecinos que son abordados en los diferentes operativos lo toman bien y en su mayor\u00eda prestan conformidad\u201d.&nbsp;&nbsp;&nbsp;&nbsp;&nbsp;&nbsp;<\/p>\n\n\n\n<p>Estos operativos se est\u00e1n volviendo una sana costumbre en la ciudad y vienen a sumarse a los registros informativos que todos los d\u00edas se efect\u00faan en los p\u00f3rticos de acceso a la ciudad &#8211; avenida 2 y ruta 41 y avenida 40 \u2013que cuentan con c\u00e1maras y lectores de patentes, tecnolog\u00eda puesta al servicio de la seguridad por el Municipio de Mercedes.&nbsp;&nbsp;&nbsp;&nbsp;<\/p>\n\n\n\n<p>Hubo, adem\u00e1s, secuestros de motos e incluso un caso que se destac\u00f3 del resto por el alto grado de alcohol que ten\u00eda el conductor qu\u00e9, l\u00f3gicamente, no pudo seguir su marcha y ahora deber\u00e1 rendir cuentas por violar las normas.<\/p>\n\n\n\n<p>Fuente: Prensa Municipal<\/p>\n","protected":false},"excerpt":{"rendered":"<p>Se realizaron controles y operativo de seguridad vial durante el fin de semana dando continuaci\u00f3n al trabajo de prevenci\u00f3n de &#8230; <a title=\"Operativos viales durante el fin de semana\" class=\"read-more\" href=\"https:\/\/www.hoymercedes.com.ar\/principal\/2020\/03\/02\/operativos-viales-durante-el-fin-de-semana\/\" aria-label=\"Leer m\u00e1s sobre Operativos viales durante el fin de semana\">Leer m\u00e1s<\/a><\/p>\n","protected":false},"author":1,"featured_media":106876,"comment_status":"closed","ping_status":"open","sticky":false,"template":"","format":"standard","meta":{"_monsterinsights_skip_tracking":false,"_monsterinsights_sitenote_active":false,"_monsterinsights_sitenote_note":"","_monsterinsights_sitenote_category":0,"jetpack_post_was_ever_published":false,"_jetpack_newsletter_access":"","_jetpack_dont_email_post_to_subs":false,"_jetpack_newsletter_tier_id":0,"_jetpack_memberships_contains_paywalled_content":false,"_jetpack_memberships_contains_paid_content":false,"footnotes":"","jetpack_publicize_message":"","jetpack_publicize_feature_enabled":true,"jetpack_social_post_already_shared":true,"jetpack_social_options":{"image_generator_settings":{"template":"highway","default_image_id":0,"font":"","enabled":false},"version":2},"_wpas_customize_per_network":false},"categories":[30],"tags":[244,96,626],"class_list":["post-106875","post","type-post","status-publish","format-standard","has-post-thumbnail","hentry","category-municipio","tag-municipio-2","tag-policial-2","tag-seguridad-vial","generate-columns","tablet-grid-50","mobile-grid-100","grid-parent","grid-50"],"jetpack_publicize_connections":[],"jetpack_featured_media_url":"https:\/\/www.hoymercedes.com.ar\/principal\/wp-content\/uploads\/2020\/03\/OperativoDeSeguridad_copy_800x534.jpg","wps_subtitle":"Seguridad vial","jetpack_sharing_enabled":true,"_links":{"self":[{"href":"https:\/\/www.hoymercedes.com.ar\/principal\/wp-json\/wp\/v2\/posts\/106875","targetHints":{"allow":["GET"]}}],"collection":[{"href":"https:\/\/www.hoymercedes.com.ar\/principal\/wp-json\/wp\/v2\/posts"}],"about":[{"href":"https:\/\/www.hoymercedes.com.ar\/principal\/wp-json\/wp\/v2\/types\/post"}],"author":[{"embeddable":true,"href":"https:\/\/www.hoymercedes.com.ar\/principal\/wp-json\/wp\/v2\/users\/1"}],"replies":[{"embeddable":true,"href":"https:\/\/www.hoymercedes.com.ar\/principal\/wp-json\/wp\/v2\/comments?post=106875"}],"version-history":[{"count":0,"href":"https:\/\/www.hoymercedes.com.ar\/principal\/wp-json\/wp\/v2\/posts\/106875\/revisions"}],"wp:featuredmedia":[{"embeddable":true,"href":"https:\/\/www.hoymercedes.com.ar\/principal\/wp-json\/wp\/v2\/media\/106876"}],"wp:attachment":[{"href":"https:\/\/www.hoymercedes.com.ar\/principal\/wp-json\/wp\/v2\/media?parent=106875"}],"wp:term":[{"taxonomy":"category","embeddable":true,"href":"https:\/\/www.hoymercedes.com.ar\/principal\/wp-json\/wp\/v2\/categories?post=106875"},{"taxonomy":"post_tag","embeddable":true,"href":"https:\/\/www.hoymercedes.com.ar\/principal\/wp-json\/wp\/v2\/tags?post=106875"}],"curies":[{"name":"wp","href":"https:\/\/api.w.org\/{rel}","templated":true}]}}