{"id":106933,"date":"2020-03-04T10:27:55","date_gmt":"2020-03-04T13:27:55","guid":{"rendered":"http:\/\/www.hoymercedes.com.ar\/principal\/?p=106933"},"modified":"2020-03-04T16:03:58","modified_gmt":"2020-03-04T19:03:58","slug":"robo-huyo-y-lo-detienen-con-la-colaboracion-de-los-vecinos","status":"publish","type":"post","link":"https:\/\/www.hoymercedes.com.ar\/principal\/2020\/03\/04\/robo-huyo-y-lo-detienen-con-la-colaboracion-de-los-vecinos\/","title":{"rendered":"Rob\u00f3, huy\u00f3 y lo detienen con la colaboraci\u00f3n de los vecinos"},"content":{"rendered":"\n<p>En las primeras horas de la ma\u00f1ana, cerca de las 6:30, los vecinos de la 105, entre calles 22 y 24, ayudaron a detener a un joven que minutos antes hab\u00eda robado y hurtado en la zona y cuando intent\u00f3 huir ingresando a otra casa, la polic\u00eda logra detenerlo con la colaboraci\u00f3n de los vecinos. <\/p>\n\n\n\n<p>Trascendi\u00f3 que el joven cometi\u00f3 un robo simple y un hurto por escalamiento en unas horas. Lo robado no habr\u00eda sido de gran valor. Cuando lo agarra la polic\u00eda, logra escaparse e ingresa a otra casa donde los mismos vecinos ayudan a detenerlo. <\/p>\n\n\n\n<p>La polic\u00eda\nlo llev\u00f3 a la dependencias policiales de 22, entre 7 y 9, lo puso a disposici\u00f3n\nde la fiscal\u00eda que le tomar\u00eda declaraci\u00f3n este jueves. <\/p>\n","protected":false},"excerpt":{"rendered":"<p>En las primeras horas de la ma\u00f1ana, cerca de las 6:30, los vecinos de la 105, entre calles 22 y &#8230; <a title=\"Rob\u00f3, huy\u00f3 y lo detienen con la colaboraci\u00f3n de los vecinos\" class=\"read-more\" href=\"https:\/\/www.hoymercedes.com.ar\/principal\/2020\/03\/04\/robo-huyo-y-lo-detienen-con-la-colaboracion-de-los-vecinos\/\" aria-label=\"Leer m\u00e1s sobre Rob\u00f3, huy\u00f3 y lo detienen con la colaboraci\u00f3n de los vecinos\">Leer m\u00e1s<\/a><\/p>\n","protected":false},"author":1,"featured_media":106934,"comment_status":"closed","ping_status":"open","sticky":false,"template":"","format":"standard","meta":{"_monsterinsights_skip_tracking":false,"_monsterinsights_sitenote_active":false,"_monsterinsights_sitenote_note":"","_monsterinsights_sitenote_category":0,"jetpack_post_was_ever_published":false,"_jetpack_newsletter_access":"","_jetpack_dont_email_post_to_subs":false,"_jetpack_newsletter_tier_id":0,"_jetpack_memberships_contains_paywalled_content":false,"_jetpack_memberships_contains_paid_content":false,"footnotes":"","jetpack_publicize_message":"","jetpack_publicize_feature_enabled":true,"jetpack_social_post_already_shared":true,"jetpack_social_options":{"image_generator_settings":{"template":"highway","default_image_id":0,"font":"","enabled":false},"version":2},"_wpas_customize_per_network":false},"categories":[85],"tags":[10352,15101,96,889],"class_list":["post-106933","post","type-post","status-publish","format-standard","has-post-thumbnail","hentry","category-policial","tag-detencion","tag-hurto","tag-policial-2","tag-robo","generate-columns","tablet-grid-50","mobile-grid-100","grid-parent","grid-50"],"jetpack_publicize_connections":[],"jetpack_featured_media_url":"https:\/\/www.hoymercedes.com.ar\/principal\/wp-content\/uploads\/2020\/03\/04-policia-calle-22.jpg","wps_subtitle":"En las primeras horas de la ma\u00f1ana","jetpack_sharing_enabled":true,"_links":{"self":[{"href":"https:\/\/www.hoymercedes.com.ar\/principal\/wp-json\/wp\/v2\/posts\/106933","targetHints":{"allow":["GET"]}}],"collection":[{"href":"https:\/\/www.hoymercedes.com.ar\/principal\/wp-json\/wp\/v2\/posts"}],"about":[{"href":"https:\/\/www.hoymercedes.com.ar\/principal\/wp-json\/wp\/v2\/types\/post"}],"author":[{"embeddable":true,"href":"https:\/\/www.hoymercedes.com.ar\/principal\/wp-json\/wp\/v2\/users\/1"}],"replies":[{"embeddable":true,"href":"https:\/\/www.hoymercedes.com.ar\/principal\/wp-json\/wp\/v2\/comments?post=106933"}],"version-history":[{"count":0,"href":"https:\/\/www.hoymercedes.com.ar\/principal\/wp-json\/wp\/v2\/posts\/106933\/revisions"}],"wp:featuredmedia":[{"embeddable":true,"href":"https:\/\/www.hoymercedes.com.ar\/principal\/wp-json\/wp\/v2\/media\/106934"}],"wp:attachment":[{"href":"https:\/\/www.hoymercedes.com.ar\/principal\/wp-json\/wp\/v2\/media?parent=106933"}],"wp:term":[{"taxonomy":"category","embeddable":true,"href":"https:\/\/www.hoymercedes.com.ar\/principal\/wp-json\/wp\/v2\/categories?post=106933"},{"taxonomy":"post_tag","embeddable":true,"href":"https:\/\/www.hoymercedes.com.ar\/principal\/wp-json\/wp\/v2\/tags?post=106933"}],"curies":[{"name":"wp","href":"https:\/\/api.w.org\/{rel}","templated":true}]}}