{"id":106937,"date":"2020-03-04T11:20:00","date_gmt":"2020-03-04T14:20:00","guid":{"rendered":"http:\/\/www.hoymercedes.com.ar\/principal\/?p=106937"},"modified":"2020-03-04T10:54:06","modified_gmt":"2020-03-04T13:54:06","slug":"reunion-del-senasa-en-busca-del-desarrollo-de-las-economias-regionales","status":"publish","type":"post","link":"https:\/\/www.hoymercedes.com.ar\/principal\/2020\/03\/04\/reunion-del-senasa-en-busca-del-desarrollo-de-las-economias-regionales\/","title":{"rendered":"Reuni\u00f3n del SENASA en busca del desarrollo de las econom\u00edas regionales"},"content":{"rendered":"\n<p>El Servicio Nacional de Sanidad y Calidad Agroalimentaria (Senasa), busca que su nueva estructura regional resulte clave en el apoyo al desarrollo de las econom\u00edas regionales y al amplio espectro de los productores agropecuarios.  El director del  Centro Regional Buenos Aires Norte,  Emilio Iglesias Berrondo, propuso estrategias de acompa\u00f1amiento al productor a nivel nacional.  <\/p>\n\n\n\n<figure class=\"wp-block-image size-large\"><img loading=\"lazy\" decoding=\"async\" width=\"800\" height=\"500\" data-attachment-id=\"106938\" data-permalink=\"https:\/\/www.hoymercedes.com.ar\/principal\/2020\/03\/04\/reunion-del-senasa-en-busca-del-desarrollo-de-las-economias-regionales\/04-senasa-regional\/#main\" data-orig-file=\"https:\/\/www.hoymercedes.com.ar\/principal\/wp-content\/uploads\/2020\/03\/04-Senasa-regional.jpg\" data-orig-size=\"800,500\" data-comments-opened=\"0\" data-image-meta=\"{&quot;aperture&quot;:&quot;0&quot;,&quot;credit&quot;:&quot;&quot;,&quot;camera&quot;:&quot;&quot;,&quot;caption&quot;:&quot;&quot;,&quot;created_timestamp&quot;:&quot;0&quot;,&quot;copyright&quot;:&quot;&quot;,&quot;focal_length&quot;:&quot;0&quot;,&quot;iso&quot;:&quot;0&quot;,&quot;shutter_speed&quot;:&quot;0&quot;,&quot;title&quot;:&quot;&quot;,&quot;orientation&quot;:&quot;0&quot;}\" data-image-title=\"04 Senasa regional\" data-image-description=\"\" data-image-caption=\"\" data-large-file=\"https:\/\/www.hoymercedes.com.ar\/principal\/wp-content\/uploads\/2020\/03\/04-Senasa-regional.jpg\" src=\"https:\/\/www.hoymercedes.com.ar\/principal\/wp-content\/uploads\/2020\/03\/04-Senasa-regional.jpg\" alt=\"\" class=\"wp-image-106938\"\/><\/figure>\n\n\n\n<p>As\u00ed\nqued\u00f3 claro durante el <strong>encuentro\nfederal celebrado el pasado 3 de febrero, en la sede central del organismo que\nencabezaron el ministro de Agricultura, Ganader\u00eda y Pesca de la Naci\u00f3n, Luis\nBasterra, y los presidente y vicepresidente del Senasa, Carlos Paz y Carlos\nMilicevic<\/strong>, respectivamente, en el que participaron los\ndirectores nacionales y regionales de la entidad.<\/p>\n\n\n\n<p><strong>Basterra\ndio absoluto respaldo y pidi\u00f3 estar alerta ante cualquier se\u00f1al que pueda poner\nen riesgo nuestros sistemas productivos<\/strong><strong>.<\/strong> <em>\u00abApoyamos la tarea que est\u00e1 haciendo el Senasa y acompa\u00f1amos el\ntrabajo de los centros regionales ya que debemos realizar una tarea en equipo. <strong>Es tremendamente importante la\nresponsabilidad que tiene el Senasa de ser custodio de la sanidad animal y\nvegetal y de la inocuidad de los agroalimentos\u00bb<\/strong><\/em><strong>, afirm\u00f3 el ministro durante el\nencuentro<\/strong><strong>.<\/strong><\/p>\n\n\n\n<p><strong>Paz\ndestac\u00f3 el <em>\u201cfundamental e imprescindible\nrol del Senasa\u201d tanto \u201cen el mercado interno, en la lucha contra el hambre, la\neconom\u00eda social y la seguridad alimentaria, sumado a las exportaciones\u201d en el\ncuidado de \u201cla sanidad y la inocuidad\u201d<\/em><\/strong><strong><em>.<\/em><\/strong><strong><\/strong><\/p>\n\n\n\n<p>A\u00f1adi\u00f3\nque <em>\u201csomos la matriz de uno de los\norganismos m\u00e1s complejos qu\u00e9 hay en el pa\u00eds. Para la tarea de estos niveles de\nconducci\u00f3n se requiere una sensibilidad especial, para trabajar con grupos\nhumanos, por eso los convoco en pos de este objetivo\u201d.<\/em><\/p>\n\n\n\n<p>Finalmente\n<strong>el presidente del Senasa\ninst\u00f3 a buscar la mejor relaci\u00f3n posible con los gobiernos provinciales,\nmunicipales, con los productores y todos los actores de las cadenas. <em>\u201cTenemos que hacer un esfuerzo por\nrecomponer los v\u00ednculos y por acordar los circuitos de comunicaci\u00f3n y\nrespetarlos\u201d<\/em><\/strong><strong>.<\/strong><\/p>\n\n\n\n<p>Por su parte, Milicevic explic\u00f3 que \u201ccon estos cambios vamos a tener una mirada federal y regional. La regionalizaci\u00f3n naci\u00f3 con una l\u00f3gica de federalizar al organismo y de descentralizarlo. El Servicio tiene que funcionar de manera matricial\u201d y afirm\u00f3 que \u201cla idea es volver a trabajar al campo, fortalecer a la Direcci\u00f3n Nacional de Operaciones para poder llevar a cabo la regionalizaci\u00f3n y ayudar a los productores\u201d.<\/p>\n\n\n\n<p>Durante\nel encuentro se present\u00f3 la nueva estructura de los centros regionales,\nexperiencias, antecedentes y roles, al igual que la de la Direcci\u00f3n Nacional de\nOperaciones (DNO), a cargo de Juan \u00c1ngel Cruz, encargada de supervisar el\nfuncionamiento de las distintas regiones y de su vinculaci\u00f3n con las otras\ndirecciones nacionales.<\/p>\n\n\n\n<p>En\nla oportunidad se analiz\u00f3 el Plan de Trabajo de la DNO y la Planificaci\u00f3n y\nGerenciamiento Regional: vinculaci\u00f3n e inserci\u00f3n del Senasa en el medio\nregional y local con las distintas \u00e1reas de gobierno, entidades p\u00fablicas,\nprivadas y entes sanitarios. Seguimiento y Control de Gesti\u00f3n y la Informaci\u00f3n\npara la construcci\u00f3n de bases de datos s\u00f3lidas y confiables para la toma de\ndecisiones.<\/p>\n\n\n\n<p>En\nlo que respecta al Centro Regional Buenos Aires Norte, su director, Emilio\nIglesias Berrondo, desarroll\u00f3 brevemente su diagn\u00f3stico en base a la realidad\nregional encontrada hasta el momento a lo que sum\u00f3 una serie de propuestas&nbsp; y aportes en direcci\u00f3n a los objetivos\nt\u00e9cnicos\/sanitarios, los cuales van en concordancia con la estrategia de\nacompa\u00f1amiento al productor a nivel nacional. <\/p>\n\n\n\n<p>Del\nencuentro participaron adem\u00e1s los directores regionales Aldo Combessies,\nC\u00f3rdoba; Carlos Lehmacher, Cuyo; Horacio Crovetto, Patagonia Sur; Ricardo S\u00e1nchez,\nPatagonia Norte; Luis Leppen, Metropolitano; V\u00edctor Di Pascuale, Santa Fe-Entre\nR\u00edos; Jorge Cabral, NOA Norte; Luis Carn\u00e9, La Pampa-San Luis; Facundo Galvani,\nChaco-Formosa; Eduardo Castro, NOA Sur; Emiliano Cacace, Buenos Aires Sur y\nPedro M\u00e9ndez, Corrientes-Misiones.<\/p>\n","protected":false},"excerpt":{"rendered":"<p>El Servicio Nacional de Sanidad y Calidad Agroalimentaria (Senasa), busca que su nueva estructura regional resulte clave en el apoyo &#8230; <a title=\"Reuni\u00f3n del SENASA en busca del desarrollo de las econom\u00edas regionales\" class=\"read-more\" href=\"https:\/\/www.hoymercedes.com.ar\/principal\/2020\/03\/04\/reunion-del-senasa-en-busca-del-desarrollo-de-las-economias-regionales\/\" aria-label=\"Leer m\u00e1s sobre Reuni\u00f3n del SENASA en busca del desarrollo de las econom\u00edas regionales\">Leer m\u00e1s<\/a><\/p>\n","protected":false},"author":1,"featured_media":106938,"comment_status":"closed","ping_status":"open","sticky":false,"template":"","format":"standard","meta":{"_monsterinsights_skip_tracking":false,"_monsterinsights_sitenote_active":false,"_monsterinsights_sitenote_note":"","_monsterinsights_sitenote_category":0,"jetpack_post_was_ever_published":false,"_jetpack_newsletter_access":"","_jetpack_dont_email_post_to_subs":false,"_jetpack_newsletter_tier_id":0,"_jetpack_memberships_contains_paywalled_content":false,"_jetpack_memberships_contains_paid_content":false,"footnotes":"","jetpack_publicize_message":"","jetpack_publicize_feature_enabled":true,"jetpack_social_post_already_shared":true,"jetpack_social_options":{"image_generator_settings":{"template":"highway","default_image_id":0,"font":"","enabled":false},"version":2},"_wpas_customize_per_network":false},"categories":[5501],"tags":[1057,8684,8450],"class_list":["post-106937","post","type-post","status-publish","format-standard","has-post-thumbnail","hentry","category-region","tag-regional","tag-reunion","tag-senasa","generate-columns","tablet-grid-50","mobile-grid-100","grid-parent","grid-50"],"jetpack_publicize_connections":[],"jetpack_featured_media_url":"https:\/\/www.hoymercedes.com.ar\/principal\/wp-content\/uploads\/2020\/03\/04-Senasa-regional.jpg","wps_subtitle":"Comunicaci\u00f3n institucional","jetpack_sharing_enabled":true,"_links":{"self":[{"href":"https:\/\/www.hoymercedes.com.ar\/principal\/wp-json\/wp\/v2\/posts\/106937","targetHints":{"allow":["GET"]}}],"collection":[{"href":"https:\/\/www.hoymercedes.com.ar\/principal\/wp-json\/wp\/v2\/posts"}],"about":[{"href":"https:\/\/www.hoymercedes.com.ar\/principal\/wp-json\/wp\/v2\/types\/post"}],"author":[{"embeddable":true,"href":"https:\/\/www.hoymercedes.com.ar\/principal\/wp-json\/wp\/v2\/users\/1"}],"replies":[{"embeddable":true,"href":"https:\/\/www.hoymercedes.com.ar\/principal\/wp-json\/wp\/v2\/comments?post=106937"}],"version-history":[{"count":0,"href":"https:\/\/www.hoymercedes.com.ar\/principal\/wp-json\/wp\/v2\/posts\/106937\/revisions"}],"wp:featuredmedia":[{"embeddable":true,"href":"https:\/\/www.hoymercedes.com.ar\/principal\/wp-json\/wp\/v2\/media\/106938"}],"wp:attachment":[{"href":"https:\/\/www.hoymercedes.com.ar\/principal\/wp-json\/wp\/v2\/media?parent=106937"}],"wp:term":[{"taxonomy":"category","embeddable":true,"href":"https:\/\/www.hoymercedes.com.ar\/principal\/wp-json\/wp\/v2\/categories?post=106937"},{"taxonomy":"post_tag","embeddable":true,"href":"https:\/\/www.hoymercedes.com.ar\/principal\/wp-json\/wp\/v2\/tags?post=106937"}],"curies":[{"name":"wp","href":"https:\/\/api.w.org\/{rel}","templated":true}]}}