{"id":106967,"date":"2020-03-04T16:30:00","date_gmt":"2020-03-04T19:30:00","guid":{"rendered":"http:\/\/www.hoymercedes.com.ar\/principal\/?p=106967"},"modified":"2020-03-04T15:48:45","modified_gmt":"2020-03-04T18:48:45","slug":"el-cine-movil-paso-por-el-c-c-la-trocha","status":"publish","type":"post","link":"https:\/\/www.hoymercedes.com.ar\/principal\/2020\/03\/04\/el-cine-movil-paso-por-el-c-c-la-trocha\/","title":{"rendered":"El Cine M\u00f3vil pas\u00f3 por el C.C. La Trocha"},"content":{"rendered":"\n<p>El pasado domingo estuvo el \u201cCine M\u00f3vil\u201d de la Provincia de Buenos Aires en el complejo cultural La Trocha. All\u00ed vecinos, con reposeras y mate, pudieron disfrutar al aire del cine nacional.  En esta ocasi\u00f3n se proyect\u00f3 la pel\u00edcula \u201cRosita\u201d\u00a0de la directora argentina Ver\u00f3nica Chen. <\/p>\n\n\n\n<figure class=\"wp-block-image size-large\"><img loading=\"lazy\" decoding=\"async\" width=\"800\" height=\"533\" data-attachment-id=\"106972\" data-permalink=\"https:\/\/www.hoymercedes.com.ar\/principal\/2020\/03\/04\/el-cine-movil-paso-por-el-c-c-la-trocha\/04-cine-movil-1\/#main\" data-orig-file=\"https:\/\/www.hoymercedes.com.ar\/principal\/wp-content\/uploads\/2020\/03\/04-cine-movil-1.jpg\" data-orig-size=\"800,533\" data-comments-opened=\"0\" data-image-meta=\"{&quot;aperture&quot;:&quot;0&quot;,&quot;credit&quot;:&quot;&quot;,&quot;camera&quot;:&quot;&quot;,&quot;caption&quot;:&quot;&quot;,&quot;created_timestamp&quot;:&quot;0&quot;,&quot;copyright&quot;:&quot;&quot;,&quot;focal_length&quot;:&quot;0&quot;,&quot;iso&quot;:&quot;0&quot;,&quot;shutter_speed&quot;:&quot;0&quot;,&quot;title&quot;:&quot;&quot;,&quot;orientation&quot;:&quot;0&quot;}\" data-image-title=\"04 cine movil 1\" data-image-description=\"\" data-image-caption=\"\" data-large-file=\"https:\/\/www.hoymercedes.com.ar\/principal\/wp-content\/uploads\/2020\/03\/04-cine-movil-1.jpg\" src=\"https:\/\/www.hoymercedes.com.ar\/principal\/wp-content\/uploads\/2020\/03\/04-cine-movil-1.jpg\" alt=\"\" class=\"wp-image-106972\"\/><\/figure>\n\n\n\n<p>\u201cEstamos muy agradecidos por el aporte de la Provincia que nos brind\u00f3 una noche con el denominado s\u00e9ptimo arte, de manera libre y gratuita, para todos los vecinos y vecinas\u201d afirm\u00f3 Luc\u00eda Capaccio, Directora de Cultura.<\/p>\n\n\n\n<p>La Trocha, en la calurosa noche del domingo, permiti\u00f3 que los mercedinos disfrutaran del cine al aire libre, con una visi\u00f3n en primera calidad y un excelente sonido. \u201cFue una linda propuesta. Gracias a cada uno de los que fueron parte y a Turismo de la Provincia por traer el programa Recreo a nuestra ciudad\u201d, agreg\u00f3 la funcionaria. <br><\/p>\n","protected":false},"excerpt":{"rendered":"<p>El pasado domingo estuvo el \u201cCine M\u00f3vil\u201d de la Provincia de Buenos Aires en el complejo cultural La Trocha. All\u00ed &#8230; <a title=\"El Cine M\u00f3vil pas\u00f3 por el C.C. La Trocha\" class=\"read-more\" href=\"https:\/\/www.hoymercedes.com.ar\/principal\/2020\/03\/04\/el-cine-movil-paso-por-el-c-c-la-trocha\/\" aria-label=\"Leer m\u00e1s sobre El Cine M\u00f3vil pas\u00f3 por el C.C. La Trocha\">Leer m\u00e1s<\/a><\/p>\n","protected":false},"author":1,"featured_media":106973,"comment_status":"closed","ping_status":"open","sticky":false,"template":"","format":"standard","meta":{"_monsterinsights_skip_tracking":false,"_monsterinsights_sitenote_active":false,"_monsterinsights_sitenote_note":"","_monsterinsights_sitenote_category":0,"jetpack_post_was_ever_published":false,"_jetpack_newsletter_access":"","_jetpack_dont_email_post_to_subs":false,"_jetpack_newsletter_tier_id":0,"_jetpack_memberships_contains_paywalled_content":false,"_jetpack_memberships_contains_paid_content":false,"footnotes":"","jetpack_publicize_message":"","jetpack_publicize_feature_enabled":true,"jetpack_social_post_already_shared":true,"jetpack_social_options":{"image_generator_settings":{"template":"highway","default_image_id":0,"font":"","enabled":false},"version":2},"_wpas_customize_per_network":false},"categories":[104],"tags":[10596,7805,244,1803],"class_list":["post-106967","post","type-post","status-publish","format-standard","has-post-thumbnail","hentry","category-cultura","tag-cine-movil","tag-cultura","tag-municipio-2","tag-provincia","generate-columns","tablet-grid-50","mobile-grid-100","grid-parent","grid-50"],"jetpack_publicize_connections":[],"jetpack_featured_media_url":"https:\/\/www.hoymercedes.com.ar\/principal\/wp-content\/uploads\/2020\/03\/04-cine-movil.jpg","wps_subtitle":"Pel\u00edculas al aire libre","jetpack_sharing_enabled":true,"_links":{"self":[{"href":"https:\/\/www.hoymercedes.com.ar\/principal\/wp-json\/wp\/v2\/posts\/106967","targetHints":{"allow":["GET"]}}],"collection":[{"href":"https:\/\/www.hoymercedes.com.ar\/principal\/wp-json\/wp\/v2\/posts"}],"about":[{"href":"https:\/\/www.hoymercedes.com.ar\/principal\/wp-json\/wp\/v2\/types\/post"}],"author":[{"embeddable":true,"href":"https:\/\/www.hoymercedes.com.ar\/principal\/wp-json\/wp\/v2\/users\/1"}],"replies":[{"embeddable":true,"href":"https:\/\/www.hoymercedes.com.ar\/principal\/wp-json\/wp\/v2\/comments?post=106967"}],"version-history":[{"count":0,"href":"https:\/\/www.hoymercedes.com.ar\/principal\/wp-json\/wp\/v2\/posts\/106967\/revisions"}],"wp:featuredmedia":[{"embeddable":true,"href":"https:\/\/www.hoymercedes.com.ar\/principal\/wp-json\/wp\/v2\/media\/106973"}],"wp:attachment":[{"href":"https:\/\/www.hoymercedes.com.ar\/principal\/wp-json\/wp\/v2\/media?parent=106967"}],"wp:term":[{"taxonomy":"category","embeddable":true,"href":"https:\/\/www.hoymercedes.com.ar\/principal\/wp-json\/wp\/v2\/categories?post=106967"},{"taxonomy":"post_tag","embeddable":true,"href":"https:\/\/www.hoymercedes.com.ar\/principal\/wp-json\/wp\/v2\/tags?post=106967"}],"curies":[{"name":"wp","href":"https:\/\/api.w.org\/{rel}","templated":true}]}}