{"id":106969,"date":"2020-03-10T15:12:00","date_gmt":"2020-03-10T18:12:00","guid":{"rendered":"http:\/\/www.hoymercedes.com.ar\/principal\/?p=106969"},"modified":"2020-03-04T15:32:29","modified_gmt":"2020-03-04T18:32:29","slug":"invitan-a-taller-de-vidrieras-creativas-en-la-cem","status":"publish","type":"post","link":"https:\/\/www.hoymercedes.com.ar\/principal\/2020\/03\/10\/invitan-a-taller-de-vidrieras-creativas-en-la-cem\/","title":{"rendered":"Invitan a Taller de Vidrieras Creativas en la CEM"},"content":{"rendered":"\n<p>La C\u00e1mara\nEcon\u00f3mica Mercedina hace p\u00fablica la invitaci\u00f3n al Taller de Vidrieras Creativas\na realizarse los d\u00edas 18 y 19 de marzo. Dos jornadas de capacitaci\u00f3n para los\ncomercios locales con el fin de brindar ideas y herramientas para decorar y\nhacer m\u00e1s llamativa una de sus principales v\u00edas de comunicaci\u00f3n con sus\nclientes: su vidriera. <\/p>\n\n\n\n<p>La CEM junto\na la C\u00e1mara Argentina de la Mediana Empresa (CAME), suman capacitaciones para\nlos socios y no socios de la ciudad de Mercedes. En esta oportunidad, la\npropuesta es un Taller de Vidrieras Creativas que se realizar\u00e1 en dos d\u00edas de\ntres horas de trabajo cada una de las jornadas. <\/p>\n\n\n\n<p>\u201cEl Taller\nde Vidrieras de dos d\u00edas llega a trav\u00e9s de CAME. Es muy importante para los\ncomerciantes. Es intensivo. Para los comerciantes es importante tener una\nactualizaci\u00f3n de c\u00f3mo darle valor al comercio a trav\u00e9s de sus vidrieras\u201d\nexplic\u00f3 el Gerente de la CEM, Ariel Pietrucha. <\/p>\n\n\n\n<p>\u201cEl\ncomercio hoy compite mucho con la venta online y su vidriera es su carta de\npresentaci\u00f3n ante sus clientes. La propuesta es que tengan herramientas para\narmar sus vidrieras en fechas puntuales de venta y cuando no las haya tambi\u00e9n\u201d,\nagreg\u00f3 el referente de la C\u00e1mara Econ\u00f3mica Mercedina. <\/p>\n\n\n\n<p>El Taller\nde Vidrieras ser\u00e1 los d\u00edas mi\u00e9rcoles 18 y jueves 19 de marzo, a la hora 14 cada\nd\u00eda. Estar\u00e1 a cargo de la Arquitecta Mar\u00eda Cristina Castro. Cada jornada tendr\u00e1\nuna duraci\u00f3n de al menos tres horas cada d\u00eda. Es arancelada con un costo\nespecial para quienes sean socios de la CEM. Para los socios de la C\u00e1mara, el\nvalor es de $200; mientras que para los no socios, el costo es de $500. <\/p>\n\n\n\n<p>Los cupos\nson limitados. La inscripci\u00f3n est\u00e1 abierta. Los interesados en realizar los dos\nd\u00edas de capacitaci\u00f3n, deber\u00e1 inscribirse a v\u00eda llamada telef\u00f3nica al 420502 o\ntrav\u00e9s del correo electr\u00f3nico: <a href=\"mailto:administracion@cemercedina.org.ar\">administracion@cemercedina.org.ar<\/a>.\n<\/p>\n","protected":false},"excerpt":{"rendered":"<p>La C\u00e1mara Econ\u00f3mica Mercedina hace p\u00fablica la invitaci\u00f3n al Taller de Vidrieras Creativas a realizarse los d\u00edas 18 y 19 &#8230; <a title=\"Invitan a Taller de Vidrieras Creativas en la CEM\" class=\"read-more\" href=\"https:\/\/www.hoymercedes.com.ar\/principal\/2020\/03\/10\/invitan-a-taller-de-vidrieras-creativas-en-la-cem\/\" aria-label=\"Leer m\u00e1s sobre Invitan a Taller de Vidrieras Creativas en la CEM\">Leer m\u00e1s<\/a><\/p>\n","protected":false},"author":1,"featured_media":106957,"comment_status":"closed","ping_status":"open","sticky":false,"template":"","format":"standard","meta":{"_monsterinsights_skip_tracking":false,"_monsterinsights_sitenote_active":false,"_monsterinsights_sitenote_note":"","_monsterinsights_sitenote_category":0,"jetpack_post_was_ever_published":false,"_jetpack_newsletter_access":"","_jetpack_dont_email_post_to_subs":false,"_jetpack_newsletter_tier_id":0,"_jetpack_memberships_contains_paywalled_content":false,"_jetpack_memberships_contains_paid_content":false,"footnotes":"","jetpack_publicize_message":"","jetpack_publicize_feature_enabled":true,"jetpack_social_post_already_shared":true,"jetpack_social_options":{"image_generator_settings":{"template":"highway","default_image_id":0,"font":"","enabled":false},"version":2},"_wpas_customize_per_network":false},"categories":[8],"tags":[682,16255],"class_list":["post-106969","post","type-post","status-publish","format-standard","has-post-thumbnail","hentry","category-sociedad","tag-cem","tag-taller-de-vidrieras-creativas","generate-columns","tablet-grid-50","mobile-grid-100","grid-parent","grid-50"],"jetpack_publicize_connections":[],"jetpack_featured_media_url":"https:\/\/www.hoymercedes.com.ar\/principal\/wp-content\/uploads\/2020\/03\/12-vidrieras.jpg","wps_subtitle":"Dos d\u00edas intensivos","jetpack_sharing_enabled":true,"_links":{"self":[{"href":"https:\/\/www.hoymercedes.com.ar\/principal\/wp-json\/wp\/v2\/posts\/106969","targetHints":{"allow":["GET"]}}],"collection":[{"href":"https:\/\/www.hoymercedes.com.ar\/principal\/wp-json\/wp\/v2\/posts"}],"about":[{"href":"https:\/\/www.hoymercedes.com.ar\/principal\/wp-json\/wp\/v2\/types\/post"}],"author":[{"embeddable":true,"href":"https:\/\/www.hoymercedes.com.ar\/principal\/wp-json\/wp\/v2\/users\/1"}],"replies":[{"embeddable":true,"href":"https:\/\/www.hoymercedes.com.ar\/principal\/wp-json\/wp\/v2\/comments?post=106969"}],"version-history":[{"count":0,"href":"https:\/\/www.hoymercedes.com.ar\/principal\/wp-json\/wp\/v2\/posts\/106969\/revisions"}],"wp:featuredmedia":[{"embeddable":true,"href":"https:\/\/www.hoymercedes.com.ar\/principal\/wp-json\/wp\/v2\/media\/106957"}],"wp:attachment":[{"href":"https:\/\/www.hoymercedes.com.ar\/principal\/wp-json\/wp\/v2\/media?parent=106969"}],"wp:term":[{"taxonomy":"category","embeddable":true,"href":"https:\/\/www.hoymercedes.com.ar\/principal\/wp-json\/wp\/v2\/categories?post=106969"},{"taxonomy":"post_tag","embeddable":true,"href":"https:\/\/www.hoymercedes.com.ar\/principal\/wp-json\/wp\/v2\/tags?post=106969"}],"curies":[{"name":"wp","href":"https:\/\/api.w.org\/{rel}","templated":true}]}}