{"id":107008,"date":"2020-03-05T14:18:27","date_gmt":"2020-03-05T17:18:27","guid":{"rendered":"http:\/\/www.hoymercedes.com.ar\/principal\/?p=107008"},"modified":"2020-03-05T14:53:04","modified_gmt":"2020-03-05T17:53:04","slug":"roban-en-el-campo-de-deportes-del-club-velez","status":"publish","type":"post","link":"https:\/\/www.hoymercedes.com.ar\/principal\/2020\/03\/05\/roban-en-el-campo-de-deportes-del-club-velez\/","title":{"rendered":"Roban en el campo de deportes del Club V\u00e9lez"},"content":{"rendered":"\n<p>En la noche del mi\u00e9rcoles, cerca de las 21:30 horas, el Club V\u00e9lez sufri\u00f3 un importante robo en la casa del casero del campo de deportes de la 1, entre 2 y 8. Del lugar sustrajeron la desmalezadora y una garrada. La denuncia judicial fue efectuada de manera inmediata. <\/p>\n\n\n\n<p>Desde el Club V\u00e9lez dieron a conocer la noticia a trav\u00e9s de sus redes sociales: \u00abLamentamos profundamente los hechos de inseguridad que vive nuestra ciudad. Anoche en el trascurso de las 21:30 horas nos toc\u00f3 vivirlo un poco m\u00e1s de cerca. Entraron a robarle a la persona que cuida nuestro club, a un laburante como todos nosotros. Robaron desmalezadora &#8230; Garrafa. Vasos y m\u00e1s cosas seguramente. Estamos muy triste por lo que nos sucedi\u00f3\u00bb, expresaron junto a dos fotos que muestran el alboroto en la pieza de donde sustrajeron los elementos. <\/p>\n\n\n\n<p>Denuncia previa, el club inform\u00f3 que rompieron el candado de la puerta e ingresaron a la casa de quien cuida la instalaciones. En ese lugar se guardan herramientas, indumentarias, pecheras y cosas de valor del casero. <\/p>\n\n\n\n<p>\u00abRevolvieron todo. Qu\u00e9 buscaban, espec\u00edficamente, no lo sabemos&#8230; Lo que m\u00e1s se lamenta es la desmalezadora que es la herramienta de trabajo de Francisco, el casero\u00bb, agregaron.<\/p>\n\n\n\n<div class=\"wp-block-image\"><figure class=\"aligncenter size-large\"><img loading=\"lazy\" decoding=\"async\" width=\"360\" height=\"480\" data-attachment-id=\"107009\" data-permalink=\"https:\/\/www.hoymercedes.com.ar\/principal\/2020\/03\/05\/roban-en-el-campo-de-deportes-del-club-velez\/05-club-velez-1\/#main\" data-orig-file=\"https:\/\/www.hoymercedes.com.ar\/principal\/wp-content\/uploads\/2020\/03\/05-club-velez-1.jpg\" data-orig-size=\"360,480\" data-comments-opened=\"0\" data-image-meta=\"{&quot;aperture&quot;:&quot;0&quot;,&quot;credit&quot;:&quot;&quot;,&quot;camera&quot;:&quot;&quot;,&quot;caption&quot;:&quot;&quot;,&quot;created_timestamp&quot;:&quot;0&quot;,&quot;copyright&quot;:&quot;&quot;,&quot;focal_length&quot;:&quot;0&quot;,&quot;iso&quot;:&quot;0&quot;,&quot;shutter_speed&quot;:&quot;0&quot;,&quot;title&quot;:&quot;&quot;,&quot;orientation&quot;:&quot;0&quot;}\" data-image-title=\"05 club velez 1\" data-image-description=\"\" data-image-caption=\"\" data-large-file=\"https:\/\/www.hoymercedes.com.ar\/principal\/wp-content\/uploads\/2020\/03\/05-club-velez-1.jpg\" src=\"https:\/\/www.hoymercedes.com.ar\/principal\/wp-content\/uploads\/2020\/03\/05-club-velez-1.jpg\" alt=\"\" class=\"wp-image-107009\"\/><\/figure><\/div>\n\n\n\n<div class=\"wp-block-image\"><figure class=\"aligncenter size-large\"><img loading=\"lazy\" decoding=\"async\" width=\"360\" height=\"480\" data-attachment-id=\"107010\" data-permalink=\"https:\/\/www.hoymercedes.com.ar\/principal\/2020\/03\/05\/roban-en-el-campo-de-deportes-del-club-velez\/05-club-velez-2\/#main\" data-orig-file=\"https:\/\/www.hoymercedes.com.ar\/principal\/wp-content\/uploads\/2020\/03\/05-club-velez-2.jpg\" data-orig-size=\"360,480\" data-comments-opened=\"0\" data-image-meta=\"{&quot;aperture&quot;:&quot;0&quot;,&quot;credit&quot;:&quot;&quot;,&quot;camera&quot;:&quot;&quot;,&quot;caption&quot;:&quot;&quot;,&quot;created_timestamp&quot;:&quot;0&quot;,&quot;copyright&quot;:&quot;&quot;,&quot;focal_length&quot;:&quot;0&quot;,&quot;iso&quot;:&quot;0&quot;,&quot;shutter_speed&quot;:&quot;0&quot;,&quot;title&quot;:&quot;&quot;,&quot;orientation&quot;:&quot;0&quot;}\" data-image-title=\"05 club velez 2\" data-image-description=\"\" data-image-caption=\"\" data-large-file=\"https:\/\/www.hoymercedes.com.ar\/principal\/wp-content\/uploads\/2020\/03\/05-club-velez-2.jpg\" src=\"https:\/\/www.hoymercedes.com.ar\/principal\/wp-content\/uploads\/2020\/03\/05-club-velez-2.jpg\" alt=\"\" class=\"wp-image-107010\"\/><\/figure><\/div>\n","protected":false},"excerpt":{"rendered":"<p>En la noche del mi\u00e9rcoles, cerca de las 21:30 horas, el Club V\u00e9lez sufri\u00f3 un importante robo en la casa &#8230; <a title=\"Roban en el campo de deportes del Club V\u00e9lez\" class=\"read-more\" href=\"https:\/\/www.hoymercedes.com.ar\/principal\/2020\/03\/05\/roban-en-el-campo-de-deportes-del-club-velez\/\" aria-label=\"Leer m\u00e1s sobre Roban en el campo de deportes del Club V\u00e9lez\">Leer m\u00e1s<\/a><\/p>\n","protected":false},"author":1,"featured_media":107010,"comment_status":"closed","ping_status":"open","sticky":false,"template":"","format":"standard","meta":{"_monsterinsights_skip_tracking":false,"_monsterinsights_sitenote_active":false,"_monsterinsights_sitenote_note":"","_monsterinsights_sitenote_category":0,"jetpack_post_was_ever_published":false,"_jetpack_newsletter_access":"","_jetpack_dont_email_post_to_subs":false,"_jetpack_newsletter_tier_id":0,"_jetpack_memberships_contains_paywalled_content":false,"_jetpack_memberships_contains_paid_content":false,"footnotes":"","jetpack_publicize_message":"","jetpack_publicize_feature_enabled":true,"jetpack_social_post_already_shared":true,"jetpack_social_options":{"image_generator_settings":{"template":"highway","default_image_id":0,"font":"","enabled":false},"version":2},"_wpas_customize_per_network":false},"categories":[85],"tags":[412,204,96,889],"class_list":["post-107008","post","type-post","status-publish","format-standard","has-post-thumbnail","hentry","category-policial","tag-club-velez","tag-deportes-2","tag-policial-2","tag-robo","generate-columns","tablet-grid-50","mobile-grid-100","grid-parent","grid-50"],"jetpack_publicize_connections":[],"jetpack_featured_media_url":"https:\/\/www.hoymercedes.com.ar\/principal\/wp-content\/uploads\/2020\/03\/05-club-velez-2.jpg","wps_subtitle":"Sustraen herramientas para el cuidado del predio","jetpack_sharing_enabled":true,"_links":{"self":[{"href":"https:\/\/www.hoymercedes.com.ar\/principal\/wp-json\/wp\/v2\/posts\/107008","targetHints":{"allow":["GET"]}}],"collection":[{"href":"https:\/\/www.hoymercedes.com.ar\/principal\/wp-json\/wp\/v2\/posts"}],"about":[{"href":"https:\/\/www.hoymercedes.com.ar\/principal\/wp-json\/wp\/v2\/types\/post"}],"author":[{"embeddable":true,"href":"https:\/\/www.hoymercedes.com.ar\/principal\/wp-json\/wp\/v2\/users\/1"}],"replies":[{"embeddable":true,"href":"https:\/\/www.hoymercedes.com.ar\/principal\/wp-json\/wp\/v2\/comments?post=107008"}],"version-history":[{"count":0,"href":"https:\/\/www.hoymercedes.com.ar\/principal\/wp-json\/wp\/v2\/posts\/107008\/revisions"}],"wp:featuredmedia":[{"embeddable":true,"href":"https:\/\/www.hoymercedes.com.ar\/principal\/wp-json\/wp\/v2\/media\/107010"}],"wp:attachment":[{"href":"https:\/\/www.hoymercedes.com.ar\/principal\/wp-json\/wp\/v2\/media?parent=107008"}],"wp:term":[{"taxonomy":"category","embeddable":true,"href":"https:\/\/www.hoymercedes.com.ar\/principal\/wp-json\/wp\/v2\/categories?post=107008"},{"taxonomy":"post_tag","embeddable":true,"href":"https:\/\/www.hoymercedes.com.ar\/principal\/wp-json\/wp\/v2\/tags?post=107008"}],"curies":[{"name":"wp","href":"https:\/\/api.w.org\/{rel}","templated":true}]}}