{"id":107025,"date":"2020-03-05T16:00:00","date_gmt":"2020-03-05T19:00:00","guid":{"rendered":"http:\/\/www.hoymercedes.com.ar\/principal\/?p=107025"},"modified":"2020-03-05T15:54:33","modified_gmt":"2020-03-05T18:54:33","slug":"reunion-de-la-mesa-local-de-genero-para-planear-las-actividades-del-ano","status":"publish","type":"post","link":"https:\/\/www.hoymercedes.com.ar\/principal\/2020\/03\/05\/reunion-de-la-mesa-local-de-genero-para-planear-las-actividades-del-ano\/","title":{"rendered":"Reuni\u00f3n de la Mesa Local de G\u00e9nero para planear  las actividades del a\u00f1o"},"content":{"rendered":"\n<p>En el espacio de la Casa de la Mujer \u201cJuana Azurduy\u201d se llev\u00f3 a cabo la reuni\u00f3n intersectorial de la Mesa Local de G\u00e9nero. Hubo una importante participaci\u00f3n de instituciones y referentes del tema. Armaron una agenda de trabajo para el 2020. <\/p>\n\n\n\n<div class=\"wp-block-image\"><figure class=\"aligncenter size-large\"><img loading=\"lazy\" decoding=\"async\" width=\"800\" height=\"533\" data-attachment-id=\"107026\" data-permalink=\"https:\/\/www.hoymercedes.com.ar\/principal\/2020\/03\/05\/reunion-de-la-mesa-local-de-genero-para-planear-las-actividades-del-ano\/05-mesa-genero-muni\/#main\" data-orig-file=\"https:\/\/www.hoymercedes.com.ar\/principal\/wp-content\/uploads\/2020\/03\/05-mesa-genero-muni.jpg\" data-orig-size=\"800,533\" data-comments-opened=\"0\" data-image-meta=\"{&quot;aperture&quot;:&quot;0&quot;,&quot;credit&quot;:&quot;&quot;,&quot;camera&quot;:&quot;&quot;,&quot;caption&quot;:&quot;&quot;,&quot;created_timestamp&quot;:&quot;0&quot;,&quot;copyright&quot;:&quot;&quot;,&quot;focal_length&quot;:&quot;0&quot;,&quot;iso&quot;:&quot;0&quot;,&quot;shutter_speed&quot;:&quot;0&quot;,&quot;title&quot;:&quot;&quot;,&quot;orientation&quot;:&quot;0&quot;}\" data-image-title=\"05 mesa genero muni\" data-image-description=\"\" data-image-caption=\"\" data-large-file=\"https:\/\/www.hoymercedes.com.ar\/principal\/wp-content\/uploads\/2020\/03\/05-mesa-genero-muni.jpg\" src=\"https:\/\/www.hoymercedes.com.ar\/principal\/wp-content\/uploads\/2020\/03\/05-mesa-genero-muni.jpg\" alt=\"\" class=\"wp-image-107026\"\/><\/figure><\/div>\n\n\n\n<p>En la Casa de la Mujer \u00abJuana Azurduy\u00bb se dio inicio a la Mesa Local de G\u00e9nero 2020, que re\u00fane a diferentes instituciones que trabajan por la paridad de g\u00e9nero. Convocada por la Coordinaci\u00f3n de G\u00e9nero a cargo de Guadalupe Gonz\u00e1lez, la mesa de trabajo intersectorial tiene objetivo lograr un trabajo en red entre las distintas instituciones que abordan de una u otra manera la problem\u00e1tica de g\u00e9nero.<\/p>\n\n\n\n<p>Gonz\u00e1lez explic\u00f3: \u201ctenemos una agenda y una grilla bastante completa, misma que estamos llevando adelante con diferentes \u00e1reas. Este a\u00f1o se dispuso la articulaci\u00f3n, pensando en este tema y en esta problem\u00e1tica, del lugar de la mujer en la actualidad de una manera transversal\u201d.\u00a0<\/p>\n\n\n\n<p>La mesa se re\u00fane una vez al mes &#8211; los primeros jueves de cada mes a la hora 11 &#8211; y durante el trascurso de dicho mes se van generando enlaces seg\u00fan distintas especificidades y acciones en conjunto.<\/p>\n","protected":false},"excerpt":{"rendered":"<p>En el espacio de la Casa de la Mujer \u201cJuana Azurduy\u201d se llev\u00f3 a cabo la reuni\u00f3n intersectorial de la &#8230; <a title=\"Reuni\u00f3n de la Mesa Local de G\u00e9nero para planear  las actividades del a\u00f1o\" class=\"read-more\" href=\"https:\/\/www.hoymercedes.com.ar\/principal\/2020\/03\/05\/reunion-de-la-mesa-local-de-genero-para-planear-las-actividades-del-ano\/\" aria-label=\"Leer m\u00e1s sobre Reuni\u00f3n de la Mesa Local de G\u00e9nero para planear  las actividades del a\u00f1o\">Leer m\u00e1s<\/a><\/p>\n","protected":false},"author":1,"featured_media":107026,"comment_status":"closed","ping_status":"open","sticky":false,"template":"","format":"standard","meta":{"_monsterinsights_skip_tracking":false,"_monsterinsights_sitenote_active":false,"_monsterinsights_sitenote_note":"","_monsterinsights_sitenote_category":0,"jetpack_post_was_ever_published":false,"_jetpack_newsletter_access":"","_jetpack_dont_email_post_to_subs":false,"_jetpack_newsletter_tier_id":0,"_jetpack_memberships_contains_paywalled_content":false,"_jetpack_memberships_contains_paid_content":false,"footnotes":"","jetpack_publicize_message":"","jetpack_publicize_feature_enabled":true,"jetpack_social_post_already_shared":true,"jetpack_social_options":{"image_generator_settings":{"template":"highway","default_image_id":0,"font":"","enabled":false},"version":2},"_wpas_customize_per_network":false},"categories":[30],"tags":[16259,244],"class_list":["post-107025","post","type-post","status-publish","format-standard","has-post-thumbnail","hentry","category-municipio","tag-mesa-local-de-genero","tag-municipio-2","generate-columns","tablet-grid-50","mobile-grid-100","grid-parent","grid-50"],"jetpack_publicize_connections":[],"jetpack_featured_media_url":"https:\/\/www.hoymercedes.com.ar\/principal\/wp-content\/uploads\/2020\/03\/05-mesa-genero-muni.jpg","wps_subtitle":"Semana #8M","jetpack_sharing_enabled":true,"_links":{"self":[{"href":"https:\/\/www.hoymercedes.com.ar\/principal\/wp-json\/wp\/v2\/posts\/107025","targetHints":{"allow":["GET"]}}],"collection":[{"href":"https:\/\/www.hoymercedes.com.ar\/principal\/wp-json\/wp\/v2\/posts"}],"about":[{"href":"https:\/\/www.hoymercedes.com.ar\/principal\/wp-json\/wp\/v2\/types\/post"}],"author":[{"embeddable":true,"href":"https:\/\/www.hoymercedes.com.ar\/principal\/wp-json\/wp\/v2\/users\/1"}],"replies":[{"embeddable":true,"href":"https:\/\/www.hoymercedes.com.ar\/principal\/wp-json\/wp\/v2\/comments?post=107025"}],"version-history":[{"count":0,"href":"https:\/\/www.hoymercedes.com.ar\/principal\/wp-json\/wp\/v2\/posts\/107025\/revisions"}],"wp:featuredmedia":[{"embeddable":true,"href":"https:\/\/www.hoymercedes.com.ar\/principal\/wp-json\/wp\/v2\/media\/107026"}],"wp:attachment":[{"href":"https:\/\/www.hoymercedes.com.ar\/principal\/wp-json\/wp\/v2\/media?parent=107025"}],"wp:term":[{"taxonomy":"category","embeddable":true,"href":"https:\/\/www.hoymercedes.com.ar\/principal\/wp-json\/wp\/v2\/categories?post=107025"},{"taxonomy":"post_tag","embeddable":true,"href":"https:\/\/www.hoymercedes.com.ar\/principal\/wp-json\/wp\/v2\/tags?post=107025"}],"curies":[{"name":"wp","href":"https:\/\/api.w.org\/{rel}","templated":true}]}}