{"id":107074,"date":"2020-03-06T16:49:28","date_gmt":"2020-03-06T19:49:28","guid":{"rendered":"http:\/\/www.hoymercedes.com.ar\/principal\/?p=107074"},"modified":"2020-03-06T16:52:13","modified_gmt":"2020-03-06T19:52:13","slug":"la-suprema-corte-solicito-informacion-sobre-la-situacion-de-las-mujeres-detenidas-con-hijos-en-la-provincia","status":"publish","type":"post","link":"https:\/\/www.hoymercedes.com.ar\/principal\/2020\/03\/06\/la-suprema-corte-solicito-informacion-sobre-la-situacion-de-las-mujeres-detenidas-con-hijos-en-la-provincia\/","title":{"rendered":"La Suprema Corte solicit\u00f3 informaci\u00f3n sobre la situaci\u00f3n de las mujeres detenidas con hijos en la Provincia"},"content":{"rendered":"\n<p>A partir de un trabajo en conjunto entre la Defensor\u00eda, organismos de Derechos Humanos y la Defensor\u00eda de Casaci\u00f3n, la Suprema Corte de la Provincia requiri\u00f3 a todos los juzgados en donde tramitan las causas de las mujeres detenidas con hijos en la Unidad Carcelaria N\u00b033 de Los Hornos, que informen la situaci\u00f3n de cada una de ellas y si se tomaron medidas alternativas para que no permanezcan en prisi\u00f3n.<\/p>\n\n\n\n<p>La intervenci\u00f3n de la Defensor\u00eda surgi\u00f3 como consecuencia de la grave situaci\u00f3n de la vulnerabilidad en la que se encuentras las madres y sus hijos en situaci\u00f3n de detenci\u00f3n, fundamentalmente en lo que respecta al derecho a la alimentaci\u00f3n. <\/p>\n\n\n\n<p>Actualmente en la Unidad N\u00b033 se encuentran detenidas 72 mujeres (43 madres y 29 embarazadas) con un total de 49 ni\u00f1os y ni\u00f1as. El 81% de ellas, adem\u00e1s, tiene hijos fuera de la c\u00e1rcel, lo que provoca un deterioro en el desarrollo y el ejercicio de los derechos de los 160 ni\u00f1os y ni\u00f1as que se encuentran en esta situaci\u00f3n.<\/p>\n\n\n\n<p>Por esta problem\u00e1tica se conform\u00f3 una mesa de trabajo en el \u00e1mbito del Ministerio de Justicia y Derechos Humanos de la Provincia, de la que participaron la Defensor\u00eda del Pueblo y la de Casaci\u00f3n, la Comisi\u00f3n Provincial por la Memoria y organizaciones sociales.<\/p>\n\n\n\n<p>La Suprema Corte tambi\u00e9n dispuso que los comit\u00e9s de seguimientos departamentales tengan conocimiento de esta mesa, que intenta no s\u00f3lo la aplicaci\u00f3n de la Ley de Ejecuci\u00f3n Penal provincial sino tambi\u00e9n generar dispositivos que intenten palear la grave crisis humanitaria que registran las c\u00e1rceles bonaerenses.<\/p>\n\n\n\n<p>Al respecto de este pedido, el Defensor del Pueblo provincial, Guido Lorenzino, indic\u00f3 que \u00abes necesario que se tomen medidas urgentes para garantizar los derechos de las madres y de sus hijos\u00bb y record\u00f3 que el organismo a su cargo ha presentado, en noviembre del a\u00f1o pasado, un h\u00e1beas corpus colectivo ante el Juzgado de Garant\u00edas N\u00b0 5 de La Plata, luego de que se constataran numerosos casos en los que se separ\u00f3 a las madres detenidas de sus hijos menores de 4 a\u00f1os.<\/p>\n\n\n\n<p>\u00abEsta es una de las principales vulneraciones de derechos que vivimos hoy en la Provincia y requiere del trabajo coordinado del Estado para que se resuelva con alternativas que eviten el encarcelamiento de las mujeres y protejan sus derechos y los de sus hijos\u00bb, explic\u00f3 el Defensor.<\/p>\n\n\n\n<p>Fuente: Defensor\u00eda del Pueblo<\/p>\n","protected":false},"excerpt":{"rendered":"<p>A partir de un trabajo en conjunto entre la Defensor\u00eda, organismos de Derechos Humanos y la Defensor\u00eda de Casaci\u00f3n, la &#8230; <a title=\"La Suprema Corte solicit\u00f3 informaci\u00f3n sobre la situaci\u00f3n de las mujeres detenidas con hijos en la Provincia\" class=\"read-more\" href=\"https:\/\/www.hoymercedes.com.ar\/principal\/2020\/03\/06\/la-suprema-corte-solicito-informacion-sobre-la-situacion-de-las-mujeres-detenidas-con-hijos-en-la-provincia\/\" aria-label=\"Leer m\u00e1s sobre La Suprema Corte solicit\u00f3 informaci\u00f3n sobre la situaci\u00f3n de las mujeres detenidas con hijos en la Provincia\">Leer m\u00e1s<\/a><\/p>\n","protected":false},"author":1,"featured_media":107075,"comment_status":"closed","ping_status":"open","sticky":false,"template":"","format":"standard","meta":{"_monsterinsights_skip_tracking":false,"_monsterinsights_sitenote_active":false,"_monsterinsights_sitenote_note":"","_monsterinsights_sitenote_category":0,"jetpack_post_was_ever_published":false,"_jetpack_newsletter_access":"","_jetpack_dont_email_post_to_subs":false,"_jetpack_newsletter_tier_id":0,"_jetpack_memberships_contains_paywalled_content":false,"_jetpack_memberships_contains_paid_content":false,"footnotes":"","jetpack_publicize_message":"","jetpack_publicize_feature_enabled":true,"jetpack_social_post_already_shared":true,"jetpack_social_options":{"image_generator_settings":{"template":"highway","default_image_id":0,"font":"","enabled":false},"version":2},"_wpas_customize_per_network":false},"categories":[8881],"tags":[4971,1803,1147],"class_list":["post-107074","post","type-post","status-publish","format-standard","has-post-thumbnail","hentry","category-provincia","tag-defensoria-del-pueblo","tag-provincia","tag-suprema-corte","generate-columns","tablet-grid-50","mobile-grid-100","grid-parent","grid-50"],"jetpack_publicize_connections":[],"jetpack_featured_media_url":"https:\/\/www.hoymercedes.com.ar\/principal\/wp-content\/uploads\/2020\/03\/06-carcel-mujeres.jpg","wps_subtitle":"Informe v\u00edas el #8M","jetpack_sharing_enabled":true,"_links":{"self":[{"href":"https:\/\/www.hoymercedes.com.ar\/principal\/wp-json\/wp\/v2\/posts\/107074","targetHints":{"allow":["GET"]}}],"collection":[{"href":"https:\/\/www.hoymercedes.com.ar\/principal\/wp-json\/wp\/v2\/posts"}],"about":[{"href":"https:\/\/www.hoymercedes.com.ar\/principal\/wp-json\/wp\/v2\/types\/post"}],"author":[{"embeddable":true,"href":"https:\/\/www.hoymercedes.com.ar\/principal\/wp-json\/wp\/v2\/users\/1"}],"replies":[{"embeddable":true,"href":"https:\/\/www.hoymercedes.com.ar\/principal\/wp-json\/wp\/v2\/comments?post=107074"}],"version-history":[{"count":0,"href":"https:\/\/www.hoymercedes.com.ar\/principal\/wp-json\/wp\/v2\/posts\/107074\/revisions"}],"wp:featuredmedia":[{"embeddable":true,"href":"https:\/\/www.hoymercedes.com.ar\/principal\/wp-json\/wp\/v2\/media\/107075"}],"wp:attachment":[{"href":"https:\/\/www.hoymercedes.com.ar\/principal\/wp-json\/wp\/v2\/media?parent=107074"}],"wp:term":[{"taxonomy":"category","embeddable":true,"href":"https:\/\/www.hoymercedes.com.ar\/principal\/wp-json\/wp\/v2\/categories?post=107074"},{"taxonomy":"post_tag","embeddable":true,"href":"https:\/\/www.hoymercedes.com.ar\/principal\/wp-json\/wp\/v2\/tags?post=107074"}],"curies":[{"name":"wp","href":"https:\/\/api.w.org\/{rel}","templated":true}]}}