{"id":107096,"date":"2020-03-07T11:25:14","date_gmt":"2020-03-07T14:25:14","guid":{"rendered":"http:\/\/www.hoymercedes.com.ar\/principal\/?p=107096"},"modified":"2020-03-07T13:15:50","modified_gmt":"2020-03-07T16:15:50","slug":"un-aprehendido-por-comercio-de-estupefacientes-2","status":"publish","type":"post","link":"https:\/\/www.hoymercedes.com.ar\/principal\/2020\/03\/07\/un-aprehendido-por-comercio-de-estupefacientes-2\/","title":{"rendered":"Un aprehendido por comercio de estupefacientes"},"content":{"rendered":"\n<p>En la jornada del jueves 5 del corriente se procedi\u00f3 a la aprehensi\u00f3n de un sujeto de 35 a\u00f1os, de apodo \u201cSemilla\u201d, domiciliado en la localidad de Luj\u00e1n quien se encontrar\u00eda vinculado al comercio de estupefacientes en dicha localidad.<\/p>\n\n\n\n<figure class=\"wp-block-image size-large\"><img loading=\"lazy\" decoding=\"async\" width=\"800\" height=\"533\" data-attachment-id=\"107097\" data-permalink=\"https:\/\/www.hoymercedes.com.ar\/principal\/2020\/03\/07\/un-aprehendido-por-comercio-de-estupefacientes-2\/07-poli-lujan-n-27\/#main\" data-orig-file=\"https:\/\/www.hoymercedes.com.ar\/principal\/wp-content\/uploads\/2020\/03\/07-poli-Lujan-N\u00b0-27.jpeg\" data-orig-size=\"800,533\" data-comments-opened=\"0\" data-image-meta=\"{&quot;aperture&quot;:&quot;0&quot;,&quot;credit&quot;:&quot;&quot;,&quot;camera&quot;:&quot;&quot;,&quot;caption&quot;:&quot;&quot;,&quot;created_timestamp&quot;:&quot;0&quot;,&quot;copyright&quot;:&quot;&quot;,&quot;focal_length&quot;:&quot;0&quot;,&quot;iso&quot;:&quot;0&quot;,&quot;shutter_speed&quot;:&quot;0&quot;,&quot;title&quot;:&quot;&quot;,&quot;orientation&quot;:&quot;0&quot;}\" data-image-title=\"07 poli Lujan N\u00b0 27\" data-image-description=\"\" data-image-caption=\"\" data-large-file=\"https:\/\/www.hoymercedes.com.ar\/principal\/wp-content\/uploads\/2020\/03\/07-poli-Lujan-N\u00b0-27.jpeg\" src=\"https:\/\/www.hoymercedes.com.ar\/principal\/wp-content\/uploads\/2020\/03\/07-poli-Lujan-N\u00b0-27.jpeg\" alt=\"\" class=\"wp-image-107097\"\/><\/figure>\n\n\n\n<p>Vale destacar que la investigaci\u00f3n comenz\u00f3 tras\nun llamado an\u00f3nimo a la Central de Atenci\u00f3n Telef\u00f3nica de Emergencias, l\u00ednea\n911, el pasado 14 de abril de 2019 que daba cuenta de la venta de sustancias\nestupefacientes por parte de un sujeto apodado&nbsp;\n\u201cSemilla\u201d, en un domicilio de la localidad.<\/p>\n\n\n\n<p>Ante esto se comunic\u00f3 a la Unidad Funcional de Instrucci\u00f3n N\u00ba 9 Descentralizada Luj\u00e1n del Departamento Judicial Mercedes \u2013 actualmente a cargo de la Dra. Mariana Su\u00e1rez \u2013 y la Ayudant\u00eda Fiscal Especializada en Estupefacientes Departamental.<\/p>\n\n\n\n<p>En el marco de la investigaci\u00f3n se encomend\u00f3 a la\nDelegaci\u00f3n Mercedes de Investigaciones del Trafico de Drogas Il\u00edcitas la\nrealizaci\u00f3n de tareas investigativas respecto del domicilio denunciado, donde\nse advirtieron movimientos compatibles con la comercializaci\u00f3n de\nestupefacientes al menudeo.<\/p>\n\n\n\n<p>De hecho, ya en el mes de junio de 2019 se\nprodujo una orden de allanamiento de la vivienda en cuesti\u00f3n en la que no se\nlogr\u00f3 secuestrar elementos suficientes para proceder a la aprehensi\u00f3n del\nimputado.<\/p>\n\n\n\n<p>Sin embargo, la investigaci\u00f3n sigui\u00f3 su curso,\nas\u00ed como las tareas de vigilancia por parte del personal policial,&nbsp; y se relevaron diversos elementos probatorios\nen contra del imputado.<\/p>\n\n\n\n<p>Ante esto se solicit\u00f3 una nueva orden de allanamiento del domicilio al Juzgado de Garant\u00edas N\u00ba 1 \u2013 a cargo del Dr. Marcelo Romero &#8211; la cual fue otorgada y\u00a0 llevada a cabo este jueves 5 de marzo. En el marco de dicha medida judicial se procedi\u00f3 al secuestro de distintos elementos de inter\u00e9s para la investigaci\u00f3n, as\u00ed como elementos compatibles con el fraccionamiento de estupefacientes.<\/p>\n\n\n\n<p>Tambi\u00e9n se encontraron entre en una bolsa, 9 envoltorios\nde nylon conteniendo coca\u00edna (6,7 grs.) con el fin de ser comercializados.<\/p>\n\n\n\n<p>Por el delito de \u201cTenencia de estupefacientes con fines de comercializaci\u00f3n\u201d y \u201cTenencia de estupefacientes fraccionadas en dosis destinadas directamente a los consumidores\u201d compareci\u00f3 ante la fiscal a cargo en el marco de la audiencia de declaraci\u00f3n en los t\u00e9rminos del art. 308 del C\u00f3digo Procesal Penal.<\/p>\n\n\n\n<p>Fuente: Ministerio P\u00fablico Fiscal &#8211; Depto. Judicial Mercedes<\/p>\n","protected":false},"excerpt":{"rendered":"<p>En la jornada del jueves 5 del corriente se procedi\u00f3 a la aprehensi\u00f3n de un sujeto de 35 a\u00f1os, de &#8230; <a title=\"Un aprehendido por comercio de estupefacientes\" class=\"read-more\" href=\"https:\/\/www.hoymercedes.com.ar\/principal\/2020\/03\/07\/un-aprehendido-por-comercio-de-estupefacientes-2\/\" aria-label=\"Leer m\u00e1s sobre Un aprehendido por comercio de estupefacientes\">Leer m\u00e1s<\/a><\/p>\n","protected":false},"author":1,"featured_media":107097,"comment_status":"closed","ping_status":"open","sticky":false,"template":"","format":"standard","meta":{"_monsterinsights_skip_tracking":false,"_monsterinsights_sitenote_active":false,"_monsterinsights_sitenote_note":"","_monsterinsights_sitenote_category":0,"jetpack_post_was_ever_published":false,"_jetpack_newsletter_access":"","_jetpack_dont_email_post_to_subs":false,"_jetpack_newsletter_tier_id":0,"_jetpack_memberships_contains_paywalled_content":false,"_jetpack_memberships_contains_paid_content":false,"footnotes":"","jetpack_publicize_message":"","jetpack_publicize_feature_enabled":true,"jetpack_social_post_already_shared":true,"jetpack_social_options":{"image_generator_settings":{"template":"highway","default_image_id":0,"font":"","enabled":false},"version":2},"_wpas_customize_per_network":false},"categories":[85],"tags":[86,96,1057],"class_list":["post-107096","post","type-post","status-publish","format-standard","has-post-thumbnail","hentry","category-policial","tag-lujan","tag-policial-2","tag-regional","generate-columns","tablet-grid-50","mobile-grid-100","grid-parent","grid-50"],"jetpack_publicize_connections":[],"jetpack_featured_media_url":"https:\/\/www.hoymercedes.com.ar\/principal\/wp-content\/uploads\/2020\/03\/07-poli-Lujan-N\u00b0-27.jpeg","wps_subtitle":"En Luj\u00e1n","jetpack_sharing_enabled":true,"_links":{"self":[{"href":"https:\/\/www.hoymercedes.com.ar\/principal\/wp-json\/wp\/v2\/posts\/107096","targetHints":{"allow":["GET"]}}],"collection":[{"href":"https:\/\/www.hoymercedes.com.ar\/principal\/wp-json\/wp\/v2\/posts"}],"about":[{"href":"https:\/\/www.hoymercedes.com.ar\/principal\/wp-json\/wp\/v2\/types\/post"}],"author":[{"embeddable":true,"href":"https:\/\/www.hoymercedes.com.ar\/principal\/wp-json\/wp\/v2\/users\/1"}],"replies":[{"embeddable":true,"href":"https:\/\/www.hoymercedes.com.ar\/principal\/wp-json\/wp\/v2\/comments?post=107096"}],"version-history":[{"count":0,"href":"https:\/\/www.hoymercedes.com.ar\/principal\/wp-json\/wp\/v2\/posts\/107096\/revisions"}],"wp:featuredmedia":[{"embeddable":true,"href":"https:\/\/www.hoymercedes.com.ar\/principal\/wp-json\/wp\/v2\/media\/107097"}],"wp:attachment":[{"href":"https:\/\/www.hoymercedes.com.ar\/principal\/wp-json\/wp\/v2\/media?parent=107096"}],"wp:term":[{"taxonomy":"category","embeddable":true,"href":"https:\/\/www.hoymercedes.com.ar\/principal\/wp-json\/wp\/v2\/categories?post=107096"},{"taxonomy":"post_tag","embeddable":true,"href":"https:\/\/www.hoymercedes.com.ar\/principal\/wp-json\/wp\/v2\/tags?post=107096"}],"curies":[{"name":"wp","href":"https:\/\/api.w.org\/{rel}","templated":true}]}}