{"id":107106,"date":"2020-03-07T12:30:00","date_gmt":"2020-03-07T15:30:00","guid":{"rendered":"http:\/\/www.hoymercedes.com.ar\/principal\/?p=107106"},"modified":"2020-03-07T13:15:36","modified_gmt":"2020-03-07T16:15:36","slug":"diana-manos-inaugura-muestra-fotografica-en-el-miguez","status":"publish","type":"post","link":"https:\/\/www.hoymercedes.com.ar\/principal\/2020\/03\/07\/diana-manos-inaugura-muestra-fotografica-en-el-miguez\/","title":{"rendered":"Diana Manos inaugura muestra fotogr\u00e1fica en el M\u00edguez"},"content":{"rendered":"\n<p>En el marco de las actividades por el D\u00eda Internacional de la Mujer, la historia de una mujer que sali\u00f3 al mundo con sus dolores y reconstruy\u00f3 sus afectos en Mercedes ser\u00e1 presentada por Diana Manos a trav\u00e9s de fotograf\u00edas en una muestra que se inaugura el d\u00eda 8 de marzo, 20 horas, en el Museo Hist\u00f3rico V\u00edctor M\u00edguez. <\/p>\n\n\n\n<p>\u00abRecomponer, reinventar y exponer (se) en primera persona. Un proceso que invita a una profunda reflexi\u00f3n en la vida de la autora y de sus contempor\u00e1neos.  Un viaje intimo, cargado de puntos de encuentros, conflictos y desenlaces. Una instalaci\u00f3n fotogr\u00e1fica que invita por sobre todo a tomarse el tiempo, mirar y sumergirse en cada detalle\u00bb, expresa la invitaci\u00f3n firmada por el curador de la muestra Mariano Fuaz.  <\/p>\n\n\n\n<p>En tanto, una poes\u00eda de Oscar Dinova, pareja de Diana Manos, sintetiza a quien fuera directora del Museo Ameghino y que ahora se aboca a la fotograf\u00eda. <\/p>\n\n\n\n<p class=\"has-text-align-left\"><strong>D de Diana<\/strong><br>Desde aquella palabra (ma\u00f1ana)<br>que apareci\u00f3 quebrada un d\u00eda,<br>as\u00ed como se pierde de pronto el futuro<br>y las claras ideas s\u00f3lo son utop\u00edas.<br>Y a manos vac\u00edas, pocos senderos quedan<br>a medio seguirlos,<br>a medio construirlos&#8230;<br>y que m\u00e1s, es bastante para seguir<br>y\/o volver a empezar.<\/p>\n","protected":false},"excerpt":{"rendered":"<p>En el marco de las actividades por el D\u00eda Internacional de la Mujer, la historia de una mujer que sali\u00f3 &#8230; <a title=\"Diana Manos inaugura muestra fotogr\u00e1fica en el M\u00edguez\" class=\"read-more\" href=\"https:\/\/www.hoymercedes.com.ar\/principal\/2020\/03\/07\/diana-manos-inaugura-muestra-fotografica-en-el-miguez\/\" aria-label=\"Leer m\u00e1s sobre Diana Manos inaugura muestra fotogr\u00e1fica en el M\u00edguez\">Leer m\u00e1s<\/a><\/p>\n","protected":false},"author":1,"featured_media":107107,"comment_status":"closed","ping_status":"open","sticky":false,"template":"","format":"standard","meta":{"_monsterinsights_skip_tracking":false,"_monsterinsights_sitenote_active":false,"_monsterinsights_sitenote_note":"","_monsterinsights_sitenote_category":0,"jetpack_post_was_ever_published":false,"_jetpack_newsletter_access":"","_jetpack_dont_email_post_to_subs":false,"_jetpack_newsletter_tier_id":0,"_jetpack_memberships_contains_paywalled_content":false,"_jetpack_memberships_contains_paid_content":false,"footnotes":"","jetpack_publicize_message":"","jetpack_publicize_feature_enabled":true,"jetpack_social_post_already_shared":true,"jetpack_social_options":{"image_generator_settings":{"template":"highway","default_image_id":0,"font":"","enabled":false},"version":2},"_wpas_customize_per_network":false},"categories":[104],"tags":[7805,1647,1034,3766],"class_list":["post-107106","post","type-post","status-publish","format-standard","has-post-thumbnail","hentry","category-cultura","tag-cultura","tag-diana-manos","tag-fotografia","tag-museo-miguez","generate-columns","tablet-grid-50","mobile-grid-100","grid-parent","grid-50"],"jetpack_publicize_connections":[],"jetpack_featured_media_url":"https:\/\/www.hoymercedes.com.ar\/principal\/wp-content\/uploads\/2020\/03\/07-Diana-Muestra-Personal2.jpg","wps_subtitle":"En el marco del #8M","jetpack_sharing_enabled":true,"_links":{"self":[{"href":"https:\/\/www.hoymercedes.com.ar\/principal\/wp-json\/wp\/v2\/posts\/107106","targetHints":{"allow":["GET"]}}],"collection":[{"href":"https:\/\/www.hoymercedes.com.ar\/principal\/wp-json\/wp\/v2\/posts"}],"about":[{"href":"https:\/\/www.hoymercedes.com.ar\/principal\/wp-json\/wp\/v2\/types\/post"}],"author":[{"embeddable":true,"href":"https:\/\/www.hoymercedes.com.ar\/principal\/wp-json\/wp\/v2\/users\/1"}],"replies":[{"embeddable":true,"href":"https:\/\/www.hoymercedes.com.ar\/principal\/wp-json\/wp\/v2\/comments?post=107106"}],"version-history":[{"count":0,"href":"https:\/\/www.hoymercedes.com.ar\/principal\/wp-json\/wp\/v2\/posts\/107106\/revisions"}],"wp:featuredmedia":[{"embeddable":true,"href":"https:\/\/www.hoymercedes.com.ar\/principal\/wp-json\/wp\/v2\/media\/107107"}],"wp:attachment":[{"href":"https:\/\/www.hoymercedes.com.ar\/principal\/wp-json\/wp\/v2\/media?parent=107106"}],"wp:term":[{"taxonomy":"category","embeddable":true,"href":"https:\/\/www.hoymercedes.com.ar\/principal\/wp-json\/wp\/v2\/categories?post=107106"},{"taxonomy":"post_tag","embeddable":true,"href":"https:\/\/www.hoymercedes.com.ar\/principal\/wp-json\/wp\/v2\/tags?post=107106"}],"curies":[{"name":"wp","href":"https:\/\/api.w.org\/{rel}","templated":true}]}}