{"id":107128,"date":"2020-03-07T14:56:11","date_gmt":"2020-03-07T17:56:11","guid":{"rendered":"http:\/\/www.hoymercedes.com.ar\/principal\/?p=107128"},"modified":"2020-03-07T20:19:28","modified_gmt":"2020-03-07T23:19:28","slug":"desenlace-fatal-joven-pierde-la-vida-al-ser-apunalado-tras-discusion","status":"publish","type":"post","link":"https:\/\/www.hoymercedes.com.ar\/principal\/2020\/03\/07\/desenlace-fatal-joven-pierde-la-vida-al-ser-apunalado-tras-discusion\/","title":{"rendered":"Desenlace fatal: joven pierde la vida al ser apu\u00f1alado tras discusi\u00f3n"},"content":{"rendered":"\n<p>Tras una discusi\u00f3n un joven es apu\u00f1alado y pierde la vida. No fue un hecho en banda. La polic\u00eda ya detuvo al presunto autor. Fue en la madrugada de este s\u00e1bado. La v\u00edctima de 18 a\u00f1os de edad es  Francisco Ledesma . Interviene la justicia de Mercedes. <\/p>\n\n\n\n<p>El hecho sucedi\u00f3 en calle 106\nentre 41 y 43. En dicho lugar, se supo, se efectuaba una fiesta familiar. Por\nmotivos que se desconocen Ledesma se acerca al lugar y all\u00ed se genera la\ndiscusi\u00f3n con otro joven de 21 a\u00f1o de apellido Carrizo, qui\u00e9n ser\u00eda el\nvictimario. <\/p>\n\n\n\n<p>El hecho circul\u00f3 la noticia que\nhabr\u00eda sido un ataque en banda, pero no fue as\u00ed. S\u00ed hubo varios testigos que\nterminaron siendo parte de la causa y la investigaci\u00f3n que se inici\u00f3. Seg\u00fan se\nsupo extra oficialmente Carrizo le habr\u00eda propinado la herida mortal.<\/p>\n\n\n\n<p>Al tratarse de un acontecimiento con desenlace en la v\u00eda p\u00fablica, pero en el \u00e1mbito privado, la justicia est\u00e1 haciendo un trabajo muy fino al respecto para poder dilucidar todos los detalles, m\u00e1s all\u00e1 que ya se encuentra detenido el victimario. <\/p>\n\n\n\n<p>Seg\u00fan la informaci\u00f3n oficial enviada por el Ministerio P\u00fablico Fiscal el hecho ocurri\u00f3  cerca de las 3 de la ma\u00f1ana. \u00abPor causas que son materia de investigaci\u00f3n se produjo un enfrentamiento entre dos grupos, producto del cual el joven de 18 a\u00f1os fue herido de gravedad con un arma blanca. Tras la intervenci\u00f3n policial se comunic\u00f3 al fiscal a cargo de la Unidad Funcional de Instrucci\u00f3n y Juicio N\u00ba 4 del Departamento Judicial Mercedes \u2013 a cargo del Dr. Lisandro Mass\u00f3n \u2013 quien imparti\u00f3 las directivas necesarias para poder determinar lo ocurrido y la autor\u00eda del hecho\u00bb, expresan en el parte. <\/p>\n\n\n\n<p>\u00abEs as\u00ed como funcionarios judiciales juntamente con personal policial, luego de relevar el lugar del hecho procedieron a tomar diversos testimonios, y dem\u00e1s elementos de inter\u00e9s para la investigaci\u00f3n. Como consecuencia de ello, el agente fiscal \u2013 en base a las facultades que le son propias \u2013 orden\u00f3 dos allanamientos en la urgencia para recuperar posibles elementos probatorios necesarios. Adem\u00e1s, dispuso la aprehensi\u00f3n de un joven de 21 a\u00f1os que es sindicado como el posible autor del puntazo quien qued\u00f3 alojado en dependencia policial. Tras el deceso se realiz\u00f3 la autopsia en la localidad de Chivilcoy cuyo informe preliminar dio como resultado que el deceso se produjo por un \u201cparo cardiorrespiratorio traum\u00e1tico\u201d provocado por un shock hipovol\u00e9mico producido por una herida de arma blanca en abdomen que afect\u00f3 \u00f3rganos vitales.  El imputado comparecer\u00e1 ante el agente fiscal en el marco la audiencia de declaraci\u00f3n en los t\u00e9rminos del art. 308 del C\u00f3digo Procesal Penal en la\u00a0 jornada de este lunes, en principio por el delito de \u201cHomicidio\u201d. La investigaci\u00f3n contin\u00faa tendiente a poder dilucidar lo ocurrido\u00bb.<\/p>\n","protected":false},"excerpt":{"rendered":"<p>Tras una discusi\u00f3n un joven es apu\u00f1alado y pierde la vida. No fue un hecho en banda. La polic\u00eda ya &#8230; <a title=\"Desenlace fatal: joven pierde la vida al ser apu\u00f1alado tras discusi\u00f3n\" class=\"read-more\" href=\"https:\/\/www.hoymercedes.com.ar\/principal\/2020\/03\/07\/desenlace-fatal-joven-pierde-la-vida-al-ser-apunalado-tras-discusion\/\" aria-label=\"Leer m\u00e1s sobre Desenlace fatal: joven pierde la vida al ser apu\u00f1alado tras discusi\u00f3n\">Leer m\u00e1s<\/a><\/p>\n","protected":false},"author":1,"featured_media":92785,"comment_status":"closed","ping_status":"open","sticky":false,"template":"","format":"standard","meta":{"_monsterinsights_skip_tracking":false,"_monsterinsights_sitenote_active":false,"_monsterinsights_sitenote_note":"","_monsterinsights_sitenote_category":0,"jetpack_post_was_ever_published":false,"_jetpack_newsletter_access":"","_jetpack_dont_email_post_to_subs":false,"_jetpack_newsletter_tier_id":0,"_jetpack_memberships_contains_paywalled_content":false,"_jetpack_memberships_contains_paid_content":false,"footnotes":"","jetpack_publicize_message":"","jetpack_publicize_feature_enabled":true,"jetpack_social_post_already_shared":true,"jetpack_social_options":{"image_generator_settings":{"template":"highway","default_image_id":0,"font":"","enabled":false},"version":2},"_wpas_customize_per_network":false},"categories":[85],"tags":[16270,245],"class_list":["post-107128","post","type-post","status-publish","format-standard","has-post-thumbnail","hentry","category-policial","tag-discusion","tag-muerte","generate-columns","tablet-grid-50","mobile-grid-100","grid-parent","grid-50"],"jetpack_publicize_connections":[],"jetpack_featured_media_url":"https:\/\/www.hoymercedes.com.ar\/principal\/wp-content\/uploads\/2019\/05\/12-policia-patrulleros.jpg","wps_subtitle":"Investigaci\u00f3n y muerte ","jetpack_sharing_enabled":true,"_links":{"self":[{"href":"https:\/\/www.hoymercedes.com.ar\/principal\/wp-json\/wp\/v2\/posts\/107128","targetHints":{"allow":["GET"]}}],"collection":[{"href":"https:\/\/www.hoymercedes.com.ar\/principal\/wp-json\/wp\/v2\/posts"}],"about":[{"href":"https:\/\/www.hoymercedes.com.ar\/principal\/wp-json\/wp\/v2\/types\/post"}],"author":[{"embeddable":true,"href":"https:\/\/www.hoymercedes.com.ar\/principal\/wp-json\/wp\/v2\/users\/1"}],"replies":[{"embeddable":true,"href":"https:\/\/www.hoymercedes.com.ar\/principal\/wp-json\/wp\/v2\/comments?post=107128"}],"version-history":[{"count":0,"href":"https:\/\/www.hoymercedes.com.ar\/principal\/wp-json\/wp\/v2\/posts\/107128\/revisions"}],"wp:featuredmedia":[{"embeddable":true,"href":"https:\/\/www.hoymercedes.com.ar\/principal\/wp-json\/wp\/v2\/media\/92785"}],"wp:attachment":[{"href":"https:\/\/www.hoymercedes.com.ar\/principal\/wp-json\/wp\/v2\/media?parent=107128"}],"wp:term":[{"taxonomy":"category","embeddable":true,"href":"https:\/\/www.hoymercedes.com.ar\/principal\/wp-json\/wp\/v2\/categories?post=107128"},{"taxonomy":"post_tag","embeddable":true,"href":"https:\/\/www.hoymercedes.com.ar\/principal\/wp-json\/wp\/v2\/tags?post=107128"}],"curies":[{"name":"wp","href":"https:\/\/api.w.org\/{rel}","templated":true}]}}