{"id":107156,"date":"2020-03-08T23:57:00","date_gmt":"2020-03-09T02:57:00","guid":{"rendered":"http:\/\/www.hoymercedes.com.ar\/principal\/?p=107156"},"modified":"2020-03-09T08:51:25","modified_gmt":"2020-03-09T11:51:25","slug":"dos-aprehendidos-por-robo-en-despoblado","status":"publish","type":"post","link":"https:\/\/www.hoymercedes.com.ar\/principal\/2020\/03\/08\/dos-aprehendidos-por-robo-en-despoblado\/","title":{"rendered":"Dos aprehendidos por  robo en despoblado"},"content":{"rendered":"\n<p>El viernes 6, en horas de la madrugada, personal policial del Destacamento Gowland procedi\u00f3 a la aprehensi\u00f3n de dos sujetos que instantes antes hab\u00edan ingresado a un comercio y se hab\u00edan hecho de una importante cantidad de mercader\u00eda y dinero en efectivo de un almac\u00e9n de campo.<\/p>\n\n\n\n<p>De acuerdo a lo que pudo conocerse, estas dos personas \u2013 ambos mayores de edad &#8211; ingresaron a un local comercial de rubro almac\u00e9n, ubicado en una zona despoblada de ruta 41 kil\u00f3metro 110 del partido de Mercedes. Mediante el uso de la fuerza al romper la puerta de calle del comercio, se apoderaron ileg\u00edtimamente de una m\u00e1quina de cortar fiambre, cuatro garrafas, mercader\u00eda y dinero en efectivo, entre otros elementos.<\/p>\n\n\n\n<p>Con estos iniciaron la huida a bordo de un veh\u00edculo Ford Fiesta Max\ncolor negro.<\/p>\n\n\n\n<p>Personal policial anoticiado de la comisi\u00f3n de un il\u00edcito en el lugar advirti\u00f3\nla circulaci\u00f3n de ese autom\u00f3vil y luego de una breve persecuci\u00f3n, fueron\nalcanzados y, tras un registro vehicular ante la urgencia donde se encontraron\nlos elementos sustra\u00eddos, los ocupantes del autom\u00f3vil fueron aprehendidos.<\/p>\n\n\n\n<p>Se comunic\u00f3 el hecho al fiscal a cargo de la Unidad Funcional de Instrucci\u00f3n y Juicio N\u00ba 4 del Departamento Judicial Mercedes \u2013 a cargo del Dr. Lisandro Mass\u00f3n \u2013 y ambos comparecieron ante el agente fiscal en el marco la audiencia de declaraci\u00f3n en los t\u00e9rminos del art. 308 del C\u00f3digo Procesal Penal por el delito de \u201cRobo en despoblado\u201d.<\/p>\n\n\n\n<p>Fuente: Ministerio P\u00fablico Fiscal  Depto Judicial Mercedes<\/p>\n","protected":false},"excerpt":{"rendered":"<p>El viernes 6, en horas de la madrugada, personal policial del Destacamento Gowland procedi\u00f3 a la aprehensi\u00f3n de dos sujetos &#8230; <a title=\"Dos aprehendidos por  robo en despoblado\" class=\"read-more\" href=\"https:\/\/www.hoymercedes.com.ar\/principal\/2020\/03\/08\/dos-aprehendidos-por-robo-en-despoblado\/\" aria-label=\"Leer m\u00e1s sobre Dos aprehendidos por  robo en despoblado\">Leer m\u00e1s<\/a><\/p>\n","protected":false},"author":1,"featured_media":106934,"comment_status":"closed","ping_status":"open","sticky":false,"template":"","format":"standard","meta":{"_monsterinsights_skip_tracking":false,"_monsterinsights_sitenote_active":false,"_monsterinsights_sitenote_note":"","_monsterinsights_sitenote_category":0,"jetpack_post_was_ever_published":false,"_jetpack_newsletter_access":"","_jetpack_dont_email_post_to_subs":false,"_jetpack_newsletter_tier_id":0,"_jetpack_memberships_contains_paywalled_content":false,"_jetpack_memberships_contains_paid_content":false,"footnotes":"","jetpack_publicize_message":"","jetpack_publicize_feature_enabled":true,"jetpack_social_post_already_shared":true,"jetpack_social_options":{"image_generator_settings":{"template":"highway","default_image_id":0,"font":"","enabled":false},"version":2},"_wpas_customize_per_network":false},"categories":[85],"tags":[10581,875,96,889],"class_list":["post-107156","post","type-post","status-publish","format-standard","has-post-thumbnail","hentry","category-policial","tag-fiscalia","tag-gowland","tag-policial-2","tag-robo","generate-columns","tablet-grid-50","mobile-grid-100","grid-parent","grid-50"],"jetpack_publicize_connections":[],"jetpack_featured_media_url":"https:\/\/www.hoymercedes.com.ar\/principal\/wp-content\/uploads\/2020\/03\/04-policia-calle-22.jpg","wps_subtitle":"En Gowland","jetpack_sharing_enabled":true,"_links":{"self":[{"href":"https:\/\/www.hoymercedes.com.ar\/principal\/wp-json\/wp\/v2\/posts\/107156","targetHints":{"allow":["GET"]}}],"collection":[{"href":"https:\/\/www.hoymercedes.com.ar\/principal\/wp-json\/wp\/v2\/posts"}],"about":[{"href":"https:\/\/www.hoymercedes.com.ar\/principal\/wp-json\/wp\/v2\/types\/post"}],"author":[{"embeddable":true,"href":"https:\/\/www.hoymercedes.com.ar\/principal\/wp-json\/wp\/v2\/users\/1"}],"replies":[{"embeddable":true,"href":"https:\/\/www.hoymercedes.com.ar\/principal\/wp-json\/wp\/v2\/comments?post=107156"}],"version-history":[{"count":0,"href":"https:\/\/www.hoymercedes.com.ar\/principal\/wp-json\/wp\/v2\/posts\/107156\/revisions"}],"wp:featuredmedia":[{"embeddable":true,"href":"https:\/\/www.hoymercedes.com.ar\/principal\/wp-json\/wp\/v2\/media\/106934"}],"wp:attachment":[{"href":"https:\/\/www.hoymercedes.com.ar\/principal\/wp-json\/wp\/v2\/media?parent=107156"}],"wp:term":[{"taxonomy":"category","embeddable":true,"href":"https:\/\/www.hoymercedes.com.ar\/principal\/wp-json\/wp\/v2\/categories?post=107156"},{"taxonomy":"post_tag","embeddable":true,"href":"https:\/\/www.hoymercedes.com.ar\/principal\/wp-json\/wp\/v2\/tags?post=107156"}],"curies":[{"name":"wp","href":"https:\/\/api.w.org\/{rel}","templated":true}]}}