{"id":107168,"date":"2020-03-08T19:54:31","date_gmt":"2020-03-08T22:54:31","guid":{"rendered":"http:\/\/www.hoymercedes.com.ar\/principal\/?p=107168"},"modified":"2020-03-08T19:56:35","modified_gmt":"2020-03-08T22:56:35","slug":"las-hermanas-panella-en-informe-televisivo-por-el-dia-de-la-mujer","status":"publish","type":"post","link":"https:\/\/www.hoymercedes.com.ar\/principal\/2020\/03\/08\/las-hermanas-panella-en-informe-televisivo-por-el-dia-de-la-mujer\/","title":{"rendered":"Las hermanas Panella en informe televisivo por el D\u00eda de la Mujer"},"content":{"rendered":"\n<p>En el marco de un informe que realiz\u00f3 un canal de noticias de alcance nacional, aparecieron las hermanas Fabiana, Andrea y Claudia Panella, tres mujeres  mercedinas  que conducen los camiones de la empresa familiar desde que aprendieron a manejar. <\/p>\n\n\n\n<figure class=\"wp-block-image size-large\"><img loading=\"lazy\" decoding=\"async\" width=\"800\" height=\"533\" data-attachment-id=\"107169\" data-permalink=\"https:\/\/www.hoymercedes.com.ar\/principal\/2020\/03\/08\/las-hermanas-panella-en-informe-televisivo-por-el-dia-de-la-mujer\/08-hermanas-panella\/#main\" data-orig-file=\"https:\/\/www.hoymercedes.com.ar\/principal\/wp-content\/uploads\/2020\/03\/08-hermanas-panella.jpg\" data-orig-size=\"800,533\" data-comments-opened=\"0\" data-image-meta=\"{&quot;aperture&quot;:&quot;0&quot;,&quot;credit&quot;:&quot;&quot;,&quot;camera&quot;:&quot;&quot;,&quot;caption&quot;:&quot;&quot;,&quot;created_timestamp&quot;:&quot;0&quot;,&quot;copyright&quot;:&quot;&quot;,&quot;focal_length&quot;:&quot;0&quot;,&quot;iso&quot;:&quot;0&quot;,&quot;shutter_speed&quot;:&quot;0&quot;,&quot;title&quot;:&quot;&quot;,&quot;orientation&quot;:&quot;0&quot;}\" data-image-title=\"08 hermanas panella\" data-image-description=\"\" data-image-caption=\"\" data-large-file=\"https:\/\/www.hoymercedes.com.ar\/principal\/wp-content\/uploads\/2020\/03\/08-hermanas-panella.jpg\" src=\"https:\/\/www.hoymercedes.com.ar\/principal\/wp-content\/uploads\/2020\/03\/08-hermanas-panella.jpg\" alt=\"\" class=\"wp-image-107169\"\/><\/figure>\n\n\n\n<p>El informe del canal TN firmado por Yanina Sibona resalta: \u00abFabiana, Andrea y Claudia Panella son camioneras. Trabajan en el rubro desde que cumplieron la mayor\u00eda de edad, pero est\u00e1n en el mundo de los camiones desde chicas, gracias a la empresa familiar que queda en Mercedes. Fabiana y Andrea hacen viajes y se encargan de transportar cualquier tipo de mercader\u00eda -excepto las refrigeradas-. Claudia, la m\u00e1s chica, es clarkista, es decir, conduce los autolelevadores m\u00f3viles y se ocupa de la carga y descarga de los productos, sin importar el peso, tama\u00f1o o dificultad. Ese trabajo es com\u00fan para ellas y\u00a0<strong>no conciben su vida alejadas de los camiones<\/strong>. No piensan que sea una \u00abocupaci\u00f3n de hombres\u00bb ni creen que le hayan \u00abrobado el lugar\u00bb a nadie. Est\u00e1n acostumbradas a salir a la ruta, quedarse en paradores con hombres y, desde hace algunos a\u00f1os, contactarse con m\u00e1s mujeres al mando de los grandes veh\u00edculos. En el grupo \u00abSimplemente camioneras\u00bb comparten la pasi\u00f3n y se hacen compa\u00f1\u00eda.<br> El marido de Fabiana es carpintero. Es el que se queda en casa con las dos hijas de la pareja mientras ella est\u00e1 en un viaje, que puede durar dos d\u00edas o m\u00e1s de una semana. \u00ab<strong>El cami\u00f3n no tiene g\u00e9nero, te sent\u00e1s y te lleva la pasi\u00f3n<\/strong>\u00a0por lo que hac\u00e9s\u00bb, asegura. <br> Claudia mide menos de 1,60, es menudita, tiene 30 y parece m\u00e1s chica. Cuando llega con el autoelevador, muchos le preguntan qui\u00e9n va a descargar la mercader\u00eda. La miran con desconfianza cuando ella responde \u00abYo\u00bb. Cuando termina, hay hombres que la aplauden. \u00ab<strong>Por ser mujer creen que no voy a ser capaz de hacer el trabajo<\/strong>. Cuando termino de descargar, algunos me felicitan. Para m\u00ed es gratificante\u00bb, dice con una sonrisa\u00bb. <\/p>\n\n\n\n<p>El t\u00edtulo de la nota que se replica en el sitio web de TN se titula: \u00abOcho mujeres que rompieron barreras y demuestran que los trabajos no tienen g\u00e9nero\u00bb. Describe a camioneras, alba\u00f1ilas, pilotas de auto, electricistas y mec\u00e1nicas.  Cada una explica \u00abc\u00f3mo es abrirse paso en un mundo de hombres y c\u00f3mo llegaron a trabajar de lo que las\u00a0apasiona\u00bb.\u00a0\u00abManejan camiones, arman muebles, refaccionan casas y arreglan motores de autos, entre otras actividades. Trabajan de lo que aman y est\u00e1n convencidas de que no le sacaron\u00a0el lugar\u00a0a ning\u00fan hombre. &#8216;Los trabajos no tienen\u00a0g\u00e9nero\u00a0y yo soy buena en lo que hago&#8217;, coinciden. Y agregan: &#8216;Despu\u00e9s de mucho NO, esto es un gran S\u00ed\u00b4. <\/p>\n\n\n\n<figure class=\"wp-block-embed-facebook wp-block-embed is-type-video is-provider-facebook\"><div class=\"wp-block-embed__wrapper\">\n<div class=\"fb-video\" data-allowfullscreen=\"true\" data-href=\"https:\/\/www.facebook.com\/tntodesnosotres\/videos\/231459471235056\/\" style=\"background-color: #fff; display: inline-block;\"><\/div>\n<\/div><\/figure>\n\n\n\n<p><\/p>\n","protected":false},"excerpt":{"rendered":"<p>En el marco de un informe que realiz\u00f3 un canal de noticias de alcance nacional, aparecieron las hermanas Fabiana, Andrea &#8230; <a title=\"Las hermanas Panella en informe televisivo por el D\u00eda de la Mujer\" class=\"read-more\" href=\"https:\/\/www.hoymercedes.com.ar\/principal\/2020\/03\/08\/las-hermanas-panella-en-informe-televisivo-por-el-dia-de-la-mujer\/\" aria-label=\"Leer m\u00e1s sobre Las hermanas Panella en informe televisivo por el D\u00eda de la Mujer\">Leer m\u00e1s<\/a><\/p>\n","protected":false},"author":1,"featured_media":107169,"comment_status":"closed","ping_status":"open","sticky":false,"template":"","format":"standard","meta":{"_monsterinsights_skip_tracking":false,"_monsterinsights_sitenote_active":false,"_monsterinsights_sitenote_note":"","_monsterinsights_sitenote_category":0,"jetpack_post_was_ever_published":false,"_jetpack_newsletter_access":"","_jetpack_dont_email_post_to_subs":false,"_jetpack_newsletter_tier_id":0,"_jetpack_memberships_contains_paywalled_content":false,"_jetpack_memberships_contains_paid_content":false,"footnotes":"","jetpack_publicize_message":"","jetpack_publicize_feature_enabled":true,"jetpack_social_post_already_shared":true,"jetpack_social_options":{"image_generator_settings":{"template":"highway","default_image_id":0,"font":"","enabled":false},"version":2},"_wpas_customize_per_network":false},"categories":[8],"tags":[16273,525,16272],"class_list":["post-107168","post","type-post","status-publish","format-standard","has-post-thumbnail","hentry","category-sociedad","tag-camioneras","tag-dia-de-la-mujer","tag-hermanas-panella","generate-columns","tablet-grid-50","mobile-grid-100","grid-parent","grid-50"],"jetpack_publicize_connections":[],"jetpack_featured_media_url":"https:\/\/www.hoymercedes.com.ar\/principal\/wp-content\/uploads\/2020\/03\/08-hermanas-panella.jpg","wps_subtitle":"#8M","jetpack_sharing_enabled":true,"_links":{"self":[{"href":"https:\/\/www.hoymercedes.com.ar\/principal\/wp-json\/wp\/v2\/posts\/107168","targetHints":{"allow":["GET"]}}],"collection":[{"href":"https:\/\/www.hoymercedes.com.ar\/principal\/wp-json\/wp\/v2\/posts"}],"about":[{"href":"https:\/\/www.hoymercedes.com.ar\/principal\/wp-json\/wp\/v2\/types\/post"}],"author":[{"embeddable":true,"href":"https:\/\/www.hoymercedes.com.ar\/principal\/wp-json\/wp\/v2\/users\/1"}],"replies":[{"embeddable":true,"href":"https:\/\/www.hoymercedes.com.ar\/principal\/wp-json\/wp\/v2\/comments?post=107168"}],"version-history":[{"count":0,"href":"https:\/\/www.hoymercedes.com.ar\/principal\/wp-json\/wp\/v2\/posts\/107168\/revisions"}],"wp:featuredmedia":[{"embeddable":true,"href":"https:\/\/www.hoymercedes.com.ar\/principal\/wp-json\/wp\/v2\/media\/107169"}],"wp:attachment":[{"href":"https:\/\/www.hoymercedes.com.ar\/principal\/wp-json\/wp\/v2\/media?parent=107168"}],"wp:term":[{"taxonomy":"category","embeddable":true,"href":"https:\/\/www.hoymercedes.com.ar\/principal\/wp-json\/wp\/v2\/categories?post=107168"},{"taxonomy":"post_tag","embeddable":true,"href":"https:\/\/www.hoymercedes.com.ar\/principal\/wp-json\/wp\/v2\/tags?post=107168"}],"curies":[{"name":"wp","href":"https:\/\/api.w.org\/{rel}","templated":true}]}}