{"id":107172,"date":"2020-03-08T16:02:00","date_gmt":"2020-03-08T19:02:00","guid":{"rendered":"http:\/\/www.hoymercedes.com.ar\/principal\/?p=107172"},"modified":"2020-03-08T20:18:05","modified_gmt":"2020-03-08T23:18:05","slug":"dia-de-la-mujer-voces-para-visibilizar-la-discriminacion-en-el-ambito-laboral","status":"publish","type":"post","link":"https:\/\/www.hoymercedes.com.ar\/principal\/2020\/03\/08\/dia-de-la-mujer-voces-para-visibilizar-la-discriminacion-en-el-ambito-laboral\/","title":{"rendered":"D\u00eda de la Mujer: Voces para visibilizar la discriminaci\u00f3n en el \u00e1mbito laboral"},"content":{"rendered":"\n<p>La Defensor\u00eda present\u00f3 una iniciativa que apunta a desnaturalizar conductas machistas que afectan a muchas mujeres. Algunas de ellas se sumaron a la campa\u00f1a para revertir esta realidad.<\/p>\n\n\n\n<p>La Defensor\u00eda del Pueblo bonaerense present\u00f3 una campa\u00f1a para visibilizar situaciones de discriminaci\u00f3n hacia las mujeres en el trabajo, una iniciativa que tiene como objetivo revertir estas conductas que las ponen en situaci\u00f3n de vulnerabilidad y avanzar hacia la igualdad de g\u00e9nero.<br> La propuesta de la direcci\u00f3n de Pol\u00edticas de Igualdad del organismo que conduce Guido Lorenzino tiene que ver con mostrar las situaciones de discriminaci\u00f3n que sufren las mujeres por el solo hecho de pertenecer al g\u00e9nero femenino.<\/p>\n\n\n\n<p>Se trata de episodios que aparecen en todos los \u00e1mbitos, y se reflejan en actitudes, conductas, diferencia en los salarios y frases como \u201ceso es cosa de hombres\u201d, \u201cdej\u00e1 que venga alguno de los chicos y ellos lo van a resolver enseguida\u201d, \u201cand\u00e1 a lavar los platos\u201d  \u201cmujer ten\u00edas que ser\u201d, entre otras muestras de una sociedad patriarcal que hay que superar.<\/p>\n\n\n\n<p>La discriminaci\u00f3n no siempre es clara. Puede ser manifiesta o difusa, y se relaciona con actitudes que est\u00e1n totalmente naturalizadas por la sociedad y que no constituyen expresiones extremas de violencia. Por ello, no son tan visibles y resultan m\u00e1s dif\u00edciles de modificar en los diferentes \u00e1mbitos. <\/p>\n\n\n\n<p>La iniciativa de la Defensor\u00eda para este D\u00eda Internacional de las Mujeres apunta a reflejar testimonios de mujeres que narran las situaciones m\u00e1s extra\u00f1as que vivieron en sus trabajos. Seg\u00fan surgi\u00f3 de los testimonios, como consecuencia de esta discriminaci\u00f3n, muchas mujeres se encuentran m\u00e1s cansadas, estresadas o tristes de lo normal luego de un d\u00eda de trabajo.<\/p>\n\n\n\n<p>\u201cDebemos desnaturalizar cuanto antes estos comportamientos. Para eso es necesario contar con pol\u00edticas p\u00fablicas que equiparen las oportunidades, los salarios y los roles en los lugares de trabajo\u201d, sostuvo Lorenzino.<\/p>\n\n\n\n<p>En esa l\u00ednea, agreg\u00f3 que \u201cdesde la Defensor\u00eda trabajamos la tem\u00e1tica de violencia laboral en capacitaciones e instancias de debate en las que abordamos la desigualdad en el acceso a derechos para hombres y mujeres. El programa se encuentra a disposici\u00f3n y puede solicitarse mediante los medios de contacto de la Defensor\u00eda\u201d.<\/p>\n\n\n\n<p><\/p>\n","protected":false},"excerpt":{"rendered":"<p>La Defensor\u00eda present\u00f3 una iniciativa que apunta a desnaturalizar conductas machistas que afectan a muchas mujeres. Algunas de ellas se &#8230; <a title=\"D\u00eda de la Mujer: Voces para visibilizar la discriminaci\u00f3n en el \u00e1mbito laboral\" class=\"read-more\" href=\"https:\/\/www.hoymercedes.com.ar\/principal\/2020\/03\/08\/dia-de-la-mujer-voces-para-visibilizar-la-discriminacion-en-el-ambito-laboral\/\" aria-label=\"Leer m\u00e1s sobre D\u00eda de la Mujer: Voces para visibilizar la discriminaci\u00f3n en el \u00e1mbito laboral\">Leer m\u00e1s<\/a><\/p>\n","protected":false},"author":1,"featured_media":107173,"comment_status":"closed","ping_status":"open","sticky":false,"template":"","format":"standard","meta":{"_monsterinsights_skip_tracking":false,"_monsterinsights_sitenote_active":false,"_monsterinsights_sitenote_note":"","_monsterinsights_sitenote_category":0,"jetpack_post_was_ever_published":false,"_jetpack_newsletter_access":"","_jetpack_dont_email_post_to_subs":false,"_jetpack_newsletter_tier_id":0,"_jetpack_memberships_contains_paywalled_content":false,"_jetpack_memberships_contains_paid_content":false,"footnotes":"","jetpack_publicize_message":"","jetpack_publicize_feature_enabled":true,"jetpack_social_post_already_shared":true,"jetpack_social_options":{"image_generator_settings":{"template":"highway","default_image_id":0,"font":"","enabled":false},"version":2},"_wpas_customize_per_network":false},"categories":[8881],"tags":[12661,14500,525],"class_list":["post-107172","post","type-post","status-publish","format-standard","has-post-thumbnail","hentry","category-provincia","tag-8m","tag-defensor-del-pueblo-bonaerense","tag-dia-de-la-mujer","generate-columns","tablet-grid-50","mobile-grid-100","grid-parent","grid-50"],"jetpack_publicize_connections":[],"jetpack_featured_media_url":"https:\/\/www.hoymercedes.com.ar\/principal\/wp-content\/uploads\/2020\/03\/08-mujer-defensoria.jpg","wps_subtitle":"#8M","jetpack_sharing_enabled":true,"_links":{"self":[{"href":"https:\/\/www.hoymercedes.com.ar\/principal\/wp-json\/wp\/v2\/posts\/107172","targetHints":{"allow":["GET"]}}],"collection":[{"href":"https:\/\/www.hoymercedes.com.ar\/principal\/wp-json\/wp\/v2\/posts"}],"about":[{"href":"https:\/\/www.hoymercedes.com.ar\/principal\/wp-json\/wp\/v2\/types\/post"}],"author":[{"embeddable":true,"href":"https:\/\/www.hoymercedes.com.ar\/principal\/wp-json\/wp\/v2\/users\/1"}],"replies":[{"embeddable":true,"href":"https:\/\/www.hoymercedes.com.ar\/principal\/wp-json\/wp\/v2\/comments?post=107172"}],"version-history":[{"count":0,"href":"https:\/\/www.hoymercedes.com.ar\/principal\/wp-json\/wp\/v2\/posts\/107172\/revisions"}],"wp:featuredmedia":[{"embeddable":true,"href":"https:\/\/www.hoymercedes.com.ar\/principal\/wp-json\/wp\/v2\/media\/107173"}],"wp:attachment":[{"href":"https:\/\/www.hoymercedes.com.ar\/principal\/wp-json\/wp\/v2\/media?parent=107172"}],"wp:term":[{"taxonomy":"category","embeddable":true,"href":"https:\/\/www.hoymercedes.com.ar\/principal\/wp-json\/wp\/v2\/categories?post=107172"},{"taxonomy":"post_tag","embeddable":true,"href":"https:\/\/www.hoymercedes.com.ar\/principal\/wp-json\/wp\/v2\/tags?post=107172"}],"curies":[{"name":"wp","href":"https:\/\/api.w.org\/{rel}","templated":true}]}}