{"id":107189,"date":"2020-03-08T21:49:14","date_gmt":"2020-03-09T00:49:14","guid":{"rendered":"http:\/\/www.hoymercedes.com.ar\/principal\/?p=107189"},"modified":"2020-03-09T16:37:58","modified_gmt":"2020-03-09T19:37:58","slug":"lujanense-detenido-por-utilizar-documentacion-falta","status":"publish","type":"post","link":"https:\/\/www.hoymercedes.com.ar\/principal\/2020\/03\/08\/lujanense-detenido-por-utilizar-documentacion-falta\/","title":{"rendered":"Lujanense detenido por utilizar documentaci\u00f3n falta"},"content":{"rendered":"\n<p>En sus\nhabituales operativos de prevenci\u00f3n la Polic\u00eda Comunal Mercedes detuvo a un\nmasculino mayor de edad por circular en un autom\u00f3vil con licencia de conducir\nap\u00f3crifa. Fue en el marco de los operativos de seguridad vial que se vienen\nimplementando.<\/p>\n\n\n\n<p>Se trata de un vecino de la ciudad de Luj\u00e1n de apellido Aguila quien circulaba con una licencia cuya conformaci\u00f3n no correspond\u00eda con lo legal, como las marcas de agua y sellados correspondientes al Ministerio de Transporte, por ejemplo.<\/p>\n\n\n\n<p>Fue interceptado por personal de la Polic\u00eda junto a efectivos del \u00e1rea de Transito en la posta de Av.40 y RPN\u00b0 41<\/p>\n\n\n\n<p>Tras impedirle\nseguir viaje e iniciarle las acciones legales correspondiente recuper\u00f3 su\nlibertad, pero con una causa con intervenci\u00f3n de la UFI N\u00b03 del Departamento\nJudicial Mercedes. <\/p>\n","protected":false},"excerpt":{"rendered":"<p>En sus habituales operativos de prevenci\u00f3n la Polic\u00eda Comunal Mercedes detuvo a un masculino mayor de edad por circular en &#8230; <a title=\"Lujanense detenido por utilizar documentaci\u00f3n falta\" class=\"read-more\" href=\"https:\/\/www.hoymercedes.com.ar\/principal\/2020\/03\/08\/lujanense-detenido-por-utilizar-documentacion-falta\/\" aria-label=\"Leer m\u00e1s sobre Lujanense detenido por utilizar documentaci\u00f3n falta\">Leer m\u00e1s<\/a><\/p>\n","protected":false},"author":1,"featured_media":107190,"comment_status":"closed","ping_status":"open","sticky":false,"template":"","format":"standard","meta":{"_monsterinsights_skip_tracking":false,"_monsterinsights_sitenote_active":false,"_monsterinsights_sitenote_note":"","_monsterinsights_sitenote_category":0,"jetpack_post_was_ever_published":false,"_jetpack_newsletter_access":"","_jetpack_dont_email_post_to_subs":false,"_jetpack_newsletter_tier_id":0,"_jetpack_memberships_contains_paywalled_content":false,"_jetpack_memberships_contains_paid_content":false,"footnotes":"","jetpack_publicize_message":"","jetpack_publicize_feature_enabled":true,"jetpack_social_post_already_shared":true,"jetpack_social_options":{"image_generator_settings":{"template":"highway","default_image_id":0,"font":"","enabled":false},"version":2},"_wpas_customize_per_network":false},"categories":[85],"tags":[16275,5766],"class_list":["post-107189","post","type-post","status-publish","format-standard","has-post-thumbnail","hentry","category-policial","tag-detencion-polcial","tag-policia-comunal","generate-columns","tablet-grid-50","mobile-grid-100","grid-parent","grid-50"],"jetpack_publicize_connections":[],"jetpack_featured_media_url":"https:\/\/www.hoymercedes.com.ar\/principal\/wp-content\/uploads\/2020\/03\/PoliciaComunal-Posta40y41.jpg","wps_subtitle":"Seguridad vial","jetpack_sharing_enabled":true,"_links":{"self":[{"href":"https:\/\/www.hoymercedes.com.ar\/principal\/wp-json\/wp\/v2\/posts\/107189","targetHints":{"allow":["GET"]}}],"collection":[{"href":"https:\/\/www.hoymercedes.com.ar\/principal\/wp-json\/wp\/v2\/posts"}],"about":[{"href":"https:\/\/www.hoymercedes.com.ar\/principal\/wp-json\/wp\/v2\/types\/post"}],"author":[{"embeddable":true,"href":"https:\/\/www.hoymercedes.com.ar\/principal\/wp-json\/wp\/v2\/users\/1"}],"replies":[{"embeddable":true,"href":"https:\/\/www.hoymercedes.com.ar\/principal\/wp-json\/wp\/v2\/comments?post=107189"}],"version-history":[{"count":0,"href":"https:\/\/www.hoymercedes.com.ar\/principal\/wp-json\/wp\/v2\/posts\/107189\/revisions"}],"wp:featuredmedia":[{"embeddable":true,"href":"https:\/\/www.hoymercedes.com.ar\/principal\/wp-json\/wp\/v2\/media\/107190"}],"wp:attachment":[{"href":"https:\/\/www.hoymercedes.com.ar\/principal\/wp-json\/wp\/v2\/media?parent=107189"}],"wp:term":[{"taxonomy":"category","embeddable":true,"href":"https:\/\/www.hoymercedes.com.ar\/principal\/wp-json\/wp\/v2\/categories?post=107189"},{"taxonomy":"post_tag","embeddable":true,"href":"https:\/\/www.hoymercedes.com.ar\/principal\/wp-json\/wp\/v2\/tags?post=107189"}],"curies":[{"name":"wp","href":"https:\/\/api.w.org\/{rel}","templated":true}]}}