{"id":107207,"date":"2020-03-09T10:02:58","date_gmt":"2020-03-09T13:02:58","guid":{"rendered":"http:\/\/www.hoymercedes.com.ar\/principal\/?p=107207"},"modified":"2020-03-09T16:34:50","modified_gmt":"2020-03-09T19:34:50","slug":"pasaron-multiples-actividades-en-la-semana-de-la-mujer","status":"publish","type":"post","link":"https:\/\/www.hoymercedes.com.ar\/principal\/2020\/03\/09\/pasaron-multiples-actividades-en-la-semana-de-la-mujer\/","title":{"rendered":"Pasaron m\u00faltiples actividades en la semana de la Mujer"},"content":{"rendered":"\n<p>La semana de la mujer en Mercedes teatro, mesas de trabajo, capacitaci\u00f3n, videos, acci\u00f3n en redes sociales, en la v\u00eda p\u00fablica, comercios y espacios de esparcimiento nocturno. \u201cEs la primera vez que se hace algo de esta magnitud, con tantos puntos de difusi\u00f3n, prevenci\u00f3n, formaci\u00f3n e informaci\u00f3n a la vez\u201d destacaron desde la organizaci\u00f3n que incluyo m\u00faltiples \u00e1reas de la Municipalidad, instituciones participantes, organizaciones sociales, militancia, vecinos y vecinas.<\/p>\n\n\n\n<div class=\"wp-block-jetpack-slideshow aligncenter\" data-effect=\"slide\"><div class=\"wp-block-jetpack-slideshow_container swiper-container\"><ul class=\"wp-block-jetpack-slideshow_swiper-wrapper swiper-wrapper\"><li class=\"wp-block-jetpack-slideshow_slide swiper-slide\"><figure><img loading=\"lazy\" decoding=\"async\" width=\"800\" height=\"493\" alt=\"\" class=\"wp-block-jetpack-slideshow_image wp-image-107208\" data-id=\"107208\" src=\"https:\/\/www.hoymercedes.com.ar\/principal\/wp-content\/uploads\/2020\/03\/09-mujeres-muni-2.jpg\"\/><\/figure><\/li><li class=\"wp-block-jetpack-slideshow_slide swiper-slide\"><figure><img loading=\"lazy\" decoding=\"async\" width=\"800\" height=\"600\" alt=\"\" class=\"wp-block-jetpack-slideshow_image wp-image-107209\" data-id=\"107209\" src=\"https:\/\/www.hoymercedes.com.ar\/principal\/wp-content\/uploads\/2020\/03\/09-mujeres-muni-3.jpeg\"\/><\/figure><\/li><li class=\"wp-block-jetpack-slideshow_slide swiper-slide\"><figure><img loading=\"lazy\" decoding=\"async\" width=\"800\" height=\"600\" alt=\"\" class=\"wp-block-jetpack-slideshow_image wp-image-107210\" data-id=\"107210\" src=\"https:\/\/www.hoymercedes.com.ar\/principal\/wp-content\/uploads\/2020\/03\/09-mujeres-muni-4.jpeg\"\/><\/figure><\/li><li class=\"wp-block-jetpack-slideshow_slide swiper-slide\"><figure><img loading=\"lazy\" decoding=\"async\" width=\"800\" height=\"600\" alt=\"\" class=\"wp-block-jetpack-slideshow_image wp-image-107211\" data-id=\"107211\" src=\"https:\/\/www.hoymercedes.com.ar\/principal\/wp-content\/uploads\/2020\/03\/09-mujeres-muni-5.jpeg\"\/><\/figure><\/li><li class=\"wp-block-jetpack-slideshow_slide swiper-slide\"><figure><img loading=\"lazy\" decoding=\"async\" width=\"800\" height=\"532\" alt=\"\" class=\"wp-block-jetpack-slideshow_image wp-image-107212\" data-id=\"107212\" src=\"https:\/\/www.hoymercedes.com.ar\/principal\/wp-content\/uploads\/2020\/03\/09-mujeres-muni-5.jpg\"\/><\/figure><\/li><li class=\"wp-block-jetpack-slideshow_slide swiper-slide\"><figure><img loading=\"lazy\" decoding=\"async\" width=\"800\" height=\"532\" alt=\"\" class=\"wp-block-jetpack-slideshow_image wp-image-107213\" data-id=\"107213\" src=\"https:\/\/www.hoymercedes.com.ar\/principal\/wp-content\/uploads\/2020\/03\/09-mujeres-muni-6.jpg\"\/><\/figure><\/li><li class=\"wp-block-jetpack-slideshow_slide swiper-slide\"><figure><img loading=\"lazy\" decoding=\"async\" width=\"800\" height=\"450\" alt=\"\" class=\"wp-block-jetpack-slideshow_image wp-image-107214\" data-id=\"107214\" src=\"https:\/\/www.hoymercedes.com.ar\/principal\/wp-content\/uploads\/2020\/03\/09-mujeres-muni-7.jpeg\"\/><\/figure><\/li><li class=\"wp-block-jetpack-slideshow_slide swiper-slide\"><figure><img loading=\"lazy\" decoding=\"async\" width=\"800\" height=\"449\" alt=\"\" class=\"wp-block-jetpack-slideshow_image wp-image-107215\" data-id=\"107215\" src=\"https:\/\/www.hoymercedes.com.ar\/principal\/wp-content\/uploads\/2020\/03\/09-mujeres-muni-7.jpg\"\/><\/figure><\/li><li class=\"wp-block-jetpack-slideshow_slide swiper-slide\"><figure><img loading=\"lazy\" decoding=\"async\" width=\"800\" height=\"450\" alt=\"\" class=\"wp-block-jetpack-slideshow_image wp-image-107216\" data-id=\"107216\" src=\"https:\/\/www.hoymercedes.com.ar\/principal\/wp-content\/uploads\/2020\/03\/09-mujeres-muni-8.jpeg\"\/><\/figure><\/li><li class=\"wp-block-jetpack-slideshow_slide swiper-slide\"><figure><img loading=\"lazy\" decoding=\"async\" width=\"800\" height=\"532\" alt=\"\" class=\"wp-block-jetpack-slideshow_image wp-image-107217\" data-id=\"107217\" src=\"https:\/\/www.hoymercedes.com.ar\/principal\/wp-content\/uploads\/2020\/03\/09-mujeres-muni-8.jpg\"\/><\/figure><\/li><li class=\"wp-block-jetpack-slideshow_slide swiper-slide\"><figure><img loading=\"lazy\" decoding=\"async\" width=\"1280\" height=\"960\" alt=\"\" class=\"wp-block-jetpack-slideshow_image wp-image-107180\" data-id=\"107180\" src=\"https:\/\/www.hoymercedes.com.ar\/principal\/wp-content\/uploads\/2020\/03\/JuventudPromoci\u00f3ndeDerechos.jpeg\"\/><\/figure><\/li><li class=\"wp-block-jetpack-slideshow_slide swiper-slide\"><figure><img loading=\"lazy\" decoding=\"async\" width=\"768\" height=\"768\" alt=\"\" class=\"wp-block-jetpack-slideshow_image wp-image-107083\" data-id=\"107083\" src=\"https:\/\/www.hoymercedes.com.ar\/principal\/wp-content\/uploads\/2020\/03\/06-campa\u00f1a-novamas-3.jpg\"\/><\/figure><\/li><li class=\"wp-block-jetpack-slideshow_slide swiper-slide\"><figure><img loading=\"lazy\" decoding=\"async\" width=\"768\" height=\"769\" alt=\"\" class=\"wp-block-jetpack-slideshow_image wp-image-107082\" data-id=\"107082\" src=\"https:\/\/www.hoymercedes.com.ar\/principal\/wp-content\/uploads\/2020\/03\/06-campa\u00f1a-novamas-2.jpg\"\/><\/figure><\/li><li class=\"wp-block-jetpack-slideshow_slide swiper-slide\"><figure><img loading=\"lazy\" decoding=\"async\" width=\"768\" height=\"769\" alt=\"\" class=\"wp-block-jetpack-slideshow_image wp-image-107081\" data-id=\"107081\" src=\"https:\/\/www.hoymercedes.com.ar\/principal\/wp-content\/uploads\/2020\/03\/06-campa\u00f1a-novamas-1.jpg\"\/><\/figure><\/li><li class=\"wp-block-jetpack-slideshow_slide swiper-slide\"><figure><img loading=\"lazy\" decoding=\"async\" width=\"800\" height=\"533\" alt=\"\" class=\"wp-block-jetpack-slideshow_image wp-image-107045\" data-id=\"107045\" src=\"https:\/\/www.hoymercedes.com.ar\/principal\/wp-content\/uploads\/2020\/03\/06-MujeresAlba\u00f1ilas.jpeg\"\/><\/figure><\/li><li class=\"wp-block-jetpack-slideshow_slide swiper-slide\"><figure><img loading=\"lazy\" decoding=\"async\" width=\"800\" height=\"533\" alt=\"\" class=\"wp-block-jetpack-slideshow_image wp-image-107026\" data-id=\"107026\" src=\"https:\/\/www.hoymercedes.com.ar\/principal\/wp-content\/uploads\/2020\/03\/05-mesa-genero-muni.jpg\"\/><\/figure><\/li><li class=\"wp-block-jetpack-slideshow_slide swiper-slide\"><figure><img loading=\"lazy\" decoding=\"async\" width=\"600\" height=\"600\" alt=\"\" class=\"wp-block-jetpack-slideshow_image wp-image-107218\" data-id=\"107218\" src=\"https:\/\/www.hoymercedes.com.ar\/principal\/wp-content\/uploads\/2020\/03\/09-mujer-muni-1.jpg\"\/><\/figure><\/li><li class=\"wp-block-jetpack-slideshow_slide swiper-slide\"><figure><img loading=\"lazy\" decoding=\"async\" width=\"600\" height=\"600\" alt=\"\" class=\"wp-block-jetpack-slideshow_image wp-image-107219\" data-id=\"107219\" src=\"https:\/\/www.hoymercedes.com.ar\/principal\/wp-content\/uploads\/2020\/03\/09-mujer-muni-2.jpg\"\/><\/figure><\/li><li class=\"wp-block-jetpack-slideshow_slide swiper-slide\"><figure><img loading=\"lazy\" decoding=\"async\" width=\"600\" height=\"706\" alt=\"\" class=\"wp-block-jetpack-slideshow_image wp-image-107220\" data-id=\"107220\" src=\"https:\/\/www.hoymercedes.com.ar\/principal\/wp-content\/uploads\/2020\/03\/09-mujer-muni-3.jpg\"\/><\/figure><\/li><li class=\"wp-block-jetpack-slideshow_slide swiper-slide\"><figure><img loading=\"lazy\" decoding=\"async\" width=\"533\" height=\"800\" alt=\"\" class=\"wp-block-jetpack-slideshow_image wp-image-107221\" data-id=\"107221\" src=\"https:\/\/www.hoymercedes.com.ar\/principal\/wp-content\/uploads\/2020\/03\/09-mujer-muni-4.jpg\"\/><\/figure><\/li><\/ul><a class=\"wp-block-jetpack-slideshow_button-prev swiper-button-prev swiper-button-white\" role=\"button\"><\/a><a class=\"wp-block-jetpack-slideshow_button-next swiper-button-next swiper-button-white\" role=\"button\"><\/a><a aria-label=\"Pause Slideshow\" class=\"wp-block-jetpack-slideshow_button-pause\" role=\"button\"><\/a><div class=\"wp-block-jetpack-slideshow_pagination swiper-pagination swiper-pagination-white\"><\/div><\/div><\/div>\n\n\n\n<p>Las actividades arrancaron con la aplicaci\u00f3n de la Ley Micaela en el MAMM para funcionarios municipales. El martes se vivi\u00f3 el inicio de la muestra \u201cArte por mujeres\u201d. El mi\u00e9rcoles en el C.I.C con charla abierta \u201cCuidado del cuerpo y anticoncepci\u00f3n\u201d a cargo de la Dra. Sof\u00eda Torcoleti. <\/p>\n\n\n\n<p>El jueves se expuso el trabajo de \u201cLas Alba\u00f1ilas\u201d en el SUM Bioconstruido del barrio Pe\u00f1aloza y se concret\u00f3 la primera reuni\u00f3n de la \u201cMesa Local de G\u00e9nero\u201d con gran participaci\u00f3n de instituciones. El viernes inici\u00f3 la in\u00e9dita y novedosa campa\u00f1a en comercios, taxis y remises con entrega de pulseras, calcos, tarjetones y proyecci\u00f3n de videos en todos los comercios referidos a la campa\u00f1a #NoVaM\u00e1s con fuerte mensaje preventivo y de concientizaci\u00f3n. <\/p>\n\n\n\n<p>En Jofr\u00e9 las \u201cMujeres Camperas\u201d efectuaron una nutrida pe\u00f1a y baile familiar en el SUM del pueblo. En la Trocha lleg\u00f3 el teatro con la obra \u201cLa mujer que no quiso ser jarr\u00f3n\u201d de Andrea Ojeda. El s\u00e1bado desde la tarde se vivieron clases de zumba y f\u00fatbol femenino en el Mart\u00edn Rodr\u00edguez con una gran afluencia de participantes. <\/p>\n\n\n\n<p>En La Trocha Vicky G llev\u00f3 humor y reflexi\u00f3n a las tablas de la sala teatral del complejo La Trocha y por la noche se retom\u00f3 la campa\u00f1a de comercios, taxis y remises.\u00a0\u00a0En el and\u00e9n, mientras tanto, la coordinaci\u00f3n de derechos humanos expuso cuadros y arte referido a las mujeres mercedinas asesinadas por la \u00faltima dictadura c\u00edvico militar. Por la ma\u00f1ana y tarde hubo mesas en el centro y avenida entregando fluyers, calcos y pulseras alusivas con participaci\u00f3n de j\u00f3venes y miembro de la Casa de la Mujer. <\/p>\n\n\n\n<p>El domingo en Tom\u00e1s Jofr\u00e9 junto a la Asamblea de Mujeres Mercedinas y la Direcci\u00f3n de Turismo se pint\u00f3 un banco rojo alusivo, con participaci\u00f3n de vecinas que fueron reconocidas, y el aporte de feriantes, vecinos del pueblo, trabajadoras y trabajadores. Ya por la tarde, en el Museo Miguez, se inaugur\u00f3 la muestra fotogr\u00e1fica de Diana Manos donde se recorre su vida, el exilio, las luchas, los pa\u00edses recorridos en una emotiva exposici\u00f3n.<\/p>\n\n\n\n<p>\u201cHa sido una semana important\u00edsima. In\u00e9dita en el volumen de trabajo, exposici\u00f3n, compromiso y participaci\u00f3n de instituciones, vecinos y vecinas, j\u00f3venes y con un Estado municipal muy activo y presente\u201d manifestaron desde la organizaci\u00f3n destacando que \u201cesta a\u00f1o elevamos muchos mensajes en pos de romper mitos y formas de dominaci\u00f3n, de generar una nueva consciencia sobre el rol de la mujer y el valor de la vida\u201d expresaron y destacaron que \u201ctodo bajo una consigna compartida que era #NoVaM\u00e1s y #NosotrasMovemosElMundo\u201d afirmaron.<\/p>\n\n\n\n<p>Por \u00faltimo se conoci\u00f3 tambi\u00e9n el decreto por el cual se declar\u00f3 de inter\u00e9s municipal el D\u00eda Internacional de la Mujer Trabajadora que este a\u00f1o se conmemorar\u00e1 el d\u00eda 9 de marzo, d\u00eda en el cual se realizar\u00e1 el Paro Internacional de Mujeres para la visibilizaci\u00f3n de derechos donde el Departamento Ejecutivo hizo saber que acompa\u00f1an la jornada reflexiva, adhiriendo al paro, sum\u00e1ndose al reclamo, movilizaci\u00f3n y dando a conocer que no se descontar\u00e1 la jornada ni afectar\u00e1 el preceptismo de las trabajadoras adherentes. Esto sin afectar el funcionamiento de cada una de las \u00e1reas y servicios municipales.<\/p>\n\n\n\n<p>El Hospital Dubarry y la Casa de la Mujer fueron, adem\u00e1s, receptores de donaciones. La empresa LUDMARC provey\u00f3 a la instituci\u00f3n y la dependencia municipal de productos de higiene para la mujer. De esa manera podr\u00e1n aportar a quienes asisten a dichos espacios.<\/p>\n\n\n\n<p>Vale mencionar, tambi\u00e9n, que el Palacio Municipal, durante el domingo por la noche, se visti\u00f3 de violeta, modificando su iluminaci\u00f3n habitual para que sea un s\u00f3lido s\u00edmbolo sobre la importancia de la jornada.<\/p>\n\n\n\n<p>Fuente: Prensa Municipal<\/p>\n","protected":false},"excerpt":{"rendered":"<p>La semana de la mujer en Mercedes teatro, mesas de trabajo, capacitaci\u00f3n, videos, acci\u00f3n en redes sociales, en la v\u00eda &#8230; <a title=\"Pasaron m\u00faltiples actividades en la semana de la Mujer\" class=\"read-more\" href=\"https:\/\/www.hoymercedes.com.ar\/principal\/2020\/03\/09\/pasaron-multiples-actividades-en-la-semana-de-la-mujer\/\" aria-label=\"Leer m\u00e1s sobre Pasaron m\u00faltiples actividades en la semana de la Mujer\">Leer m\u00e1s<\/a><\/p>\n","protected":false},"author":1,"featured_media":107211,"comment_status":"closed","ping_status":"open","sticky":false,"template":"","format":"standard","meta":{"_monsterinsights_skip_tracking":false,"_monsterinsights_sitenote_active":false,"_monsterinsights_sitenote_note":"","_monsterinsights_sitenote_category":0,"jetpack_post_was_ever_published":false,"_jetpack_newsletter_access":"","_jetpack_dont_email_post_to_subs":false,"_jetpack_newsletter_tier_id":0,"_jetpack_memberships_contains_paywalled_content":false,"_jetpack_memberships_contains_paid_content":false,"footnotes":"","jetpack_publicize_message":"","jetpack_publicize_feature_enabled":true,"jetpack_social_post_already_shared":true,"jetpack_social_options":{"image_generator_settings":{"template":"highway","default_image_id":0,"font":"","enabled":false},"version":2},"_wpas_customize_per_network":false},"categories":[30],"tags":[525,244],"class_list":["post-107207","post","type-post","status-publish","format-standard","has-post-thumbnail","hentry","category-municipio","tag-dia-de-la-mujer","tag-municipio-2","generate-columns","tablet-grid-50","mobile-grid-100","grid-parent","grid-50"],"jetpack_publicize_connections":[],"jetpack_featured_media_url":"https:\/\/www.hoymercedes.com.ar\/principal\/wp-content\/uploads\/2020\/03\/09-mujeres-muni-5.jpeg","wps_subtitle":"","jetpack_sharing_enabled":true,"_links":{"self":[{"href":"https:\/\/www.hoymercedes.com.ar\/principal\/wp-json\/wp\/v2\/posts\/107207","targetHints":{"allow":["GET"]}}],"collection":[{"href":"https:\/\/www.hoymercedes.com.ar\/principal\/wp-json\/wp\/v2\/posts"}],"about":[{"href":"https:\/\/www.hoymercedes.com.ar\/principal\/wp-json\/wp\/v2\/types\/post"}],"author":[{"embeddable":true,"href":"https:\/\/www.hoymercedes.com.ar\/principal\/wp-json\/wp\/v2\/users\/1"}],"replies":[{"embeddable":true,"href":"https:\/\/www.hoymercedes.com.ar\/principal\/wp-json\/wp\/v2\/comments?post=107207"}],"version-history":[{"count":0,"href":"https:\/\/www.hoymercedes.com.ar\/principal\/wp-json\/wp\/v2\/posts\/107207\/revisions"}],"wp:featuredmedia":[{"embeddable":true,"href":"https:\/\/www.hoymercedes.com.ar\/principal\/wp-json\/wp\/v2\/media\/107211"}],"wp:attachment":[{"href":"https:\/\/www.hoymercedes.com.ar\/principal\/wp-json\/wp\/v2\/media?parent=107207"}],"wp:term":[{"taxonomy":"category","embeddable":true,"href":"https:\/\/www.hoymercedes.com.ar\/principal\/wp-json\/wp\/v2\/categories?post=107207"},{"taxonomy":"post_tag","embeddable":true,"href":"https:\/\/www.hoymercedes.com.ar\/principal\/wp-json\/wp\/v2\/tags?post=107207"}],"curies":[{"name":"wp","href":"https:\/\/api.w.org\/{rel}","templated":true}]}}