{"id":107224,"date":"2020-03-09T19:00:00","date_gmt":"2020-03-09T22:00:00","guid":{"rendered":"http:\/\/www.hoymercedes.com.ar\/principal\/?p=107224"},"modified":"2020-03-09T17:19:04","modified_gmt":"2020-03-09T20:19:04","slug":"preparan-via-crucis-de-catedral-e-invitan-a-sumarse","status":"publish","type":"post","link":"https:\/\/www.hoymercedes.com.ar\/principal\/2020\/03\/09\/preparan-via-crucis-de-catedral-e-invitan-a-sumarse\/","title":{"rendered":"Preparan V\u00eda Crucis de Catedral e invitan a sumarse"},"content":{"rendered":"\n<p>\nEn estos d\u00edas, se ha notado el movimiento de j\u00f3venes y \nvoluntarios, en el atrio de la Catedral Bas\u00edlica Ntra. Sra. de las \nMercedes y es por que han comenzado con los ensayos del tradicional\n V\u00eda Crucis, que en esta oportunidad se estar\u00e1 concretando el d\u00eda \nviernes 10 de Abril, desde las 21hs.<\/p>\n\n\n\n<figure class=\"wp-block-image size-large\"><img loading=\"lazy\" decoding=\"async\" width=\"964\" height=\"542\" data-attachment-id=\"107231\" data-permalink=\"https:\/\/www.hoymercedes.com.ar\/principal\/2020\/03\/09\/preparan-via-crucis-de-catedral-e-invitan-a-sumarse\/viacrucis-2020-b\/#main\" data-orig-file=\"https:\/\/www.hoymercedes.com.ar\/principal\/wp-content\/uploads\/2020\/03\/ViaCrucis-2020-b.jpg\" data-orig-size=\"964,542\" data-comments-opened=\"0\" data-image-meta=\"{&quot;aperture&quot;:&quot;0&quot;,&quot;credit&quot;:&quot;&quot;,&quot;camera&quot;:&quot;&quot;,&quot;caption&quot;:&quot;&quot;,&quot;created_timestamp&quot;:&quot;0&quot;,&quot;copyright&quot;:&quot;&quot;,&quot;focal_length&quot;:&quot;0&quot;,&quot;iso&quot;:&quot;0&quot;,&quot;shutter_speed&quot;:&quot;0&quot;,&quot;title&quot;:&quot;&quot;,&quot;orientation&quot;:&quot;0&quot;}\" data-image-title=\"ViaCrucis-2020-b\" data-image-description=\"\" data-image-caption=\"\" data-large-file=\"https:\/\/www.hoymercedes.com.ar\/principal\/wp-content\/uploads\/2020\/03\/ViaCrucis-2020-b.jpg\" src=\"https:\/\/www.hoymercedes.com.ar\/principal\/wp-content\/uploads\/2020\/03\/ViaCrucis-2020-b.jpg\" alt=\"\" class=\"wp-image-107231\"\/><\/figure>\n\n\n\n<p>\nSi bien se debe respetar aspectos estrictos en la \nhistoria contada, sobre los \u00faltimos momentos de Jes\u00fas entre los hombres,\n se pudo saber que en esta ocasi\u00f3n, se incorporaran canciones,\n elementos que har\u00e1n que el espectador pueda sentir la interpretaci\u00f3n \nm\u00e1s real, y el recorrido var\u00eda ya que el evento se concreta en conjunto \ncon la Parroquia San Jos\u00e9. Por eso, el transito del \u201cCamino de la Fe\u201d, \nse iniciara en la avenida 29 y 24 avanzando\n directamente a la mencionada iglesia y culminar en el momento de la \n\u201ccrucifixi\u00f3n\u201d frente a ella, en la plaza hom\u00f3nima.<\/p>\n\n\n\n<p> El elenco, hasta el momento cuenta con Jerem\u00edas Aladro  como Jes\u00fas; Gabriela Becerro es la Virgen Mar\u00eda, Gustavo Filipini es  Pedro;\u00a0 Diego Mar\u00fa es Pilatos; Yamila Reyna es Claudia; Milagros Carbone, \u201cla Ver\u00f3nica\u201d;\u00a0 Vanesa Uviedo, es Mar\u00eda Magdalena; Samanta es la acusadora;\u00a0 An\u00edbal Enciso es Barrabas;\u00a0 Navy Damonte es el  \u00e1ngel; Juan Carbone es el Cirineo; y los Maestros de la Ley ser\u00e1n  interpretados por Oscar Crivelli y Diego Cestari.\u00a0 <\/p>\n\n\n\n<figure class=\"wp-block-image size-large\"><img loading=\"lazy\" decoding=\"async\" width=\"689\" height=\"459\" data-attachment-id=\"107254\" data-permalink=\"https:\/\/www.hoymercedes.com.ar\/principal\/2020\/03\/09\/preparan-via-crucis-de-catedral-e-invitan-a-sumarse\/09-via-crucis\/#main\" data-orig-file=\"https:\/\/www.hoymercedes.com.ar\/principal\/wp-content\/uploads\/2020\/03\/09-via-crucis.jpg\" data-orig-size=\"689,459\" data-comments-opened=\"0\" data-image-meta=\"{&quot;aperture&quot;:&quot;0&quot;,&quot;credit&quot;:&quot;&quot;,&quot;camera&quot;:&quot;&quot;,&quot;caption&quot;:&quot;&quot;,&quot;created_timestamp&quot;:&quot;0&quot;,&quot;copyright&quot;:&quot;&quot;,&quot;focal_length&quot;:&quot;0&quot;,&quot;iso&quot;:&quot;0&quot;,&quot;shutter_speed&quot;:&quot;0&quot;,&quot;title&quot;:&quot;&quot;,&quot;orientation&quot;:&quot;0&quot;}\" data-image-title=\"09-via-crucis\" data-image-description=\"\" data-image-caption=\"\" data-large-file=\"https:\/\/www.hoymercedes.com.ar\/principal\/wp-content\/uploads\/2020\/03\/09-via-crucis.jpg\" src=\"https:\/\/www.hoymercedes.com.ar\/principal\/wp-content\/uploads\/2020\/03\/09-via-crucis.jpg\" alt=\"\" class=\"wp-image-107254\"\/><\/figure>\n\n\n\n<p>Como las \u201cdolientes\u201d estar\u00e1n Nancy Ciovini, Cristina Maidana,  Lucrecia Quintela, Raquel Dipaola, Yamila Reyna, Navy Damonte, Bel\u00e9n  Luppi y Griselda Berthillod. Quienes se pondr\u00e1n en la piel de los  soldados de la \u00e9poca est\u00e1n N\u00e9stor \u201cTito\u201d Colombo, Gonzalo  Valdez, Rodrigo Torres, Mariano Flyn, Mat\u00edas Barrag\u00e1n y Ricardo  Renzzelli. Todos bajo la direcci\u00f3n general de Maximiliano Schiraldi. <\/p>\n\n\n\n<p>\nEn tanto a las canciones que se estar\u00e1n incorporando a \nla puesta en escena, las mismas se estar\u00e1n interpretando en vivo, a \ntrav\u00e9s de Griselda Berthillod y Guido Olivera. En los relatos\n se escucharan las voces de Margarita Garau, &nbsp;Diego Cellay, Fernando Pachiani y Diego Mar\u00fa.<\/p>\n\n\n\n<p> <strong>Aquellas personas que se quieran sumar a ser parte del elenco, tienen tiempo todav\u00eda y \u00a0hay roles a interpretar. Para eso, pueden concurrir a los  ensayos que se est\u00e1n llevando adelante los d\u00edas mi\u00e9rcoles y viernes a  las 19.45hs, luego de misa, en el atrio de la Catedral Bas\u00edlica.<\/strong><\/p>\n\n\n\n<figure class=\"wp-block-image size-large\"><img loading=\"lazy\" decoding=\"async\" width=\"800\" height=\"531\" data-attachment-id=\"107255\" data-permalink=\"https:\/\/www.hoymercedes.com.ar\/principal\/2020\/03\/09\/preparan-via-crucis-de-catedral-e-invitan-a-sumarse\/09-via-crucis1\/#main\" data-orig-file=\"https:\/\/www.hoymercedes.com.ar\/principal\/wp-content\/uploads\/2020\/03\/09-via-crucis1.jpg\" data-orig-size=\"800,531\" data-comments-opened=\"0\" data-image-meta=\"{&quot;aperture&quot;:&quot;0&quot;,&quot;credit&quot;:&quot;&quot;,&quot;camera&quot;:&quot;&quot;,&quot;caption&quot;:&quot;&quot;,&quot;created_timestamp&quot;:&quot;0&quot;,&quot;copyright&quot;:&quot;&quot;,&quot;focal_length&quot;:&quot;0&quot;,&quot;iso&quot;:&quot;0&quot;,&quot;shutter_speed&quot;:&quot;0&quot;,&quot;title&quot;:&quot;&quot;,&quot;orientation&quot;:&quot;0&quot;}\" data-image-title=\"09-via-crucis1\" data-image-description=\"\" data-image-caption=\"\" data-large-file=\"https:\/\/www.hoymercedes.com.ar\/principal\/wp-content\/uploads\/2020\/03\/09-via-crucis1.jpg\" src=\"https:\/\/www.hoymercedes.com.ar\/principal\/wp-content\/uploads\/2020\/03\/09-via-crucis1.jpg\" alt=\"\" class=\"wp-image-107255\"\/><\/figure>\n","protected":false},"excerpt":{"rendered":"<p>En estos d\u00edas, se ha notado el movimiento de j\u00f3venes y voluntarios, en el atrio de la Catedral Bas\u00edlica Ntra. &#8230; <a title=\"Preparan V\u00eda Crucis de Catedral e invitan a sumarse\" class=\"read-more\" href=\"https:\/\/www.hoymercedes.com.ar\/principal\/2020\/03\/09\/preparan-via-crucis-de-catedral-e-invitan-a-sumarse\/\" aria-label=\"Leer m\u00e1s sobre Preparan V\u00eda Crucis de Catedral e invitan a sumarse\">Leer m\u00e1s<\/a><\/p>\n","protected":false},"author":1,"featured_media":107231,"comment_status":"closed","ping_status":"open","sticky":false,"template":"","format":"standard","meta":{"_monsterinsights_skip_tracking":false,"_monsterinsights_sitenote_active":false,"_monsterinsights_sitenote_note":"","_monsterinsights_sitenote_category":0,"jetpack_post_was_ever_published":false,"_jetpack_newsletter_access":"","_jetpack_dont_email_post_to_subs":false,"_jetpack_newsletter_tier_id":0,"_jetpack_memberships_contains_paywalled_content":false,"_jetpack_memberships_contains_paid_content":false,"footnotes":"","jetpack_publicize_message":"","jetpack_publicize_feature_enabled":true,"jetpack_social_post_already_shared":true,"jetpack_social_options":{"image_generator_settings":{"template":"highway","default_image_id":0,"font":"","enabled":false},"version":2},"_wpas_customize_per_network":false},"categories":[8],"tags":[4311,5038],"class_list":["post-107224","post","type-post","status-publish","format-standard","has-post-thumbnail","hentry","category-sociedad","tag-basilica-catedral","tag-via-crucis-mercedes","generate-columns","tablet-grid-50","mobile-grid-100","grid-parent","grid-50"],"jetpack_publicize_connections":[],"jetpack_featured_media_url":"https:\/\/www.hoymercedes.com.ar\/principal\/wp-content\/uploads\/2020\/03\/ViaCrucis-2020-b.jpg","wps_subtitle":"Comunidad cat\u00f3lica","jetpack_sharing_enabled":true,"_links":{"self":[{"href":"https:\/\/www.hoymercedes.com.ar\/principal\/wp-json\/wp\/v2\/posts\/107224","targetHints":{"allow":["GET"]}}],"collection":[{"href":"https:\/\/www.hoymercedes.com.ar\/principal\/wp-json\/wp\/v2\/posts"}],"about":[{"href":"https:\/\/www.hoymercedes.com.ar\/principal\/wp-json\/wp\/v2\/types\/post"}],"author":[{"embeddable":true,"href":"https:\/\/www.hoymercedes.com.ar\/principal\/wp-json\/wp\/v2\/users\/1"}],"replies":[{"embeddable":true,"href":"https:\/\/www.hoymercedes.com.ar\/principal\/wp-json\/wp\/v2\/comments?post=107224"}],"version-history":[{"count":0,"href":"https:\/\/www.hoymercedes.com.ar\/principal\/wp-json\/wp\/v2\/posts\/107224\/revisions"}],"wp:featuredmedia":[{"embeddable":true,"href":"https:\/\/www.hoymercedes.com.ar\/principal\/wp-json\/wp\/v2\/media\/107231"}],"wp:attachment":[{"href":"https:\/\/www.hoymercedes.com.ar\/principal\/wp-json\/wp\/v2\/media?parent=107224"}],"wp:term":[{"taxonomy":"category","embeddable":true,"href":"https:\/\/www.hoymercedes.com.ar\/principal\/wp-json\/wp\/v2\/categories?post=107224"},{"taxonomy":"post_tag","embeddable":true,"href":"https:\/\/www.hoymercedes.com.ar\/principal\/wp-json\/wp\/v2\/tags?post=107224"}],"curies":[{"name":"wp","href":"https:\/\/api.w.org\/{rel}","templated":true}]}}