{"id":107226,"date":"2020-03-09T15:40:34","date_gmt":"2020-03-09T18:40:34","guid":{"rendered":"http:\/\/www.hoymercedes.com.ar\/principal\/?p=107226"},"modified":"2020-03-09T15:40:39","modified_gmt":"2020-03-09T18:40:39","slug":"intendente-ustarroz-recibio-al-director-de-la-agencia-de-discapacidad-nacional","status":"publish","type":"post","link":"https:\/\/www.hoymercedes.com.ar\/principal\/2020\/03\/09\/intendente-ustarroz-recibio-al-director-de-la-agencia-de-discapacidad-nacional\/","title":{"rendered":"Intendente Ustarroz recibi\u00f3 al Director de la Agencia de Discapacidad Nacional"},"content":{"rendered":"\n<p>El intendente de nuestra ciudad el Dr. Juan Ignacio Ustarroz mantuvo una\nimportante reuni\u00f3n de trabajo con Claudio Esp\u00f3sito, director de la Agencia de\nDiscapacidad Nacional. Fue en el palacio municipal. All\u00ed el jefe comunal y el\nfuncionario nacional plantearon armar una agenda conjunta que tenga como eje\ncentral pol\u00edticas p\u00fablicas para personas con discapacidad. \u201cEstoy convencido\nque en estos cuatro a\u00f1os vamos a trabajar como un todo -Naci\u00f3n, Provincia y\nMunicipio- junto a toda la comunidad asignando m\u00e1s recursos y compromiso\u201d.\n&nbsp;<\/p>\n\n\n\n<figure class=\"wp-block-image size-large\"><img loading=\"lazy\" decoding=\"async\" width=\"1254\" height=\"632\" data-attachment-id=\"107227\" data-permalink=\"https:\/\/www.hoymercedes.com.ar\/principal\/2020\/03\/09\/intendente-ustarroz-recibio-al-director-de-la-agencia-de-discapacidad-nacional\/dsc02333\/#main\" data-orig-file=\"https:\/\/www.hoymercedes.com.ar\/principal\/wp-content\/uploads\/2020\/03\/DSC02333.jpg\" data-orig-size=\"1254,632\" data-comments-opened=\"0\" data-image-meta=\"{&quot;aperture&quot;:&quot;0&quot;,&quot;credit&quot;:&quot;&quot;,&quot;camera&quot;:&quot;&quot;,&quot;caption&quot;:&quot;&quot;,&quot;created_timestamp&quot;:&quot;0&quot;,&quot;copyright&quot;:&quot;&quot;,&quot;focal_length&quot;:&quot;0&quot;,&quot;iso&quot;:&quot;0&quot;,&quot;shutter_speed&quot;:&quot;0&quot;,&quot;title&quot;:&quot;&quot;,&quot;orientation&quot;:&quot;0&quot;}\" data-image-title=\"DSC02333\" data-image-description=\"\" data-image-caption=\"\" data-large-file=\"https:\/\/www.hoymercedes.com.ar\/principal\/wp-content\/uploads\/2020\/03\/DSC02333.jpg\" src=\"https:\/\/www.hoymercedes.com.ar\/principal\/wp-content\/uploads\/2020\/03\/DSC02333.jpg\" alt=\"\" class=\"wp-image-107227\"\/><\/figure>\n\n\n\n<p>Estuvieron en la reuni\u00f3n el intendente el Dr. Ustarroz, Claudio\nEsp\u00f3sito, director de la Agencia de Discapacidad Nacional, Mariano Marcelo\nS\u00e1nchez, director de participaci\u00f3n ciudadana y cooperaci\u00f3n internacional, Martin Etcheverry, Jefe de Gabinete de la agencia,\nTatiana L\u00f3pez, directora de discapacidad, la concejal mandato cumplido Celeste\nBurone, los responsables de deportes Saboredo y Silvestre y representantes de\nlas diferentes \u00e1reas municipales \u201cpara nosotros es un orgullo poder recibir\nfuncionarios con tanto compromiso y conocimiento\u201d remarc\u00f3 el intendente Juan\nIgnacio Ustarroz.<\/p>\n\n\n\n<p>Conjuntamente, el Dr. Ustarroz expres\u00f3 \u201cnos toc\u00f3 trabajar en estos\ncuatro a\u00f1os junto a la comunidad en la b\u00fasqueda de soluciones, donde s\u00f3lo eran\nrecursos humanos puestos a disposici\u00f3n de una pol\u00edtica p\u00fablica\u201d. Y luego de\nrecordar los recortes que de manera abrupta se produjeron en nuestro pa\u00eds los\n\u00faltimos cuatro a\u00f1os, en todo lo referido a la discapacidad, esgrimi\u00f3 \u201cque hoy\nnos est\u00e9n visitando funcionarios del Estado Nacional que vienen a materializar\nalgo sumamente importante, consolidar pol\u00edticas p\u00fablicas, nos parece\nexcelente\u201d. <\/p>\n\n\n\n<p>\u201cNos sentimos muy satisfechos luego de esta primer reuni\u00f3n de trabajo\ndonde se nos plantea un marco totalmente diferente \u2013ya no de ajuste- y donde\nexiste una clara decisi\u00f3n pol\u00edtica para que los recursos sean destinados al\n\u00e1rea para la ampliaci\u00f3n de derechos\u201d destac\u00f3 el intendente Ustarroz.\n&nbsp;&nbsp;&nbsp;<\/p>\n\n\n\n<p>Claudio Esp\u00f3sito, director de la Agencia de Discapacidad Nacional,\nse\u00f1al\u00f3 \u201cpara m\u00ed es un placer cumplir un trabajo en territorio, si hay algo que\ntiene la Agencia Nacional de Discapacidad es el compromiso de ponernos al lado\nde cada una de las personas que viven en cada uno de los municipios, porque\nentendemos que el Estado Nacional debe estar acompa\u00f1ando\u201d y apunt\u00f3 \u201cestas son\nparte de las pol\u00edticas p\u00fablicas que decidi\u00f3 el presidente Alberto Fern\u00e1ndez en\nt\u00e9rminos de que la discapacidad est\u00e9 en la agenda p\u00fablica\u201d.<\/p>\n\n\n\n<p>\u201cPara nosotros venir a presentar los programas, trabajar en conjunto y poder conformar una mesa de trabajo que nos d\u00e9 la oportunidad de poder brindarle a toda la gente en Mercedes el Estado Nacional a la vuelta de la esquina es realmente importante\u201d subray\u00f3 el Director y apunt\u00f3 \u201cahora las personas con discapacidad van a tener muchas m\u00e1s posibilidades de inserci\u00f3n social, laboral, inserci\u00f3n en viviendas aut\u00f3nomas, es decir, proyectos que fueron creados particularmente para que lo tengan a disposici\u00f3n los municipios y que las personas con discapacidad lo puedan disfrutar\u201d. \u00a0\u00a0\u00a0\u00a0<\/p>\n\n\n\n<figure class=\"wp-block-embed-youtube wp-block-embed is-type-video is-provider-youtube wp-embed-aspect-16-9 wp-has-aspect-ratio\"><div class=\"wp-block-embed__wrapper\">\n<span class=\"embed-youtube\" style=\"text-align:center; display: block;\"><iframe loading=\"lazy\" class=\"youtube-player\" width=\"1200\" height=\"675\" src=\"https:\/\/www.youtube.com\/embed\/PxsfqC6Ztag?version=3&#038;rel=1&#038;showsearch=0&#038;showinfo=1&#038;iv_load_policy=1&#038;fs=1&#038;hl=es-ES&#038;autohide=2&#038;wmode=transparent\" allowfullscreen=\"true\" style=\"border:0;\" sandbox=\"allow-scripts allow-same-origin allow-popups allow-presentation allow-popups-to-escape-sandbox\"><\/iframe><\/span>\n<\/div><\/figure>\n\n\n\n<p>Tatiana L\u00f3pez, directora de discapacidad, expres\u00f3 \u201cestamos muy contentos que visiten la ciudad y que este sea el primer municipio al cual vengan a conocer las pol\u00edticas p\u00fablicas que llevamos a delante en la ciudad desde hace cuatro a\u00f1os y las que generaremos en esta nueva gesti\u00f3n\u201d. <\/p>\n\n\n\n<p><\/p>\n\n\n\n<p>Por su parte, Mariano Marcelo S\u00e1nchez, director de participaci\u00f3n\nciudadana y cooperaci\u00f3n internacional manifest\u00f3 \u201cla idea es trabajar en la\ntransversalidad de todos los programas que tenga la agencia en cada uno de los\nmunicipios de la Argentina y en este caso, lo que corresponde a la provincia de\nBuenos Aires comenzamos por Mercedes\u201d y a\u00f1adi\u00f3 \u201cesperamos que traiga buenos\nresultados\u201d. &nbsp;&nbsp;<\/p>\n\n\n\n<p>Tras el encuentro la comitiva particip\u00f3 de una recorrida por el Centro de Rehabilitaci\u00f3n Infantil para personas con discapacidad que ha sido reconocido y es \u00fanico en territorio bonaerense. <\/p>\n\n\n\n<p>Info: Dir. Discapacidad<\/p>\n","protected":false},"excerpt":{"rendered":"<p>El intendente de nuestra ciudad el Dr. Juan Ignacio Ustarroz mantuvo una importante reuni\u00f3n de trabajo con Claudio Esp\u00f3sito, director &#8230; <a title=\"Intendente Ustarroz recibi\u00f3 al Director de la Agencia de Discapacidad Nacional\" class=\"read-more\" href=\"https:\/\/www.hoymercedes.com.ar\/principal\/2020\/03\/09\/intendente-ustarroz-recibio-al-director-de-la-agencia-de-discapacidad-nacional\/\" aria-label=\"Leer m\u00e1s sobre Intendente Ustarroz recibi\u00f3 al Director de la Agencia de Discapacidad Nacional\">Leer m\u00e1s<\/a><\/p>\n","protected":false},"author":1,"featured_media":107227,"comment_status":"closed","ping_status":"open","sticky":false,"template":"","format":"standard","meta":{"_monsterinsights_skip_tracking":false,"_monsterinsights_sitenote_active":false,"_monsterinsights_sitenote_note":"","_monsterinsights_sitenote_category":0,"jetpack_post_was_ever_published":false,"_jetpack_newsletter_access":"","_jetpack_dont_email_post_to_subs":false,"_jetpack_newsletter_tier_id":0,"_jetpack_memberships_contains_paywalled_content":false,"_jetpack_memberships_contains_paid_content":false,"footnotes":"","jetpack_publicize_message":"","jetpack_publicize_feature_enabled":true,"jetpack_social_post_already_shared":true,"jetpack_social_options":{"image_generator_settings":{"template":"highway","default_image_id":0,"font":"","enabled":false},"version":2},"_wpas_customize_per_network":false},"categories":[30],"tags":[16279,16278,1422,16277],"class_list":["post-107226","post","type-post","status-publish","format-standard","has-post-thumbnail","hentry","category-municipio","tag-agencia-de-discapacidad-nacional","tag-claudio-esposito","tag-discapacidad","tag-mariano-marcelo-sanchez","generate-columns","tablet-grid-50","mobile-grid-100","grid-parent","grid-50"],"jetpack_publicize_connections":[],"jetpack_featured_media_url":"https:\/\/www.hoymercedes.com.ar\/principal\/wp-content\/uploads\/2020\/03\/DSC02333.jpg","wps_subtitle":"Trabajo Municipio - Naci\u00f3n","jetpack_sharing_enabled":true,"_links":{"self":[{"href":"https:\/\/www.hoymercedes.com.ar\/principal\/wp-json\/wp\/v2\/posts\/107226","targetHints":{"allow":["GET"]}}],"collection":[{"href":"https:\/\/www.hoymercedes.com.ar\/principal\/wp-json\/wp\/v2\/posts"}],"about":[{"href":"https:\/\/www.hoymercedes.com.ar\/principal\/wp-json\/wp\/v2\/types\/post"}],"author":[{"embeddable":true,"href":"https:\/\/www.hoymercedes.com.ar\/principal\/wp-json\/wp\/v2\/users\/1"}],"replies":[{"embeddable":true,"href":"https:\/\/www.hoymercedes.com.ar\/principal\/wp-json\/wp\/v2\/comments?post=107226"}],"version-history":[{"count":0,"href":"https:\/\/www.hoymercedes.com.ar\/principal\/wp-json\/wp\/v2\/posts\/107226\/revisions"}],"wp:featuredmedia":[{"embeddable":true,"href":"https:\/\/www.hoymercedes.com.ar\/principal\/wp-json\/wp\/v2\/media\/107227"}],"wp:attachment":[{"href":"https:\/\/www.hoymercedes.com.ar\/principal\/wp-json\/wp\/v2\/media?parent=107226"}],"wp:term":[{"taxonomy":"category","embeddable":true,"href":"https:\/\/www.hoymercedes.com.ar\/principal\/wp-json\/wp\/v2\/categories?post=107226"},{"taxonomy":"post_tag","embeddable":true,"href":"https:\/\/www.hoymercedes.com.ar\/principal\/wp-json\/wp\/v2\/tags?post=107226"}],"curies":[{"name":"wp","href":"https:\/\/api.w.org\/{rel}","templated":true}]}}