{"id":107243,"date":"2020-03-08T16:08:00","date_gmt":"2020-03-08T19:08:00","guid":{"rendered":"http:\/\/www.hoymercedes.com.ar\/principal\/?p=107243"},"modified":"2020-03-09T16:15:31","modified_gmt":"2020-03-09T19:15:31","slug":"taxistas-locales-contra-uber","status":"publish","type":"post","link":"https:\/\/www.hoymercedes.com.ar\/principal\/2020\/03\/08\/taxistas-locales-contra-uber\/","title":{"rendered":"Taxistas locales contra Uber"},"content":{"rendered":"\n<p>Los mercedinos se hicieron presentes en el microcentro porte\u00f1o junto al resto de las agrupaciones para \u201chacer una presentaci\u00f3n en lo que la AFIP. El pedido tuvo que ver con la evasi\u00f3n impositiva de la plataforma y la b\u00fasqueda de su regularizaci\u00f3n.<\/p>\n\n\n\n<div class=\"wp-block-image\"><figure class=\"aligncenter size-large\"><img loading=\"lazy\" decoding=\"async\" width=\"800\" height=\"533\" data-attachment-id=\"107246\" data-permalink=\"https:\/\/www.hoymercedes.com.ar\/principal\/2020\/03\/08\/taxistas-locales-contra-uber\/09-taxistas\/#main\" data-orig-file=\"https:\/\/www.hoymercedes.com.ar\/principal\/wp-content\/uploads\/2020\/03\/09-taxistas.jpg\" data-orig-size=\"800,533\" data-comments-opened=\"0\" data-image-meta=\"{&quot;aperture&quot;:&quot;0&quot;,&quot;credit&quot;:&quot;&quot;,&quot;camera&quot;:&quot;&quot;,&quot;caption&quot;:&quot;&quot;,&quot;created_timestamp&quot;:&quot;0&quot;,&quot;copyright&quot;:&quot;&quot;,&quot;focal_length&quot;:&quot;0&quot;,&quot;iso&quot;:&quot;0&quot;,&quot;shutter_speed&quot;:&quot;0&quot;,&quot;title&quot;:&quot;&quot;,&quot;orientation&quot;:&quot;0&quot;}\" data-image-title=\"09 taxistas\" data-image-description=\"\" data-image-caption=\"\" data-large-file=\"https:\/\/www.hoymercedes.com.ar\/principal\/wp-content\/uploads\/2020\/03\/09-taxistas.jpg\" src=\"https:\/\/www.hoymercedes.com.ar\/principal\/wp-content\/uploads\/2020\/03\/09-taxistas.jpg\" alt=\"\" class=\"wp-image-107246\"\/><\/figure><\/div>\n\n\n\n<p>El pasado jueves en horas de la ma\u00f1ana, la delegaci\u00f3n mercedina del Sindicato de Conductores de Taxis, dio una conferencia de prensa a fin de visibilizar las distintas acciones que se vienen realizando en torno a la materia.<\/p>\n\n\n\n<p>Uno de los puntos que destac\u00f3 Andrea vara, fue el acompa\u00f1amiento de la delegaci\u00f3n local por pedido del SCT (Sindicato de Conductores de Taxis) de Capital Federal, junto con la Federaci\u00f3n Nacional de Conductores de Taxis en torno a las nuevas plataformas que surgieron en los \u00faltimos a\u00f1os, como lo son Uber y Cabify.<\/p>\n\n\n\n<p>Con respecto a esta cuesti\u00f3n, los mercedinos se hicieron presentes el mi\u00e9rcoles en el microcentro porte\u00f1o junto al resto de las agrupaciones para \u201chacer una presentaci\u00f3n en lo que la AFIP en relaci\u00f3n a la plataforma Uber y la evasi\u00f3n fiscal de 500 millones de pesos que se generaron en el a\u00f1o 2016 y 2017 y el reclamo de la evaluaci\u00f3n fiscal entre el 2018 y 2019 para conocer la evasi\u00f3n impositiva. Adem\u00e1s solicitar que esta corporaci\u00f3n cumpla en lo que tiene que ver con cuesti\u00f3n impositiva dado que, no solamente la evasi\u00f3n fiscal es important\u00edsima, sino tambi\u00e9n la fuga de capital que se genera tendiendo en consideraci\u00f3n el momento econ\u00f3mico en el cual nos encontramos\u201d seg\u00fan sostuvo Vara.<\/p>\n\n\n\n<p>\u201cObviamente el lema es \u201cno al trabajo en negro, si a la seguridad\u201d, dado que Uber no cubre los requisitos formales que cualquier trabajador del sector del transporte p\u00fablico de pasajeros, ya sea de taxis o remises, los cuales hay que cumplimentar al momento de que comience la actividad de explotaci\u00f3n. Una de las cosas m\u00e1s importantes es que se ha descubierto much\u00edsima cantidad de gente que trabaja dentro de esta plataforma que tiene antecedentes penales y tenemos conocimientos certeros de los que fueron abusos y violaciones que se han dado dentro de lo que tiene que ver con el traslado de pasajeros. Nosotros acompa\u00f1amos el reclamo desde la ciudad de Mercedes haciendo la presentaci\u00f3n de nuestra delegaci\u00f3n en la participaci\u00f3n de esta marcha\u201d expresaron.<\/p>\n\n\n\n<div class=\"wp-block-image\"><figure class=\"aligncenter size-large\"><img loading=\"lazy\" decoding=\"async\" width=\"800\" height=\"533\" data-attachment-id=\"107245\" data-permalink=\"https:\/\/www.hoymercedes.com.ar\/principal\/2020\/03\/08\/taxistas-locales-contra-uber\/09-taxistas-1\/#main\" data-orig-file=\"https:\/\/www.hoymercedes.com.ar\/principal\/wp-content\/uploads\/2020\/03\/09-taxistas-1.jpg\" data-orig-size=\"800,533\" data-comments-opened=\"0\" data-image-meta=\"{&quot;aperture&quot;:&quot;0&quot;,&quot;credit&quot;:&quot;&quot;,&quot;camera&quot;:&quot;&quot;,&quot;caption&quot;:&quot;&quot;,&quot;created_timestamp&quot;:&quot;0&quot;,&quot;copyright&quot;:&quot;&quot;,&quot;focal_length&quot;:&quot;0&quot;,&quot;iso&quot;:&quot;0&quot;,&quot;shutter_speed&quot;:&quot;0&quot;,&quot;title&quot;:&quot;&quot;,&quot;orientation&quot;:&quot;0&quot;}\" data-image-title=\"09 taxistas 1\" data-image-description=\"&lt;p&gt;Imagen de archivo&lt;\/p&gt;\n\" data-image-caption=\"\" data-large-file=\"https:\/\/www.hoymercedes.com.ar\/principal\/wp-content\/uploads\/2020\/03\/09-taxistas-1.jpg\" src=\"https:\/\/www.hoymercedes.com.ar\/principal\/wp-content\/uploads\/2020\/03\/09-taxistas-1.jpg\" alt=\"\" class=\"wp-image-107245\"\/><\/figure><\/div>\n\n\n\n<p>En cuanto al trabajo en negro que se realiza en Mercedes sobre la actividad, sostuvieron que \u201cla problem\u00e1tica fundamental es la regularidad, deber\u00eda ser la excepci\u00f3n pero es la regla. Hist\u00f3ricamente, el cien por ciento de los ch\u00f3feres no titulares de licencia est\u00e1n en negro, no tienen cobertura social, aportes jubilatorios, reconocimiento laborar y en caso de ser despedidos no tienen cobertura por despido o por desocupaci\u00f3n. Nosotros venimos bregando desde hace m\u00e1s de un a\u00f1o en los entes que corresponden para encontrar el legado formal suficiente para que comience una regularizaci\u00f3n. Sabemos que poner en blanco a los trabajadores de inmediato es muy dif\u00edcil, por eso estamos poniendo llegar a un consenso o un acuerdo para ver la posibilidad de que se haga un monotributo, de modo tal de que los compa\u00f1eros trabajadores tengan al menos una obra social y un aporte jubilatorio\u201d.<\/p>\n\n\n\n<p>\u201cHay una ordenanza municipal que rige la actividad exige que al momento de habilitar el veh\u00edculo se deba registrar aquellas personas que conducen. Tambi\u00e9n exige que el titular de la licencia conduzca la unidad. Desde el comienzo del trabajo antes de la formaci\u00f3n del sindicato se logr\u00f3 incluir dentro de la normativa el reconocimiento del registro de segundo chofer. Eso fue un avance importante en la legislaci\u00f3n\u201d agreg\u00f3 Fabi\u00e1n Burattini, uno de los representantes del SDT.<\/p>\n\n\n\n<p>En cuanto al proyecto, la delegaci\u00f3n del sindicato de taxistas expres\u00f3 que mantendr\u00edan una reuni\u00f3n con el sub secretario de Seguridad Gonzalo Anselmo para delinear el avance de la ordenanza presentada en el HCD.<\/p>\n\n\n\n<p>Colaboraci\u00f3n Mariano Oyarzu<\/p>\n","protected":false},"excerpt":{"rendered":"<p>Los mercedinos se hicieron presentes en el microcentro porte\u00f1o junto al resto de las agrupaciones para \u201chacer una presentaci\u00f3n en &#8230; <a title=\"Taxistas locales contra Uber\" class=\"read-more\" href=\"https:\/\/www.hoymercedes.com.ar\/principal\/2020\/03\/08\/taxistas-locales-contra-uber\/\" aria-label=\"Leer m\u00e1s sobre Taxistas locales contra Uber\">Leer m\u00e1s<\/a><\/p>\n","protected":false},"author":1,"featured_media":107245,"comment_status":"closed","ping_status":"open","sticky":false,"template":"","format":"standard","meta":{"_monsterinsights_skip_tracking":false,"_monsterinsights_sitenote_active":false,"_monsterinsights_sitenote_note":"","_monsterinsights_sitenote_category":0,"jetpack_post_was_ever_published":false,"_jetpack_newsletter_access":"","_jetpack_dont_email_post_to_subs":false,"_jetpack_newsletter_tier_id":0,"_jetpack_memberships_contains_paywalled_content":false,"_jetpack_memberships_contains_paid_content":false,"footnotes":"","jetpack_publicize_message":"","jetpack_publicize_feature_enabled":true,"jetpack_social_post_already_shared":true,"jetpack_social_options":{"image_generator_settings":{"template":"highway","default_image_id":0,"font":"","enabled":false},"version":2},"_wpas_customize_per_network":false},"categories":[8],"tags":[],"class_list":["post-107243","post","type-post","status-publish","format-standard","has-post-thumbnail","hentry","category-sociedad","generate-columns","tablet-grid-50","mobile-grid-100","grid-parent","grid-50"],"jetpack_publicize_connections":[],"jetpack_featured_media_url":"https:\/\/www.hoymercedes.com.ar\/principal\/wp-content\/uploads\/2020\/03\/09-taxistas-1.jpg","wps_subtitle":"","jetpack_sharing_enabled":true,"_links":{"self":[{"href":"https:\/\/www.hoymercedes.com.ar\/principal\/wp-json\/wp\/v2\/posts\/107243","targetHints":{"allow":["GET"]}}],"collection":[{"href":"https:\/\/www.hoymercedes.com.ar\/principal\/wp-json\/wp\/v2\/posts"}],"about":[{"href":"https:\/\/www.hoymercedes.com.ar\/principal\/wp-json\/wp\/v2\/types\/post"}],"author":[{"embeddable":true,"href":"https:\/\/www.hoymercedes.com.ar\/principal\/wp-json\/wp\/v2\/users\/1"}],"replies":[{"embeddable":true,"href":"https:\/\/www.hoymercedes.com.ar\/principal\/wp-json\/wp\/v2\/comments?post=107243"}],"version-history":[{"count":0,"href":"https:\/\/www.hoymercedes.com.ar\/principal\/wp-json\/wp\/v2\/posts\/107243\/revisions"}],"wp:featuredmedia":[{"embeddable":true,"href":"https:\/\/www.hoymercedes.com.ar\/principal\/wp-json\/wp\/v2\/media\/107245"}],"wp:attachment":[{"href":"https:\/\/www.hoymercedes.com.ar\/principal\/wp-json\/wp\/v2\/media?parent=107243"}],"wp:term":[{"taxonomy":"category","embeddable":true,"href":"https:\/\/www.hoymercedes.com.ar\/principal\/wp-json\/wp\/v2\/categories?post=107243"},{"taxonomy":"post_tag","embeddable":true,"href":"https:\/\/www.hoymercedes.com.ar\/principal\/wp-json\/wp\/v2\/tags?post=107243"}],"curies":[{"name":"wp","href":"https:\/\/api.w.org\/{rel}","templated":true}]}}