{"id":107271,"date":"2020-04-03T18:25:00","date_gmt":"2020-04-03T21:25:00","guid":{"rendered":"http:\/\/www.hoymercedes.com.ar\/principal\/?p=107271"},"modified":"2020-04-03T18:40:04","modified_gmt":"2020-04-03T21:40:04","slug":"fallecio-eduardo-cerulli","status":"publish","type":"post","link":"https:\/\/www.hoymercedes.com.ar\/principal\/2020\/04\/03\/fallecio-eduardo-cerulli\/","title":{"rendered":"Falleci\u00f3 Eduardo Cerulli"},"content":{"rendered":"\n<p>A los 87 a\u00f1os, falleci\u00f3 el ex concejal Eduardo Cerulli. Sin velorio lo llevar\u00e1n el s\u00e1bado 4, 10 horas, al Cementerio Municipal. <\/p>\n\n\n\n<p> Siendo adolescente comenz\u00f3 a militar en el peronismo.  En 1983, a la vuelta de la democracia, presidi\u00f3 el HCD.  Fue concejal por seis per\u00edodos legislativos.  En diciembre de 2007 termin\u00f3 su \u00faltimo per\u00edodo como legislador de la ciudad. <\/p>\n\n\n\n<p>Adem\u00e1s fue secretario privado y hombre de confianza de Julio C\u00e9sar Gioscio. <\/p>\n\n\n\n<p>Desde hac\u00eda un mes estaba internado en la terapia de la Cl\u00ednica. <\/p>\n\n\n\n<p>En tiempo de Aislamiento social obligatorio, el concejal mandato cumplido no tendr\u00e1 velorio  y ser\u00e1 trasladado al cementerio municipal el s\u00e1bado 4 de abril, 10 horas. <\/p>\n\n\n\n<p>Desde Hoy Mercedes enviamos nuestras condolencias a la familia del  pol\u00edtico a quien hemos entrevistado en varias y diferentes oportunidades. <\/p>\n\n\n\n<p> <\/p>\n","protected":false},"excerpt":{"rendered":"<p>A los 87 a\u00f1os, falleci\u00f3 el ex concejal Eduardo Cerulli. Sin velorio lo llevar\u00e1n el s\u00e1bado 4, 10 horas, al &#8230; <a title=\"Falleci\u00f3 Eduardo Cerulli\" class=\"read-more\" href=\"https:\/\/www.hoymercedes.com.ar\/principal\/2020\/04\/03\/fallecio-eduardo-cerulli\/\" aria-label=\"Leer m\u00e1s sobre Falleci\u00f3 Eduardo Cerulli\">Leer m\u00e1s<\/a><\/p>\n","protected":false},"author":1,"featured_media":107272,"comment_status":"closed","ping_status":"open","sticky":false,"template":"","format":"standard","meta":{"_monsterinsights_skip_tracking":false,"_monsterinsights_sitenote_active":false,"_monsterinsights_sitenote_note":"","_monsterinsights_sitenote_category":0,"jetpack_post_was_ever_published":false,"_jetpack_newsletter_access":"","_jetpack_dont_email_post_to_subs":false,"_jetpack_newsletter_tier_id":0,"_jetpack_memberships_contains_paywalled_content":false,"_jetpack_memberships_contains_paid_content":false,"footnotes":"","jetpack_publicize_message":"","jetpack_publicize_feature_enabled":true,"jetpack_social_post_already_shared":true,"jetpack_social_options":{"image_generator_settings":{"template":"highway","default_image_id":0,"font":"","enabled":false},"version":2},"_wpas_customize_per_network":false},"categories":[8],"tags":[16434,8777,8610,5319],"class_list":["post-107271","post","type-post","status-publish","format-standard","has-post-thumbnail","hentry","category-sociedad","tag-eduardo-cerulli","tag-fallecimiento","tag-funebre","tag-politica-2","generate-columns","tablet-grid-50","mobile-grid-100","grid-parent","grid-50"],"jetpack_publicize_connections":[],"jetpack_featured_media_url":"https:\/\/www.hoymercedes.com.ar\/principal\/wp-content\/uploads\/2020\/03\/Eduardo-Cerulli.jpg","wps_subtitle":"Hac\u00eda un mes que estaba internado","jetpack_sharing_enabled":true,"_links":{"self":[{"href":"https:\/\/www.hoymercedes.com.ar\/principal\/wp-json\/wp\/v2\/posts\/107271","targetHints":{"allow":["GET"]}}],"collection":[{"href":"https:\/\/www.hoymercedes.com.ar\/principal\/wp-json\/wp\/v2\/posts"}],"about":[{"href":"https:\/\/www.hoymercedes.com.ar\/principal\/wp-json\/wp\/v2\/types\/post"}],"author":[{"embeddable":true,"href":"https:\/\/www.hoymercedes.com.ar\/principal\/wp-json\/wp\/v2\/users\/1"}],"replies":[{"embeddable":true,"href":"https:\/\/www.hoymercedes.com.ar\/principal\/wp-json\/wp\/v2\/comments?post=107271"}],"version-history":[{"count":0,"href":"https:\/\/www.hoymercedes.com.ar\/principal\/wp-json\/wp\/v2\/posts\/107271\/revisions"}],"wp:featuredmedia":[{"embeddable":true,"href":"https:\/\/www.hoymercedes.com.ar\/principal\/wp-json\/wp\/v2\/media\/107272"}],"wp:attachment":[{"href":"https:\/\/www.hoymercedes.com.ar\/principal\/wp-json\/wp\/v2\/media?parent=107271"}],"wp:term":[{"taxonomy":"category","embeddable":true,"href":"https:\/\/www.hoymercedes.com.ar\/principal\/wp-json\/wp\/v2\/categories?post=107271"},{"taxonomy":"post_tag","embeddable":true,"href":"https:\/\/www.hoymercedes.com.ar\/principal\/wp-json\/wp\/v2\/tags?post=107271"}],"curies":[{"name":"wp","href":"https:\/\/api.w.org\/{rel}","templated":true}]}}