{"id":107276,"date":"2020-03-09T22:16:51","date_gmt":"2020-03-10T01:16:51","guid":{"rendered":"http:\/\/www.hoymercedes.com.ar\/principal\/?p=107276"},"modified":"2020-03-09T22:16:57","modified_gmt":"2020-03-10T01:16:57","slug":"semana-con-multiples-intervenciones-de-los-bomberos-voluntarios","status":"publish","type":"post","link":"https:\/\/www.hoymercedes.com.ar\/principal\/2020\/03\/09\/semana-con-multiples-intervenciones-de-los-bomberos-voluntarios\/","title":{"rendered":"Semana con m\u00faltiples intervenciones de los Bomberos Voluntarios"},"content":{"rendered":"\n<p>Los Bomberos de Mercede llevaron adelante una semana de m\u00faltiples actuaciones al servicio de la comunidad. Desde el incendio en un edificio del FONAVI a un autom\u00f3vil en la v\u00eda p\u00fablica. Tambi\u00e9n participaron de capacitaciones y un incendio forestal, entre otras intervenciones. Vale recordar que contin\u00faa a la venta el Bono 2020, que es la manera que los vecinos tenemos para apoyar su tarea solidaria y sin fines de lucro.<\/p>\n\n\n\n<p>Algunas de las actuaciones fueron:<\/p>\n\n\n\n<p>Incendio de autom\u00f3vil en Ruta N\u00b05 altura kil\u00f3metro 113, incendio de basura en la v\u00eda p\u00fablica, incendio forestal en camino a Navarro sobre ruta provincial N\u00b041, incendio de autom\u00f3vil en calle 20 y 65, actuaci\u00f3n ante derrame de amon\u00edaco en Frigor\u00edfico El Mercedino interviniendo con autobomba y el m\u00f3vil 24 de materiales peligrosos, incendio de pastos en un terreno de 22 y 101, tambi\u00e9n una \u201cunidad liviana\u201d salv\u00f3 un perro que qued\u00f3 atrapado debajo de un auto, en Gowland sofocan otro incendio de pastos en 511 y 524, como as\u00ed tambi\u00e9n incendio de \u00e1rboles en calle 6 entre 31 y 35. En Goldney acuden de pastizales y en el Parque Municipal por el incendio de un \u00e1rbol. En el FONAVI efect\u00faan tareas en el sexto piso de un departamento de la torre 2 en calle 19 casi avenida 2 dando lugar al trabajo de 4 autobombas incluyendo veh\u00edculos de altura. <\/p>\n\n\n\n<p>Un dato importante es que, a pesar de su amplia experiencia y reconocimiento a nivel provincial, los Bomberos Voluntarios de Mercedes (27) siguen entren\u00e1ndose, capacit\u00e1ndose y adquiriendo conocimientos. Fue as\u00ed que d\u00edas atr\u00e1s se dirigieron al Centro de Entrenamientos en Tapalqu\u00e9 en el CEMEC viajando la delegaci\u00f3n a cargo del Jefe 2\u00b0<\/p>\n\n\n\n<p>Como se observa, y casi nunca se conozcan los detalles, cada semana tienen una gran cantidad de intervenciones en beneficio de los mercedinos.<\/p>\n","protected":false},"excerpt":{"rendered":"<p>Los Bomberos de Mercede llevaron adelante una semana de m\u00faltiples actuaciones al servicio de la comunidad. Desde el incendio en &#8230; <a title=\"Semana con m\u00faltiples intervenciones de los Bomberos Voluntarios\" class=\"read-more\" href=\"https:\/\/www.hoymercedes.com.ar\/principal\/2020\/03\/09\/semana-con-multiples-intervenciones-de-los-bomberos-voluntarios\/\" aria-label=\"Leer m\u00e1s sobre Semana con m\u00faltiples intervenciones de los Bomberos Voluntarios\">Leer m\u00e1s<\/a><\/p>\n","protected":false},"author":1,"featured_media":38860,"comment_status":"closed","ping_status":"open","sticky":false,"template":"","format":"standard","meta":{"_monsterinsights_skip_tracking":false,"_monsterinsights_sitenote_active":false,"_monsterinsights_sitenote_note":"","_monsterinsights_sitenote_category":0,"jetpack_post_was_ever_published":false,"_jetpack_newsletter_access":"","_jetpack_dont_email_post_to_subs":false,"_jetpack_newsletter_tier_id":0,"_jetpack_memberships_contains_paywalled_content":false,"_jetpack_memberships_contains_paid_content":false,"footnotes":"","jetpack_publicize_message":"","jetpack_publicize_feature_enabled":true,"jetpack_social_post_already_shared":true,"jetpack_social_options":{"image_generator_settings":{"template":"highway","default_image_id":0,"font":"","enabled":false},"version":2},"_wpas_customize_per_network":false},"categories":[8],"tags":[3030],"class_list":["post-107276","post","type-post","status-publish","format-standard","has-post-thumbnail","hentry","category-sociedad","tag-bomberos-voluntarios-mercedes","generate-columns","tablet-grid-50","mobile-grid-100","grid-parent","grid-50"],"jetpack_publicize_connections":[],"jetpack_featured_media_url":"https:\/\/www.hoymercedes.com.ar\/principal\/wp-content\/uploads\/2015\/01\/ReyesMagos-Bomberos-2.jpg","wps_subtitle":"Servicio a la comunidad ","jetpack_sharing_enabled":true,"_links":{"self":[{"href":"https:\/\/www.hoymercedes.com.ar\/principal\/wp-json\/wp\/v2\/posts\/107276","targetHints":{"allow":["GET"]}}],"collection":[{"href":"https:\/\/www.hoymercedes.com.ar\/principal\/wp-json\/wp\/v2\/posts"}],"about":[{"href":"https:\/\/www.hoymercedes.com.ar\/principal\/wp-json\/wp\/v2\/types\/post"}],"author":[{"embeddable":true,"href":"https:\/\/www.hoymercedes.com.ar\/principal\/wp-json\/wp\/v2\/users\/1"}],"replies":[{"embeddable":true,"href":"https:\/\/www.hoymercedes.com.ar\/principal\/wp-json\/wp\/v2\/comments?post=107276"}],"version-history":[{"count":0,"href":"https:\/\/www.hoymercedes.com.ar\/principal\/wp-json\/wp\/v2\/posts\/107276\/revisions"}],"wp:featuredmedia":[{"embeddable":true,"href":"https:\/\/www.hoymercedes.com.ar\/principal\/wp-json\/wp\/v2\/media\/38860"}],"wp:attachment":[{"href":"https:\/\/www.hoymercedes.com.ar\/principal\/wp-json\/wp\/v2\/media?parent=107276"}],"wp:term":[{"taxonomy":"category","embeddable":true,"href":"https:\/\/www.hoymercedes.com.ar\/principal\/wp-json\/wp\/v2\/categories?post=107276"},{"taxonomy":"post_tag","embeddable":true,"href":"https:\/\/www.hoymercedes.com.ar\/principal\/wp-json\/wp\/v2\/tags?post=107276"}],"curies":[{"name":"wp","href":"https:\/\/api.w.org\/{rel}","templated":true}]}}