{"id":107301,"date":"2020-03-11T07:03:00","date_gmt":"2020-03-11T10:03:00","guid":{"rendered":"http:\/\/www.hoymercedes.com.ar\/principal\/?p=107301"},"modified":"2020-03-10T16:11:27","modified_gmt":"2020-03-10T19:11:27","slug":"comenzo-la-campana-de-vacunacion-contra-la-fiebre-aftosa-2","status":"publish","type":"post","link":"https:\/\/www.hoymercedes.com.ar\/principal\/2020\/03\/11\/comenzo-la-campana-de-vacunacion-contra-la-fiebre-aftosa-2\/","title":{"rendered":"Comenz\u00f3 la campa\u00f1a de vacunaci\u00f3n contra la fiebre aftosa"},"content":{"rendered":"\n<p><em>Estas acciones de control sanitario a campo, est\u00e1n destinadas a todas las categor\u00edas de bovinos y bubalinos y tienen como objetivo resguardar la inmunidad de la ganader\u00eda argentina.<\/em><\/p>\n\n\n\n<div class=\"wp-block-image\"><figure class=\"aligncenter size-large\"><img loading=\"lazy\" decoding=\"async\" width=\"800\" height=\"538\" data-attachment-id=\"107302\" data-permalink=\"https:\/\/www.hoymercedes.com.ar\/principal\/2020\/03\/11\/comenzo-la-campana-de-vacunacion-contra-la-fiebre-aftosa-2\/10-aftosa-senasa\/#main\" data-orig-file=\"https:\/\/www.hoymercedes.com.ar\/principal\/wp-content\/uploads\/2020\/03\/10-aftosa-senasa.jpeg\" data-orig-size=\"800,538\" data-comments-opened=\"0\" data-image-meta=\"{&quot;aperture&quot;:&quot;0&quot;,&quot;credit&quot;:&quot;&quot;,&quot;camera&quot;:&quot;&quot;,&quot;caption&quot;:&quot;&quot;,&quot;created_timestamp&quot;:&quot;0&quot;,&quot;copyright&quot;:&quot;&quot;,&quot;focal_length&quot;:&quot;0&quot;,&quot;iso&quot;:&quot;0&quot;,&quot;shutter_speed&quot;:&quot;0&quot;,&quot;title&quot;:&quot;&quot;,&quot;orientation&quot;:&quot;0&quot;}\" data-image-title=\"10 aftosa senasa\" data-image-description=\"\" data-image-caption=\"\" data-large-file=\"https:\/\/www.hoymercedes.com.ar\/principal\/wp-content\/uploads\/2020\/03\/10-aftosa-senasa.jpeg\" src=\"https:\/\/www.hoymercedes.com.ar\/principal\/wp-content\/uploads\/2020\/03\/10-aftosa-senasa.jpeg\" alt=\"\" class=\"wp-image-107302\"\/><\/figure><\/div>\n\n\n\n<p>El Servicio Nacional de Sanidad y Calidad Agroalimentaria (Senasa), a trav\u00e9s de su Centro Regional Buenos Aires Norte, informa que hoy comienza la primera campa\u00f1a de vacunaci\u00f3n anual contra la fiebre aftosa del a\u00f1o 2020, en todas aquellas provincias en las que se aplica en forma sistem\u00e1tica.<br> Simult\u00e1neamente se inocular\u00e1 a las terneras de entre tres y ocho meses de edad contra la <strong>brucelosis<\/strong> (a excepci\u00f3n de la provincia de <strong>Tierra del Fuego, reconocida como libre de la enfermedad<\/strong>).<\/p>\n\n\n\n<p>Excepto\nalgunos planes especiales pertenecientes a las provincias de <strong>Salta, Catamarca, Mendoza<\/strong>\ny <strong>Jujuy<\/strong>\n\u2013que dieron inicio a la campa\u00f1a en los meses de enero y febrero\u2013, en el resto\nde las provincias, de la zona central y norte del pa\u00eds, la campa\u00f1a comenzar\u00e1\nentre el d\u00eda de hoy y el 16 del corriente. <\/p>\n\n\n\n<p>Es\nas\u00ed que, las provincias de <strong>Buenos\nAires, Corrientes, Entre R\u00edos<\/strong> y <strong>Misiones<\/strong> modificaron su estrategia de\nvacunaci\u00f3n adapt\u00e1ndola al resto de las provincias de la zona central, es decir,\nque ejecutar\u00e1n la primera campa\u00f1a de totales y la segunda campa\u00f1a de menores.<\/p>\n\n\n\n<p>Con\nesta modificaci\u00f3n en el esquema de vacunaci\u00f3n, queda establecida una sola\nestrategia para la actual campa\u00f1a, la cual comprende la vacunaci\u00f3n de todas las\ncategor\u00edas bovinas y bubalinas. <\/p>\n\n\n\n<p>Es\nimportante resaltar que, adem\u00e1s de medidas de \u00edndole sanitarias, la\nmodificaci\u00f3n de la estrategia de vacunaci\u00f3n busca facilitar los movimientos de\nhacienda entre productores de distintas zonas del pa\u00eds, sin que tengan la necesidad\nde revacunar animales (a excepci\u00f3n de los terneros que deben moverse con dos\ndosis), lo que termina impactando en una disminuci\u00f3n de sus costos adicionales.<\/p>\n\n\n\n<p>La\nvacunaci\u00f3n contra la fiebre aftosa es una de las principales estrategias de\nprevenci\u00f3n que permite mantener una situaci\u00f3n epidemiol\u00f3gica estable de esa\nenfermedad en la Rep\u00fablica Argentina.<\/p>\n\n\n\n<p>Fuente: Comunicaci\u00f3n Institucional &#8211; Centro Regional Buenos Aires Norte \u2013 SENASA-<\/p>\n","protected":false},"excerpt":{"rendered":"<p>Estas acciones de control sanitario a campo, est\u00e1n destinadas a todas las categor\u00edas de bovinos y bubalinos y tienen como &#8230; <a title=\"Comenz\u00f3 la campa\u00f1a de vacunaci\u00f3n contra la fiebre aftosa\" class=\"read-more\" href=\"https:\/\/www.hoymercedes.com.ar\/principal\/2020\/03\/11\/comenzo-la-campana-de-vacunacion-contra-la-fiebre-aftosa-2\/\" aria-label=\"Leer m\u00e1s sobre Comenz\u00f3 la campa\u00f1a de vacunaci\u00f3n contra la fiebre aftosa\">Leer m\u00e1s<\/a><\/p>\n","protected":false},"author":1,"featured_media":107302,"comment_status":"closed","ping_status":"open","sticky":false,"template":"","format":"standard","meta":{"_monsterinsights_skip_tracking":false,"_monsterinsights_sitenote_active":false,"_monsterinsights_sitenote_note":"","_monsterinsights_sitenote_category":0,"jetpack_post_was_ever_published":false,"_jetpack_newsletter_access":"","_jetpack_dont_email_post_to_subs":false,"_jetpack_newsletter_tier_id":0,"_jetpack_memberships_contains_paywalled_content":false,"_jetpack_memberships_contains_paid_content":false,"footnotes":"","jetpack_publicize_message":"","jetpack_publicize_feature_enabled":true,"jetpack_social_post_already_shared":true,"jetpack_social_options":{"image_generator_settings":{"template":"highway","default_image_id":0,"font":"","enabled":false},"version":2},"_wpas_customize_per_network":false},"categories":[5501],"tags":[14474,8450,15754],"class_list":["post-107301","post","type-post","status-publish","format-standard","has-post-thumbnail","hentry","category-region","tag-salud-animal","tag-senasa","tag-vacunacion-aftosa","generate-columns","tablet-grid-50","mobile-grid-100","grid-parent","grid-50"],"jetpack_publicize_connections":[],"jetpack_featured_media_url":"https:\/\/www.hoymercedes.com.ar\/principal\/wp-content\/uploads\/2020\/03\/10-aftosa-senasa.jpeg","wps_subtitle":"Prevenci\u00f3n sanitaria","jetpack_sharing_enabled":true,"_links":{"self":[{"href":"https:\/\/www.hoymercedes.com.ar\/principal\/wp-json\/wp\/v2\/posts\/107301","targetHints":{"allow":["GET"]}}],"collection":[{"href":"https:\/\/www.hoymercedes.com.ar\/principal\/wp-json\/wp\/v2\/posts"}],"about":[{"href":"https:\/\/www.hoymercedes.com.ar\/principal\/wp-json\/wp\/v2\/types\/post"}],"author":[{"embeddable":true,"href":"https:\/\/www.hoymercedes.com.ar\/principal\/wp-json\/wp\/v2\/users\/1"}],"replies":[{"embeddable":true,"href":"https:\/\/www.hoymercedes.com.ar\/principal\/wp-json\/wp\/v2\/comments?post=107301"}],"version-history":[{"count":0,"href":"https:\/\/www.hoymercedes.com.ar\/principal\/wp-json\/wp\/v2\/posts\/107301\/revisions"}],"wp:featuredmedia":[{"embeddable":true,"href":"https:\/\/www.hoymercedes.com.ar\/principal\/wp-json\/wp\/v2\/media\/107302"}],"wp:attachment":[{"href":"https:\/\/www.hoymercedes.com.ar\/principal\/wp-json\/wp\/v2\/media?parent=107301"}],"wp:term":[{"taxonomy":"category","embeddable":true,"href":"https:\/\/www.hoymercedes.com.ar\/principal\/wp-json\/wp\/v2\/categories?post=107301"},{"taxonomy":"post_tag","embeddable":true,"href":"https:\/\/www.hoymercedes.com.ar\/principal\/wp-json\/wp\/v2\/tags?post=107301"}],"curies":[{"name":"wp","href":"https:\/\/api.w.org\/{rel}","templated":true}]}}