{"id":107309,"date":"2020-03-10T13:02:10","date_gmt":"2020-03-10T16:02:10","guid":{"rendered":"http:\/\/www.hoymercedes.com.ar\/principal\/?p=107309"},"modified":"2020-03-10T14:38:10","modified_gmt":"2020-03-10T17:38:10","slug":"un-hombre-fallecido-en-el-siniestro-vial-en-ruta-5","status":"publish","type":"post","link":"https:\/\/www.hoymercedes.com.ar\/principal\/2020\/03\/10\/un-hombre-fallecido-en-el-siniestro-vial-en-ruta-5\/","title":{"rendered":"Un hombre fallecido en el siniestro vial de Ruta 5"},"content":{"rendered":"\n<p>Tal como lo anticip\u00e1ramos, en la ma\u00f1ana de este martes se produjo un nuevo siniestro vial en el kil\u00f3metro 110 de la Ruta Nacional N\u00b0 5, antes de la entrada a Garc\u00eda. El impacto se produjo entre un cami\u00f3n Scania con acoplado con rollos de alambre que circulaba rumbo a Mercedes y una camioneta Renault Sandero Stepway color marr\u00f3n en direcci\u00f3n a Suipacha. Falleci\u00f3 el conductor del veh\u00edculo de menor porte en el impacto que viajaba solo. La ruta se encuentra con tr\u00e1fico restringido. <\/p>\n\n\n\n<p>De acuerdo a la explicaci\u00f3n dada por el Jefe de Bomberos Mario Quaglia en el programa radial de Oscar Pozzi que el cuerpo de Bomberos Voluntarios lleg\u00f3 al lugar con dos dotaciones con el fin de auxiliar a las personas de los veh\u00edculos siniestrados. Aunque se encontraron con la persona de la camioneta ya fallecida que habr\u00eda viajado solo.<\/p>\n\n\n\n<p>Las circunstancias est\u00e1n siendo investigadas a la espera de la confirmaci\u00f3n de los datos de la persona fallecida en el siniestro vial. Aunque trascendi\u00f3 que es un hombre de 60 a\u00f1os con domicilio en Suipacha, llamado Osvaldo Hugo Botta. El conductor del cami\u00f3n se llama Claudio Vicente Fern\u00e1ndez, de 51 a\u00f1os con domicilio en Bragado. <\/p>\n\n\n\n<p>De acuerdo a las primeras informaciones, la camioneta habr\u00eda mordido la banquina y se cruza a la otra mano, donde colisiona con el cami\u00f3n que intent\u00f3 impedir el impacto y no lo logr\u00f3. El impacto fue del lado del acompa\u00f1ante de la camioneta, pero afect\u00f3 plenamente al veh\u00edculo. <\/p>\n\n\n\n<figure class=\"wp-block-image size-large\"><img loading=\"lazy\" decoding=\"async\" width=\"800\" height=\"450\" data-attachment-id=\"107308\" data-permalink=\"https:\/\/www.hoymercedes.com.ar\/principal\/10-siniestro-vial_800x450\/\" data-orig-file=\"https:\/\/www.hoymercedes.com.ar\/principal\/wp-content\/uploads\/2020\/03\/10-siniestro-vial_800x450.jpg\" data-orig-size=\"800,450\" data-comments-opened=\"0\" data-image-meta=\"{&quot;aperture&quot;:&quot;0&quot;,&quot;credit&quot;:&quot;&quot;,&quot;camera&quot;:&quot;&quot;,&quot;caption&quot;:&quot;&quot;,&quot;created_timestamp&quot;:&quot;0&quot;,&quot;copyright&quot;:&quot;&quot;,&quot;focal_length&quot;:&quot;0&quot;,&quot;iso&quot;:&quot;0&quot;,&quot;shutter_speed&quot;:&quot;0&quot;,&quot;title&quot;:&quot;&quot;,&quot;orientation&quot;:&quot;0&quot;}\" data-image-title=\"10 siniestro vial_800x450\" data-image-description=\"\" data-image-caption=\"&lt;p&gt;Fotograf\u00eda: TW Esteban Marcelo&lt;\/p&gt;\n\" data-large-file=\"https:\/\/www.hoymercedes.com.ar\/principal\/wp-content\/uploads\/2020\/03\/10-siniestro-vial_800x450.jpg\" src=\"https:\/\/www.hoymercedes.com.ar\/principal\/wp-content\/uploads\/2020\/03\/10-siniestro-vial_800x450.jpg\" alt=\"\" class=\"wp-image-107308\"\/><figcaption>Fotograf\u00eda: TW Esteban Marcelo<\/figcaption><\/figure>\n","protected":false},"excerpt":{"rendered":"<p>Tal como lo anticip\u00e1ramos, en la ma\u00f1ana de este martes se produjo un nuevo siniestro vial en el kil\u00f3metro 110 &#8230; <a title=\"Un hombre fallecido en el siniestro vial de Ruta 5\" class=\"read-more\" href=\"https:\/\/www.hoymercedes.com.ar\/principal\/2020\/03\/10\/un-hombre-fallecido-en-el-siniestro-vial-en-ruta-5\/\" aria-label=\"Leer m\u00e1s sobre Un hombre fallecido en el siniestro vial de Ruta 5\">Leer m\u00e1s<\/a><\/p>\n","protected":false},"author":1,"featured_media":107308,"comment_status":"closed","ping_status":"open","sticky":false,"template":"","format":"standard","meta":{"_monsterinsights_skip_tracking":false,"_monsterinsights_sitenote_active":false,"_monsterinsights_sitenote_note":"","_monsterinsights_sitenote_category":0,"jetpack_post_was_ever_published":false,"_jetpack_newsletter_access":"","_jetpack_dont_email_post_to_subs":false,"_jetpack_newsletter_tier_id":0,"_jetpack_memberships_contains_paywalled_content":false,"_jetpack_memberships_contains_paid_content":false,"footnotes":"","jetpack_publicize_message":"","jetpack_publicize_feature_enabled":true,"jetpack_social_post_already_shared":true,"jetpack_social_options":{"image_generator_settings":{"template":"highway","default_image_id":0,"font":"","enabled":false},"version":2},"_wpas_customize_per_network":false},"categories":[85],"tags":[11433,538,10395],"class_list":["post-107309","post","type-post","status-publish","format-standard","has-post-thumbnail","hentry","category-policial","tag-fallecido","tag-ruta-5","tag-siniestro-vial","generate-columns","tablet-grid-50","mobile-grid-100","grid-parent","grid-50"],"jetpack_publicize_connections":[],"jetpack_featured_media_url":"https:\/\/www.hoymercedes.com.ar\/principal\/wp-content\/uploads\/2020\/03\/10-siniestro-vial_800x450.jpg","wps_subtitle":"Durante la ma\u00f1ana del martes","jetpack_sharing_enabled":true,"_links":{"self":[{"href":"https:\/\/www.hoymercedes.com.ar\/principal\/wp-json\/wp\/v2\/posts\/107309","targetHints":{"allow":["GET"]}}],"collection":[{"href":"https:\/\/www.hoymercedes.com.ar\/principal\/wp-json\/wp\/v2\/posts"}],"about":[{"href":"https:\/\/www.hoymercedes.com.ar\/principal\/wp-json\/wp\/v2\/types\/post"}],"author":[{"embeddable":true,"href":"https:\/\/www.hoymercedes.com.ar\/principal\/wp-json\/wp\/v2\/users\/1"}],"replies":[{"embeddable":true,"href":"https:\/\/www.hoymercedes.com.ar\/principal\/wp-json\/wp\/v2\/comments?post=107309"}],"version-history":[{"count":0,"href":"https:\/\/www.hoymercedes.com.ar\/principal\/wp-json\/wp\/v2\/posts\/107309\/revisions"}],"wp:featuredmedia":[{"embeddable":true,"href":"https:\/\/www.hoymercedes.com.ar\/principal\/wp-json\/wp\/v2\/media\/107308"}],"wp:attachment":[{"href":"https:\/\/www.hoymercedes.com.ar\/principal\/wp-json\/wp\/v2\/media?parent=107309"}],"wp:term":[{"taxonomy":"category","embeddable":true,"href":"https:\/\/www.hoymercedes.com.ar\/principal\/wp-json\/wp\/v2\/categories?post=107309"},{"taxonomy":"post_tag","embeddable":true,"href":"https:\/\/www.hoymercedes.com.ar\/principal\/wp-json\/wp\/v2\/tags?post=107309"}],"curies":[{"name":"wp","href":"https:\/\/api.w.org\/{rel}","templated":true}]}}