{"id":10731,"date":"2012-02-06T12:08:18","date_gmt":"2012-02-06T12:08:18","guid":{"rendered":"http:\/\/www.hoymercedes.com.ar\/principal\/?p=10731"},"modified":"2012-02-06T12:08:18","modified_gmt":"2012-02-06T12:08:18","slug":"nueva-movilizacion-el-15-de-febrero-para-exigir-la-anulacion-de-la-ley-antiterrorista","status":"publish","type":"post","link":"https:\/\/www.hoymercedes.com.ar\/principal\/2012\/02\/06\/nueva-movilizacion-el-15-de-febrero-para-exigir-la-anulacion-de-la-ley-antiterrorista\/","title":{"rendered":"Nueva movilizaci\u00f3n el 15 de febrero para exigir la anulaci\u00f3n de la Ley Antiterrorista"},"content":{"rendered":"<p>En la tarde del mi\u00e9rcoles 1\u00ba de febrero, representantes de organizaciones sociales, de derechos humanos, movimientos territoriales y partidos pol\u00edticos, volvieron a reunirse en la sede nacional de la CTA donde decidieron convocar a una movilizaci\u00f3n para el 15 de febrero que partir\u00e1 de Avenida de Mayo y 9 de Julio para caminar hasta la hist\u00f3rica Plaza de la Victoria.<\/p>\n<p>El tema central de la nueva marcha es denunciar los atropellos que ya est\u00e1 causando la aplicaci\u00f3n de la Ley Antiterrorista en todo el pa\u00eds (habitantes de Catamarca, el pueblo entero de Famatina, los trabajadores de Kraft, por poner algunos ejemplos) y exigir su anulaci\u00f3n. \u201cEl a\u00f1o conflictivo que se viene ya se puso en vigencia en Catamarca y en La Rioja. Es lo m\u00e1s reaccionario del per\u00edodo democr\u00e1tico\u201d, dijo Salvador \u201cTuri\u201d Agliano, secretario general de la CTA de Tucum\u00e1n.<\/p>\n<p>Por su parte, Hugo Blasco, secretario de Derechos Humanos de la Central, agreg\u00f3 que la instalaci\u00f3n del tema no va a ser una tarea sencilla pero que todas las ideas ayudaban en la difusi\u00f3n.<\/p>\n<p>\u201cEsta pelea reci\u00e9n comienza y ser\u00e1 larga y dura por las caracter\u00edsticas del momento y del Gobierno. Me parece que debemos trabajar en c\u00f3mo llegar a explicar los alcances de esta ley que fue aprobada entre gallos y medianoche\u201d, expres\u00f3 Juan Carlos Alderete, de la Corriente Clasista y Combativa (CCC). A su lado, Amancay Ardura, tambi\u00e9n de la CCC, a\u00f1adi\u00f3: \u201csurge la necesidad de dar un salto cualitativo desde la marcha del 29 de diciembre. Hay que dar la se\u00f1al en todo el pa\u00eds\u201d.<\/p>\n<p>Otra de las cuestiones que se resolvieron en la reuni\u00f3n fue la decisi\u00f3n de que todos los abogados defensores puedan juntarse y poner en com\u00fan las causas y los procesos de sus defendidos. \u201cEl 2 de marzo nos juntaremos aqu\u00ed en la CTA, de 14 a 18 horas para caracterizar el sentido de la represi\u00f3n y para que las defensas sean comunes\u201d, explic\u00f3 Horacio Meguira, director del Observatorio Jur\u00eddico de la Central.<\/p>\n<p>\u201cTenemos que sumar artistas y personalidades de la cultura, hay que trabajar para juntar distintos \u00e1mbitos para que surjan medidas art\u00edsticas tambi\u00e9n\u201d, sum\u00f3 su voz Adri\u00e1n Ruiz, director de Derechos Humanos de la CTA nacional.<\/p>\n<p>La reuni\u00f3n finaliz\u00f3 con la firme decisi\u00f3n de marchar el martes 15 de febrero a las 17 horas a Plaza de Mayo donde se leer\u00e1 un documento conjunto exigiendo la anulaci\u00f3n de la Ley Antiterrorista que ya est\u00e1 causando estragos en los trabajadores de todo el pa\u00eds.<\/p>\n<p>Estuvieron presentes integrantes de Barrios de Pie, Proyecto Sur, PTS, PO, Liga Argentina por los Derechos del Hombre, Liberpueblo, Libres del Sur, Junta Interna ATE-INDEC, Buenos Aires para Todos. Adem\u00e1s de Hugo Blasco y Ricardo Peidro, secretario adjunto de la Central, estuvieron presentes Hugo \u201cCachorro\u201d Godoy, secretario adjunto de ATE Nacional, Lidia Meza, secretaria de Previsi\u00f3n Social de la CTA, M\u00f3nica Scandizzo y Carolina Ocar de la Junta Interna de ATE-INDEC.<\/p>\n<p><span style=\"color: #888888;\">Fuente: CTA<\/span><\/p>\n","protected":false},"excerpt":{"rendered":"<p>En la tarde del mi\u00e9rcoles 1\u00ba de febrero, representantes de organizaciones sociales, de derechos humanos, movimientos territoriales y partidos pol\u00edticos, &#8230; <a title=\"Nueva movilizaci\u00f3n el 15 de febrero para exigir la anulaci\u00f3n de la Ley Antiterrorista\" class=\"read-more\" href=\"https:\/\/www.hoymercedes.com.ar\/principal\/2012\/02\/06\/nueva-movilizacion-el-15-de-febrero-para-exigir-la-anulacion-de-la-ley-antiterrorista\/\" aria-label=\"Leer m\u00e1s sobre Nueva movilizaci\u00f3n el 15 de febrero para exigir la anulaci\u00f3n de la Ley Antiterrorista\">Leer m\u00e1s<\/a><\/p>\n","protected":false},"author":1,"featured_media":0,"comment_status":"open","ping_status":"open","sticky":false,"template":"","format":"standard","meta":{"_monsterinsights_skip_tracking":false,"_monsterinsights_sitenote_active":false,"_monsterinsights_sitenote_note":"","_monsterinsights_sitenote_category":0,"jetpack_post_was_ever_published":false,"_jetpack_newsletter_access":"","_jetpack_dont_email_post_to_subs":false,"_jetpack_newsletter_tier_id":0,"_jetpack_memberships_contains_paywalled_content":false,"_jetpack_memberships_contains_paid_content":false,"footnotes":"","jetpack_publicize_message":"","jetpack_publicize_feature_enabled":true,"jetpack_social_post_already_shared":false,"jetpack_social_options":{"image_generator_settings":{"template":"highway","default_image_id":0,"font":"","enabled":false},"version":2},"_wpas_customize_per_network":false},"categories":[8],"tags":[1843,1825],"class_list":["post-10731","post","type-post","status-publish","format-standard","hentry","category-sociedad","tag-cts","tag-ley-antiterrorista","generate-columns","tablet-grid-50","mobile-grid-100","grid-parent","grid-50"],"jetpack_publicize_connections":[],"jetpack_featured_media_url":"","wps_subtitle":"","jetpack_sharing_enabled":true,"_links":{"self":[{"href":"https:\/\/www.hoymercedes.com.ar\/principal\/wp-json\/wp\/v2\/posts\/10731","targetHints":{"allow":["GET"]}}],"collection":[{"href":"https:\/\/www.hoymercedes.com.ar\/principal\/wp-json\/wp\/v2\/posts"}],"about":[{"href":"https:\/\/www.hoymercedes.com.ar\/principal\/wp-json\/wp\/v2\/types\/post"}],"author":[{"embeddable":true,"href":"https:\/\/www.hoymercedes.com.ar\/principal\/wp-json\/wp\/v2\/users\/1"}],"replies":[{"embeddable":true,"href":"https:\/\/www.hoymercedes.com.ar\/principal\/wp-json\/wp\/v2\/comments?post=10731"}],"version-history":[{"count":0,"href":"https:\/\/www.hoymercedes.com.ar\/principal\/wp-json\/wp\/v2\/posts\/10731\/revisions"}],"wp:attachment":[{"href":"https:\/\/www.hoymercedes.com.ar\/principal\/wp-json\/wp\/v2\/media?parent=10731"}],"wp:term":[{"taxonomy":"category","embeddable":true,"href":"https:\/\/www.hoymercedes.com.ar\/principal\/wp-json\/wp\/v2\/categories?post=10731"},{"taxonomy":"post_tag","embeddable":true,"href":"https:\/\/www.hoymercedes.com.ar\/principal\/wp-json\/wp\/v2\/tags?post=10731"}],"curies":[{"name":"wp","href":"https:\/\/api.w.org\/{rel}","templated":true}]}}