{"id":107334,"date":"2020-03-10T16:05:00","date_gmt":"2020-03-10T19:05:00","guid":{"rendered":"http:\/\/www.hoymercedes.com.ar\/principal\/?p=107334"},"modified":"2020-03-10T16:07:30","modified_gmt":"2020-03-10T19:07:30","slug":"mariano-elizondo-renuncio-a-la-presidencia-de-la-superliga","status":"publish","type":"post","link":"https:\/\/www.hoymercedes.com.ar\/principal\/2020\/03\/10\/mariano-elizondo-renuncio-a-la-presidencia-de-la-superliga\/","title":{"rendered":"Mariano Elizondo renunci\u00f3 a la presidencia de la Superliga"},"content":{"rendered":"\n<p>El mercedino Mariano Elizondo present\u00f3 su renuncia a la Presidencia de la Superliga de F\u00fatbol. De acuerdo a la carta p\u00fablica, Elizondo resalt\u00f3 su \u00abrenuncia indeclinable\u00bb al cargo asumido en 2017. La noticia se supo tras la decisi\u00f3n de la AFA de volver a ser la instituci\u00f3n que controle el campeonato local.<\/p>\n\n\n\n<p>La renuncia se da a conocer despu\u00e9s de que los dirigentes reunidos en AFA hayan confirmado que iban a pedir que se disuelva la entidad para volver ellos a manejar el f\u00fatbol de Primera Divisi\u00f3n. <\/p>\n\n\n\n<p>A continuaci\u00f3n, la carta de renuncia dada a conocer en las primeras horas de la tarde de este martes. <\/p>\n\n\n\n<figure class=\"wp-block-image size-large\"><img loading=\"lazy\" decoding=\"async\" width=\"720\" height=\"993\" data-attachment-id=\"107335\" data-permalink=\"https:\/\/www.hoymercedes.com.ar\/principal\/2020\/03\/10\/mariano-elizondo-renuncio-a-la-presidencia-de-la-superliga\/img-20200310-wa0018\/#main\" data-orig-file=\"https:\/\/www.hoymercedes.com.ar\/principal\/wp-content\/uploads\/2020\/03\/IMG-20200310-WA0018.jpg\" data-orig-size=\"720,993\" data-comments-opened=\"0\" data-image-meta=\"{&quot;aperture&quot;:&quot;0&quot;,&quot;credit&quot;:&quot;&quot;,&quot;camera&quot;:&quot;&quot;,&quot;caption&quot;:&quot;&quot;,&quot;created_timestamp&quot;:&quot;0&quot;,&quot;copyright&quot;:&quot;&quot;,&quot;focal_length&quot;:&quot;0&quot;,&quot;iso&quot;:&quot;0&quot;,&quot;shutter_speed&quot;:&quot;0&quot;,&quot;title&quot;:&quot;&quot;,&quot;orientation&quot;:&quot;0&quot;}\" data-image-title=\"IMG-20200310-WA0018\" data-image-description=\"\" data-image-caption=\"\" data-large-file=\"https:\/\/www.hoymercedes.com.ar\/principal\/wp-content\/uploads\/2020\/03\/IMG-20200310-WA0018.jpg\" src=\"https:\/\/www.hoymercedes.com.ar\/principal\/wp-content\/uploads\/2020\/03\/IMG-20200310-WA0018.jpg\" alt=\"\" class=\"wp-image-107335\"\/><\/figure>\n","protected":false},"excerpt":{"rendered":"<p>El mercedino Mariano Elizondo present\u00f3 su renuncia a la Presidencia de la Superliga de F\u00fatbol. De acuerdo a la carta &#8230; <a title=\"Mariano Elizondo renunci\u00f3 a la presidencia de la Superliga\" class=\"read-more\" href=\"https:\/\/www.hoymercedes.com.ar\/principal\/2020\/03\/10\/mariano-elizondo-renuncio-a-la-presidencia-de-la-superliga\/\" aria-label=\"Leer m\u00e1s sobre Mariano Elizondo renunci\u00f3 a la presidencia de la Superliga\">Leer m\u00e1s<\/a><\/p>\n","protected":false},"author":1,"featured_media":107336,"comment_status":"closed","ping_status":"open","sticky":false,"template":"","format":"standard","meta":{"_monsterinsights_skip_tracking":false,"_monsterinsights_sitenote_active":false,"_monsterinsights_sitenote_note":"","_monsterinsights_sitenote_category":0,"jetpack_post_was_ever_published":false,"_jetpack_newsletter_access":"","_jetpack_dont_email_post_to_subs":false,"_jetpack_newsletter_tier_id":0,"_jetpack_memberships_contains_paywalled_content":false,"_jetpack_memberships_contains_paid_content":false,"footnotes":"","jetpack_publicize_message":"","jetpack_publicize_feature_enabled":true,"jetpack_social_post_already_shared":true,"jetpack_social_options":{"image_generator_settings":{"template":"highway","default_image_id":0,"font":"","enabled":false},"version":2},"_wpas_customize_per_network":false},"categories":[21],"tags":[5371,4737,14212],"class_list":["post-107334","post","type-post","status-publish","format-standard","has-post-thumbnail","hentry","category-deportes","tag-afa","tag-mariano-elizondo","tag-superliga","generate-columns","tablet-grid-50","mobile-grid-100","grid-parent","grid-50"],"jetpack_publicize_connections":[],"jetpack_featured_media_url":"https:\/\/www.hoymercedes.com.ar\/principal\/wp-content\/uploads\/2020\/03\/IMG-20200310-WA0019.jpg","wps_subtitle":"F\u00fatbol de primera","jetpack_sharing_enabled":true,"_links":{"self":[{"href":"https:\/\/www.hoymercedes.com.ar\/principal\/wp-json\/wp\/v2\/posts\/107334","targetHints":{"allow":["GET"]}}],"collection":[{"href":"https:\/\/www.hoymercedes.com.ar\/principal\/wp-json\/wp\/v2\/posts"}],"about":[{"href":"https:\/\/www.hoymercedes.com.ar\/principal\/wp-json\/wp\/v2\/types\/post"}],"author":[{"embeddable":true,"href":"https:\/\/www.hoymercedes.com.ar\/principal\/wp-json\/wp\/v2\/users\/1"}],"replies":[{"embeddable":true,"href":"https:\/\/www.hoymercedes.com.ar\/principal\/wp-json\/wp\/v2\/comments?post=107334"}],"version-history":[{"count":0,"href":"https:\/\/www.hoymercedes.com.ar\/principal\/wp-json\/wp\/v2\/posts\/107334\/revisions"}],"wp:featuredmedia":[{"embeddable":true,"href":"https:\/\/www.hoymercedes.com.ar\/principal\/wp-json\/wp\/v2\/media\/107336"}],"wp:attachment":[{"href":"https:\/\/www.hoymercedes.com.ar\/principal\/wp-json\/wp\/v2\/media?parent=107334"}],"wp:term":[{"taxonomy":"category","embeddable":true,"href":"https:\/\/www.hoymercedes.com.ar\/principal\/wp-json\/wp\/v2\/categories?post=107334"},{"taxonomy":"post_tag","embeddable":true,"href":"https:\/\/www.hoymercedes.com.ar\/principal\/wp-json\/wp\/v2\/tags?post=107334"}],"curies":[{"name":"wp","href":"https:\/\/api.w.org\/{rel}","templated":true}]}}