{"id":107339,"date":"2020-03-10T15:48:21","date_gmt":"2020-03-10T18:48:21","guid":{"rendered":"http:\/\/www.hoymercedes.com.ar\/principal\/?p=107339"},"modified":"2020-03-10T16:10:47","modified_gmt":"2020-03-10T19:10:47","slug":"ante-rumores-circulante-osvaldo-antonio-botta-aclara-que-el-no-es-la-victima-del-siniestro-vial","status":"publish","type":"post","link":"https:\/\/www.hoymercedes.com.ar\/principal\/2020\/03\/10\/ante-rumores-circulante-osvaldo-antonio-botta-aclara-que-el-no-es-la-victima-del-siniestro-vial\/","title":{"rendered":"Ante rumores circulante: Osvaldo Antonio Botta aclara que \u00e9l no es la v\u00edctima del siniestro vial"},"content":{"rendered":"\n<p>Tras el siniestro vial ocurrido en la ma\u00f1ana de este martes y al conocerse que la v\u00edctima fatal de Suipacha es Osvaldo Hugo Botta; el titular de la Inmobiliaria Botta de Mercedes, Osvaldo Antonio Botta, public\u00f3 en sus redes sociales una aclaraci\u00f3n en respuesta a los cientos de mensajes y rumores que circularon en la ciudad. Aprovech\u00f3 la oportunidad para brindar sus condolencias a las familia del hombre de 60 a\u00f1os fallecido, hom\u00f3nimo del martillero p\u00fablico. <\/p>\n\n\n\n<p>A continuaci\u00f3n, la comunicaci\u00f3n oficial del martillero y corredor p\u00fablico: <\/p>\n\n\n\n<p>\u00abA ra\u00edz del lamentable y tr\u00e1gico accidente ocurrido en mi querida ciudad de Mercedes, provincia de Buenos Aires; me veo en la obligaci\u00f3n de sacar este comunicado para informar que me encuentro en excelente estado de salud y no me vi involucrado en ning\u00fan accidente automovil\u00edstico.<br>En estos momentos estoy realizando mis tareas en la provincia de La Pampa, cumpliendo con mi deber en mis oficinas.<br>Desde nuestra empresa enviamos condolencias a la familia del se\u00f1or que perdi\u00f3 la vida en dicho accidente y despejamos cualquier duda que ustedes, queridos clientes, puedan tener.<br>Saludos cordiales<br>OSVALDO ANTONIO BOTTA<br>Martillero y corredor p\u00fablico<br>Mat 2981 provincia de Buenos Aires<br>Mat 671 provincia de La Pampa<\/p>\n","protected":false},"excerpt":{"rendered":"<p>Tras el siniestro vial ocurrido en la ma\u00f1ana de este martes y al conocerse que la v\u00edctima fatal de Suipacha &#8230; <a title=\"Ante rumores circulante: Osvaldo Antonio Botta aclara que \u00e9l no es la v\u00edctima del siniestro vial\" class=\"read-more\" href=\"https:\/\/www.hoymercedes.com.ar\/principal\/2020\/03\/10\/ante-rumores-circulante-osvaldo-antonio-botta-aclara-que-el-no-es-la-victima-del-siniestro-vial\/\" aria-label=\"Leer m\u00e1s sobre Ante rumores circulante: Osvaldo Antonio Botta aclara que \u00e9l no es la v\u00edctima del siniestro vial\">Leer m\u00e1s<\/a><\/p>\n","protected":false},"author":1,"featured_media":107340,"comment_status":"closed","ping_status":"open","sticky":false,"template":"","format":"standard","meta":{"_monsterinsights_skip_tracking":false,"_monsterinsights_sitenote_active":false,"_monsterinsights_sitenote_note":"","_monsterinsights_sitenote_category":0,"jetpack_post_was_ever_published":false,"_jetpack_newsletter_access":"","_jetpack_dont_email_post_to_subs":false,"_jetpack_newsletter_tier_id":0,"_jetpack_memberships_contains_paywalled_content":false,"_jetpack_memberships_contains_paid_content":false,"footnotes":"","jetpack_publicize_message":"","jetpack_publicize_feature_enabled":true,"jetpack_social_post_already_shared":true,"jetpack_social_options":{"image_generator_settings":{"template":"highway","default_image_id":0,"font":"","enabled":false},"version":2},"_wpas_customize_per_network":false},"categories":[8],"tags":[16284,3457,538,10395],"class_list":["post-107339","post","type-post","status-publish","format-standard","has-post-thumbnail","hentry","category-sociedad","tag-osvaldo-antonio-botta","tag-policiales","tag-ruta-5","tag-siniestro-vial","generate-columns","tablet-grid-50","mobile-grid-100","grid-parent","grid-50"],"jetpack_publicize_connections":[],"jetpack_featured_media_url":"https:\/\/www.hoymercedes.com.ar\/principal\/wp-content\/uploads\/2020\/03\/10-Osvaldo-Botta.jpg","wps_subtitle":"","jetpack_sharing_enabled":true,"_links":{"self":[{"href":"https:\/\/www.hoymercedes.com.ar\/principal\/wp-json\/wp\/v2\/posts\/107339","targetHints":{"allow":["GET"]}}],"collection":[{"href":"https:\/\/www.hoymercedes.com.ar\/principal\/wp-json\/wp\/v2\/posts"}],"about":[{"href":"https:\/\/www.hoymercedes.com.ar\/principal\/wp-json\/wp\/v2\/types\/post"}],"author":[{"embeddable":true,"href":"https:\/\/www.hoymercedes.com.ar\/principal\/wp-json\/wp\/v2\/users\/1"}],"replies":[{"embeddable":true,"href":"https:\/\/www.hoymercedes.com.ar\/principal\/wp-json\/wp\/v2\/comments?post=107339"}],"version-history":[{"count":0,"href":"https:\/\/www.hoymercedes.com.ar\/principal\/wp-json\/wp\/v2\/posts\/107339\/revisions"}],"wp:featuredmedia":[{"embeddable":true,"href":"https:\/\/www.hoymercedes.com.ar\/principal\/wp-json\/wp\/v2\/media\/107340"}],"wp:attachment":[{"href":"https:\/\/www.hoymercedes.com.ar\/principal\/wp-json\/wp\/v2\/media?parent=107339"}],"wp:term":[{"taxonomy":"category","embeddable":true,"href":"https:\/\/www.hoymercedes.com.ar\/principal\/wp-json\/wp\/v2\/categories?post=107339"},{"taxonomy":"post_tag","embeddable":true,"href":"https:\/\/www.hoymercedes.com.ar\/principal\/wp-json\/wp\/v2\/tags?post=107339"}],"curies":[{"name":"wp","href":"https:\/\/api.w.org\/{rel}","templated":true}]}}