{"id":107357,"date":"2020-03-11T09:24:00","date_gmt":"2020-03-11T12:24:00","guid":{"rendered":"http:\/\/www.hoymercedes.com.ar\/principal\/?p=107357"},"modified":"2020-03-12T10:25:14","modified_gmt":"2020-03-12T13:25:14","slug":"en-agote-hubo-capactiacion-del-programa-prohuerta","status":"publish","type":"post","link":"https:\/\/www.hoymercedes.com.ar\/principal\/2020\/03\/11\/en-agote-hubo-capactiacion-del-programa-prohuerta\/","title":{"rendered":"En Agote hubo capacitaci\u00f3n del Programa ProHuerta"},"content":{"rendered":"\n<p>Los equipos de la Huerta comunitaria del Caps Agote, Centro de D\u00eda y el programa Envi\u00f3n participaron de una capacitaci\u00f3n llevada adelante por el INTA, a trav\u00e9s del programa ProHuerta. El objetivo es el de promover la participaci\u00f3n comunitaria en la producci\u00f3n de alimentos, mejorar y diversificar la alimentaci\u00f3n de las familias, escuelas, instituciones y organizaciones de la comunidad. <\/p>\n\n\n\n<figure class=\"wp-block-image size-large\"><img loading=\"lazy\" decoding=\"async\" width=\"800\" height=\"389\" data-attachment-id=\"107359\" data-permalink=\"https:\/\/www.hoymercedes.com.ar\/principal\/2020\/03\/11\/en-agote-hubo-capactiacion-del-programa-prohuerta\/11-prohuerta-agote-2\/#main\" data-orig-file=\"https:\/\/www.hoymercedes.com.ar\/principal\/wp-content\/uploads\/2020\/03\/11-Prohuerta-Agote-2.jpeg\" data-orig-size=\"800,389\" data-comments-opened=\"0\" data-image-meta=\"{&quot;aperture&quot;:&quot;0&quot;,&quot;credit&quot;:&quot;&quot;,&quot;camera&quot;:&quot;&quot;,&quot;caption&quot;:&quot;&quot;,&quot;created_timestamp&quot;:&quot;0&quot;,&quot;copyright&quot;:&quot;&quot;,&quot;focal_length&quot;:&quot;0&quot;,&quot;iso&quot;:&quot;0&quot;,&quot;shutter_speed&quot;:&quot;0&quot;,&quot;title&quot;:&quot;&quot;,&quot;orientation&quot;:&quot;0&quot;}\" data-image-title=\"11 Prohuerta Agote 2\" data-image-description=\"\" data-image-caption=\"\" data-large-file=\"https:\/\/www.hoymercedes.com.ar\/principal\/wp-content\/uploads\/2020\/03\/11-Prohuerta-Agote-2.jpeg\" src=\"https:\/\/www.hoymercedes.com.ar\/principal\/wp-content\/uploads\/2020\/03\/11-Prohuerta-Agote-2.jpeg\" alt=\"\" class=\"wp-image-107359\"\/><\/figure>\n\n\n\n<p>Adem\u00e1s de entregar semillas de manera gratuita para su plantaci\u00f3n, el proyecto gira en torno a la capacitaci\u00f3n, brindando herramientas para el aprendizaje. Es un programa de pol\u00edticas p\u00fablicas que promueve las pr\u00e1cticas productivas agroecol\u00f3gicas para el autoabastecimiento, la educaci\u00f3n alimentaria, la promoci\u00f3n de ferias y mercados alternativos con una mirada inclusiva de las familias productoras.<\/p>\n\n\n\n<p>Estas herramientas de aprendizaje y producci\u00f3n son llevadas adelante por el Instituto Nacional de Tecnolog\u00eda Agropecuaria del Ministerio de Agricultura, Ganader\u00eda y Pesca de la Naci\u00f3n y el Ministerio de Desarrollo Social de la Naci\u00f3n a trav\u00e9s del Plan Nacional de Seguridad Alimentaria, que permite realizar un abordaje integral de las diferentes realidades que plantea nuestro vasto territorio argentino. Participa de la coordinaci\u00f3n de los talleres y distribuci\u00f3n de semillas, el \u00e1rea de Producci\u00f3n del Municipio de Mercedes<\/p>\n","protected":false},"excerpt":{"rendered":"<p>Los equipos de la Huerta comunitaria del Caps Agote, Centro de D\u00eda y el programa Envi\u00f3n participaron de una capacitaci\u00f3n &#8230; <a title=\"En Agote hubo capacitaci\u00f3n del Programa ProHuerta\" class=\"read-more\" href=\"https:\/\/www.hoymercedes.com.ar\/principal\/2020\/03\/11\/en-agote-hubo-capactiacion-del-programa-prohuerta\/\" aria-label=\"Leer m\u00e1s sobre En Agote hubo capacitaci\u00f3n del Programa ProHuerta\">Leer m\u00e1s<\/a><\/p>\n","protected":false},"author":1,"featured_media":107358,"comment_status":"closed","ping_status":"open","sticky":false,"template":"","format":"standard","meta":{"_monsterinsights_skip_tracking":false,"_monsterinsights_sitenote_active":false,"_monsterinsights_sitenote_note":"","_monsterinsights_sitenote_category":0,"jetpack_post_was_ever_published":false,"_jetpack_newsletter_access":"","_jetpack_dont_email_post_to_subs":false,"_jetpack_newsletter_tier_id":0,"_jetpack_memberships_contains_paywalled_content":false,"_jetpack_memberships_contains_paid_content":false,"footnotes":"","jetpack_publicize_message":"","jetpack_publicize_feature_enabled":true,"jetpack_social_post_already_shared":true,"jetpack_social_options":{"image_generator_settings":{"template":"highway","default_image_id":0,"font":"","enabled":false},"version":2},"_wpas_customize_per_network":false},"categories":[30],"tags":[1981,8656,16291],"class_list":["post-107357","post","type-post","status-publish","format-standard","has-post-thumbnail","hentry","category-municipio","tag-agote","tag-capacitacion","tag-programa-prohuerta","generate-columns","tablet-grid-50","mobile-grid-100","grid-parent","grid-50"],"jetpack_publicize_connections":[],"jetpack_featured_media_url":"https:\/\/www.hoymercedes.com.ar\/principal\/wp-content\/uploads\/2020\/03\/11-Prohuerta-Agote-1.jpeg","wps_subtitle":"","jetpack_sharing_enabled":true,"_links":{"self":[{"href":"https:\/\/www.hoymercedes.com.ar\/principal\/wp-json\/wp\/v2\/posts\/107357","targetHints":{"allow":["GET"]}}],"collection":[{"href":"https:\/\/www.hoymercedes.com.ar\/principal\/wp-json\/wp\/v2\/posts"}],"about":[{"href":"https:\/\/www.hoymercedes.com.ar\/principal\/wp-json\/wp\/v2\/types\/post"}],"author":[{"embeddable":true,"href":"https:\/\/www.hoymercedes.com.ar\/principal\/wp-json\/wp\/v2\/users\/1"}],"replies":[{"embeddable":true,"href":"https:\/\/www.hoymercedes.com.ar\/principal\/wp-json\/wp\/v2\/comments?post=107357"}],"version-history":[{"count":0,"href":"https:\/\/www.hoymercedes.com.ar\/principal\/wp-json\/wp\/v2\/posts\/107357\/revisions"}],"wp:featuredmedia":[{"embeddable":true,"href":"https:\/\/www.hoymercedes.com.ar\/principal\/wp-json\/wp\/v2\/media\/107358"}],"wp:attachment":[{"href":"https:\/\/www.hoymercedes.com.ar\/principal\/wp-json\/wp\/v2\/media?parent=107357"}],"wp:term":[{"taxonomy":"category","embeddable":true,"href":"https:\/\/www.hoymercedes.com.ar\/principal\/wp-json\/wp\/v2\/categories?post=107357"},{"taxonomy":"post_tag","embeddable":true,"href":"https:\/\/www.hoymercedes.com.ar\/principal\/wp-json\/wp\/v2\/tags?post=107357"}],"curies":[{"name":"wp","href":"https:\/\/api.w.org\/{rel}","templated":true}]}}