{"id":10736,"date":"2012-02-06T12:28:15","date_gmt":"2012-02-06T12:28:15","guid":{"rendered":"http:\/\/www.hoymercedes.com.ar\/principal\/?p=10736"},"modified":"2012-02-06T12:28:15","modified_gmt":"2012-02-06T12:28:15","slug":"clarin-vuelve-a-ocuparse-de-wado-y-juani-en-nota-sobre-la-campora","status":"publish","type":"post","link":"https:\/\/www.hoymercedes.com.ar\/principal\/2012\/02\/06\/clarin-vuelve-a-ocuparse-de-wado-y-juani-en-nota-sobre-la-campora\/","title":{"rendered":"Clar\u00edn vuelve a ocuparse de Wado y Juani en nota sobre La C\u00e1mpora"},"content":{"rendered":"<p>La cuesti\u00f3n \u00abLa C\u00e1mpora\u00bb parece seguir siendo de vital importancia. En una campa\u00f1a que claramente busca mantener en la sociedad una serie de cuestiones en pos de crear una determinada imagen de la agrupaci\u00f3n pol\u00edtica el pasado s\u00e1bado hizo un relevamiento de quienes son sus conductores y quienes tienen familiares insertos dentro de los planteles laborales del Estado<\/p>\n<p>Al hablar de De Pedro lo hacen diciendo que tiene una \u00abbuena relaci\u00f3n con la presidenta\u00bb y luego mencionan datos que los mercedinos conocemos, pero, que ac\u00e1 le dan un tinte pol\u00edtico en un tomo m\u00e1s que particular.<\/p>\n<p>El fragmento es el siguiente:<\/p>\n<p><em>\u00abLa buena relaci\u00f3n que tiene la Presidenta con el diputado Eduardo de Pedro se not\u00f3 cuando desde el Gobierno apoyaron el a\u00f1o pasado la candidatura de su primo Juan Ignacio Ustarroz como intendente de Mercedes, lugar en el que ambos crecieron. \u201cJuani\u201d perdi\u00f3 las elecciones pero seguir\u00e1 acompa\u00f1ando al proyecto al frente de la ANSeS de Mercedes. Adem\u00e1s, su hermano, Ger\u00f3nimo Ustarroz , trabaja en el Ministerio de Justicia y asesora a \u201cWado\u201d en el Congreso.<\/em><\/p>\n<p><em>Los familiares del diputado De Pedro acompa\u00f1an el proyecto kirchnerista desde distintos \u00e1mbitos.<\/em><\/p>\n<p><em>Su t\u00edo Alberto Espa\u00f1a es uno de los flamantes diputados bonaerenses y su t\u00eda, Silvia R\u00e9vora , est\u00e1 a cargo de la Subsecretaria de Planificaci\u00f3n y Pol\u00edtica Ambiental en la cartera de Ambiente\u00bb, <\/em>Dice Clar\u00edn<\/p>\n<p>Tambi\u00e9n se dan cuenta de otras personalidades como ser Ottavis, Larroque, M\u00e1ximo Kirchner, entre otros.<\/p>\n<p>La nota completa:\u00a0<a href=\"http:\/\/www.clarin.com\/politica\/Campora-trama-politico-familiar_0_640735992.html\" target=\"_blank\" rel=\"noopener\">http:\/\/www.clarin.com\/politica\/Campora-trama-politico-familiar_0_640735992.html<\/a><\/p>\n<p>&nbsp;<\/p>\n","protected":false},"excerpt":{"rendered":"<p>La cuesti\u00f3n \u00abLa C\u00e1mpora\u00bb parece seguir siendo de vital importancia. En una campa\u00f1a que claramente busca mantener en la sociedad &#8230; <a title=\"Clar\u00edn vuelve a ocuparse de Wado y Juani en nota sobre La C\u00e1mpora\" class=\"read-more\" href=\"https:\/\/www.hoymercedes.com.ar\/principal\/2012\/02\/06\/clarin-vuelve-a-ocuparse-de-wado-y-juani-en-nota-sobre-la-campora\/\" aria-label=\"Leer m\u00e1s sobre Clar\u00edn vuelve a ocuparse de Wado y Juani en nota sobre La C\u00e1mpora\">Leer m\u00e1s<\/a><\/p>\n","protected":false},"author":1,"featured_media":0,"comment_status":"open","ping_status":"open","sticky":false,"template":"","format":"standard","meta":{"_monsterinsights_skip_tracking":false,"_monsterinsights_sitenote_active":false,"_monsterinsights_sitenote_note":"","_monsterinsights_sitenote_category":0,"jetpack_post_was_ever_published":false,"_jetpack_newsletter_access":"","_jetpack_dont_email_post_to_subs":false,"_jetpack_newsletter_tier_id":0,"_jetpack_memberships_contains_paywalled_content":false,"_jetpack_memberships_contains_paid_content":false,"footnotes":"","jetpack_publicize_message":"","jetpack_publicize_feature_enabled":true,"jetpack_social_post_already_shared":false,"jetpack_social_options":{"image_generator_settings":{"template":"highway","default_image_id":0,"font":"","enabled":false},"version":2},"_wpas_customize_per_network":false},"categories":[5],"tags":[281],"class_list":["post-10736","post","type-post","status-publish","format-standard","hentry","category-politica","tag-wado-de-pedro","generate-columns","tablet-grid-50","mobile-grid-100","grid-parent","grid-50"],"jetpack_publicize_connections":[],"jetpack_featured_media_url":"","wps_subtitle":"","jetpack_sharing_enabled":true,"_links":{"self":[{"href":"https:\/\/www.hoymercedes.com.ar\/principal\/wp-json\/wp\/v2\/posts\/10736","targetHints":{"allow":["GET"]}}],"collection":[{"href":"https:\/\/www.hoymercedes.com.ar\/principal\/wp-json\/wp\/v2\/posts"}],"about":[{"href":"https:\/\/www.hoymercedes.com.ar\/principal\/wp-json\/wp\/v2\/types\/post"}],"author":[{"embeddable":true,"href":"https:\/\/www.hoymercedes.com.ar\/principal\/wp-json\/wp\/v2\/users\/1"}],"replies":[{"embeddable":true,"href":"https:\/\/www.hoymercedes.com.ar\/principal\/wp-json\/wp\/v2\/comments?post=10736"}],"version-history":[{"count":0,"href":"https:\/\/www.hoymercedes.com.ar\/principal\/wp-json\/wp\/v2\/posts\/10736\/revisions"}],"wp:attachment":[{"href":"https:\/\/www.hoymercedes.com.ar\/principal\/wp-json\/wp\/v2\/media?parent=10736"}],"wp:term":[{"taxonomy":"category","embeddable":true,"href":"https:\/\/www.hoymercedes.com.ar\/principal\/wp-json\/wp\/v2\/categories?post=10736"},{"taxonomy":"post_tag","embeddable":true,"href":"https:\/\/www.hoymercedes.com.ar\/principal\/wp-json\/wp\/v2\/tags?post=10736"}],"curies":[{"name":"wp","href":"https:\/\/api.w.org\/{rel}","templated":true}]}}